{"id":50373,"date":"2025-01-14T11:09:27","date_gmt":"2025-01-14T11:09:27","guid":{"rendered":"https:\/\/dekkbi.com\/?p=50373"},"modified":"2025-01-14T11:09:29","modified_gmt":"2025-01-14T11:09:29","slug":"rencontre-entre-le-president-diomaye-faye-et-le-general-abdel-fatah-al-burkhan-le-senegal-sengage-a-accompagner-le-soudan-dans-un-processus-de-paix-durable","status":"publish","type":"post","link":"https:\/\/dekkbi.com\/?p=50373","title":{"rendered":"Rencontre entre le Pr\u00e9sident Diomaye Faye et le G\u00e9n\u00e9ral Abdel Fatah Al Burkhan : le S\u00e9n\u00e9gal s&rsquo;engage \u00e0 accompagner le Soudan dans un processus de paix durable"},"content":{"rendered":"\n<p>Dans la perspective de restaurer la paix durable et l&rsquo;unit\u00e9 africaine, les autorit\u00e9s s\u00e9n\u00e9galaises se sont toujours engag\u00e9es dans ce chantier parfois p\u00e9rilleux et difficile. Ce lundi 13 janvier 2025, Son Excellence le Pr\u00e9sident Bassirou Diomaye Faye a accueilli au palais de la R\u00e9publique, le G\u00e9n\u00e9ral Abdel Fatah Al Burkhan, pr\u00e9sident de la transition au Soudan.&nbsp;<\/p>\n\n\n\n<p>Cette visite de courtoisie t\u00e9moigne des relations fraternelles entre le S\u00e9n\u00e9gal et le Soudan, deux nations unies par des liens historiques et une volont\u00e9 commune de promouvoir la paix.<\/p>\n\n\n\n<p>Lors de cette rencontre, les deux dirigeants ont \u00e9chang\u00e9 sur la situation politique et s\u00e9curitaire critique au Soudan. Le pays est actuellement en proie \u00e0 des conflits arm\u00e9s entre diff\u00e9rentes factions, mena\u00e7ant gravement la stabilit\u00e9 r\u00e9gionale. Le Pr\u00e9sident Diomaye Faye a exprim\u00e9 sa solidarit\u00e9 envers le peuple soudanais et son soutien ind\u00e9fectible aux efforts visant \u00e0 r\u00e9tablir la paix.<\/p>\n\n\n\n<p>Le Chef de l\u2019\u00c9tat s\u00e9n\u00e9galais a soulign\u00e9 l\u2019importance du dialogue et de la concertation entre les parties en conflit, les consid\u00e9rant comme les seules solutions viables pour parvenir \u00e0 une paix durable. Le S\u00e9n\u00e9gal, fort de son exp\u00e9rience dans la m\u00e9diation et la r\u00e9solution pacifique des conflits, se tient pr\u00eat \u00e0 accompagner le Soudan dans ce processus.<\/p>\n\n\n\n<p>Cette rencontre illustre l&rsquo;engagement du S\u00e9n\u00e9gal sur la sc\u00e8ne internationale pour la paix et la s\u00e9curit\u00e9. En renouvelant son soutien au peuple soudanais, le Pr\u00e9sident Diomaye Faye renforce la position du S\u00e9n\u00e9gal en tant qu&rsquo;acteur cl\u00e9 de la diplomatie africaine.<\/p>\n\n\n\n<p>La visite du G\u00e9n\u00e9ral Al Burkhan marque ainsi un moment crucial dans les relations entre Dakar et Khartoum, ouvrant la voie \u00e0 des initiatives concert\u00e9es pour stabiliser la r\u00e9gion et promouvoir le d\u00e9veloppement durable.<\/p>\n\n\n\n<p>SOURCE DAKARACTU<\/p>\n","protected":false},"excerpt":{"rendered":"<p>Dans la perspective de restaurer la paix durable et l&rsquo;unit\u00e9 africaine, les autorit\u00e9s s\u00e9n\u00e9galaises se sont toujours engag\u00e9es dans ce<\/p>\n","protected":false},"author":1,"featured_media":50374,"comment_status":"open","ping_status":"open","sticky":false,"template":"","format":"standard","meta":{"footnotes":""},"categories":[6],"tags":[],"class_list":["post-50373","post","type-post","status-publish","format-standard","has-post-thumbnail","hentry","category-politics"],"_links":{"self":[{"href":"https:\/\/dekkbi.com\/index.php?rest_route=\/wp\/v2\/posts\/50373","targetHints":{"allow":["GET"]}}],"collection":[{"href":"https:\/\/dekkbi.com\/index.php?rest_route=\/wp\/v2\/posts"}],"about":[{"href":"https:\/\/dekkbi.com\/index.php?rest_route=\/wp\/v2\/types\/post"}],"author":[{"embeddable":true,"href":"https:\/\/dekkbi.com\/index.php?rest_route=\/wp\/v2\/users\/1"}],"replies":[{"embeddable":true,"href":"https:\/\/dekkbi.com\/index.php?rest_route=%2Fwp%2Fv2%2Fcomments&post=50373"}],"version-history":[{"count":1,"href":"https:\/\/dekkbi.com\/index.php?rest_route=\/wp\/v2\/posts\/50373\/revisions"}],"predecessor-version":[{"id":50375,"href":"https:\/\/dekkbi.com\/index.php?rest_route=\/wp\/v2\/posts\/50373\/revisions\/50375"}],"wp:featuredmedia":[{"embeddable":true,"href":"https:\/\/dekkbi.com\/index.php?rest_route=\/wp\/v2\/media\/50374"}],"wp:attachment":[{"href":"https:\/\/dekkbi.com\/index.php?rest_route=%2Fwp%2Fv2%2Fmedia&parent=50373"}],"wp:term":[{"taxonomy":"category","embeddable":true,"href":"https:\/\/dekkbi.com\/index.php?rest_route=%2Fwp%2Fv2%2Fcategories&post=50373"},{"taxonomy":"post_tag","embeddable":true,"href":"https:\/\/dekkbi.com\/index.php?rest_route=%2Fwp%2Fv2%2Ftags&post=50373"}],"curies":[{"name":"wp","href":"https:\/\/api.w.org\/{rel}","templated":true}]}}