{"id":50361,"date":"2025-01-14T10:53:10","date_gmt":"2025-01-14T10:53:10","guid":{"rendered":"https:\/\/dekkbi.com\/?p=50361"},"modified":"2025-01-14T10:53:10","modified_gmt":"2025-01-14T10:53:10","slug":"macky-sall-consultant-un-retrait-strategique-ou-un-abandon-de-leadership","status":"publish","type":"post","link":"https:\/\/dekkbi.com\/?p=50361","title":{"rendered":"Macky Sall Consultant : Un retrait strat\u00e9gique ou un abandon de leadership ?"},"content":{"rendered":"\n<h3 class=\"wp-block-heading\">L\u2019\u00e9mergence de Macky Sall dans le secteur priv\u00e9 soul\u00e8ve des interrogations sur ses r\u00e9elles motivations. Apr\u00e8s avoir quitt\u00e9 le pouvoir, l\u2019ancien pr\u00e9sident semble plus int\u00e9ress\u00e9 par l\u2019\u00e9tablissement d\u2019un empire commercial que par un v\u00e9ritable engagement envers les enjeux sociaux et politiques qui touchent le S\u00e9n\u00e9gal et l\u2019Afrique.<\/h3>\n\n\n\n<p>L\u2019ancien pr\u00e9sident s\u00e9n\u00e9galais Macky Sall a r\u00e9cemment amorc\u00e9 une nouvelle aventure professionnelle, en se dirigeant vers le secteur priv\u00e9. Le 28 novembre 2024, il a constitu\u00e9 Semo Holding, une soci\u00e9t\u00e9 dont le si\u00e8ge est \u00e9tabli dans le quartier de Gu\u00e9liz, \u00e0 Marrakech. Cette initiative marque un tournant significatif dans son parcours apr\u00e8s avoir quitt\u00e9 le pouvoir en avril 2024.<\/p>\n\n\n\n<p>Selon le magazine marocain \u2018\u2019Le Desk\u2019\u2019, Semo Holding a pour objectif de servir de base pour d\u00e9velopper des activit\u00e9s \u00e0 travers l&rsquo;Afrique et au-del\u00e0, tirant parti du r\u00e9seau international de M. Sall, construit tout au long de ses trois d\u00e9cennies en politique.<\/p>\n\n\n\n<p>Install\u00e9 \u00e0 Marrakech avec sa famille, Macky Sall entend utiliser son exp\u00e9rience politique pour cr\u00e9er des synergies dans des secteurs d\u2019enjeux tels que l\u2019environnement, l\u2019\u00e9nergie et les strat\u00e9gies politiques, o\u00f9 il a d\u00e9j\u00e0 fait preuve de comp\u00e9tence. La structure du holding est strat\u00e9gique : elle ne s&rsquo;engage pas dans des activit\u00e9s commerciales directes, mais se concentre sur la gestion financi\u00e8re des entreprises qui lui sont affili\u00e9es. Ceci permet \u00e0 Macky Sall de maintenir une influence tout en restant en retrait dans les op\u00e9rations quotidiennes.<\/p>\n\n\n\n<p>Le choix de Marrakech n&rsquo;est pas anodin. Bien que Casablanca, le principal p\u00f4le \u00e9conomique du Maroc, offre des incitations fiscales attractives via Casablanca Finance City, Marrakech se propose comme un cadre de d\u00e9veloppement int\u00e9ressant. Cette approche pourrait permettre \u00e0 Macky Sall d&rsquo;\u00e9tendre ses activit\u00e9s tout en demeurant proche de son pays.<\/p>\n\n\n\n<p>Par ailleurs, apr\u00e8s les \u00e9lections l\u00e9gislatives anticip\u00e9es, l\u2019ancien pr\u00e9sident s\u2019est retir\u00e9 des grandes responsabilit\u00e9s au sein de l\u2019Alliance pour la R\u00e9publique (APR). Il n\u2019abandonne pas d\u00e9finitivement le parti, mais il ne souhaite plus occuper les premiers r\u00f4les.<\/p>\n\n\n\n<p>Ce retrait, bien que non d\u00e9finitif, pourrait \u00eatre per\u00e7u comme un d\u00e9sengagement strat\u00e9gique, illustrant un manque de volont\u00e9 \u00e0 assumer un leadership fort \u00e0 un moment crucial pour la formation politique.<\/p>\n\n\n\n<p>Un retrait de la sc\u00e8ne politique<\/p>\n\n\n\n<p>Cependant, son engagement dans le secteur priv\u00e9 semble co\u00efncider avec un retrait progressif de la vie politique active. Le 4 octobre 2024, l\u2019ex-pr\u00e9sident avait d\u00e9missionn\u00e9 de son poste d\u2019envoy\u00e9 sp\u00e9cial du Pacte de Paris pour les peuples et la plan\u00e8te, comme il l&rsquo;avait annonc\u00e9 dans une lettre \u00e0 Emmanuel Macron.<\/p>\n\n\n\n<p>Cette d\u00e9cision est survenue \u00e0 la suite de sa d\u00e9signation comme t\u00eate de liste de la coalition d&rsquo;opposition Takku Wallu S\u00e9n\u00e9gal pour les \u00e9lections l\u00e9gislatives anticip\u00e9es. Ce choix de retirer ses fonctions diplomatiques de peur d&rsquo;un conflit d&rsquo;int\u00e9r\u00eats indique une volont\u00e9 de se concentrer pleinement sur ses nouvelles responsabilit\u00e9s politiques.<\/p>\n\n\n\n<p>Contrairement \u00e0 Macky Sall, qui se dirige vers une nouvelle aventure dans le secteur priv\u00e9, ses pr\u00e9d\u00e9cesseurs n&rsquo;ont pas v\u00e9ritablement investi dans le milieu professionnel apr\u00e8s leur d\u00e9part du pouvoir. Abdoulaye Wade, pr\u00e9sident du S\u00e9n\u00e9gal de 2000 \u00e0 2012, a choisi de se retirer dans le calme \u00e0 Versailles, en France. Bien que son \u00e2ge puisse en partie expliquer cette d\u00e9cision, il a \u00e9galement effectu\u00e9 quelques retours au S\u00e9n\u00e9gal pour s\u2019impliquer sporadiquement dans des actions politiques. Au lieu de s&rsquo;engager pleinement dans des projets professionnels, il a altern\u00e9 entre critiques et soutiens \u00e0 Macky Sall, illustrant une volont\u00e9 de rester dans le paysage politique tout en \u00e9vitant un engagement direct.<\/p>\n\n\n\n<p>Abdou Diouf, quant \u00e0 lui, a \u00e9t\u00e9 pr\u00e9sident de 1981 \u00e0 2000 et a ensuite occup\u00e9 un r\u00f4le pr\u00e9pond\u00e9rant \u00e0 la Francophonie pendant 12 ans. Cette exp\u00e9rience lui a permis de se r\u00e9inventer sur la sc\u00e8ne internationale, devenant ainsi une figure embl\u00e9matique de la langue fran\u00e7aise. Apr\u00e8s sa retraite politique, il a partag\u00e9 ses r\u00e9flexions \u00e0 travers la publication de ses m\u00e9moires, t\u00e9moignant d&rsquo;un parcours bien diff\u00e9rent de celui de Macky Sall, qui semble d\u00e9sireux de s&rsquo;orienter vers de nouveaux d\u00e9fis.<\/p>\n\n\n\n<p>L\u00e9opold S\u00e9dar Senghor, premier pr\u00e9sident du S\u00e9n\u00e9gal, a \u00e9galement suivi une voie li\u00e9e \u00e0 la culture et \u00e0 la langue fran\u00e7aise, en continuant son engagement dans le domaine artistique. \u00c9lu \u00e0 l&rsquo;Acad\u00e9mie fran\u00e7aise en 1983, Senghor a su se reconnecter avec le monde des arts, ce qui lui avait valu une reconnaissance mondiale.<\/p>\n\n\n\n<p>D\u00e8s lors, le parcours de Macky Sall para\u00eet distinctif. Alors qu&rsquo;il s\u2019appr\u00eate \u00e0 s\u2019engager dans une nouvelle voie professionnelle, sa trajectoire soul\u00e8ve des questions : choisira-t-il de revenir \u00e0 la politique ou de poursuivre une carri\u00e8re en tant que consultant ? Son avenir semble empreint d&rsquo;incertitude, mais il se d\u00e9marque clairement de l&rsquo;option du retrait complet.<\/p>\n\n\n\n<p>Au moment o\u00f9 l\u2019ancien pr\u00e9sident (12 ans au pouvoir) s\u2019engage sur cette nouvelle voie, son avenir reste incertain. Choisira-t-il le secteur priv\u00e9 ou reviendra-t-il \u00e0 la politique pour continuer \u00e0 influencer le destin de son pays ? Sa d\u00e9cision de se retirer progressivement de la vie politique active, tout en tissant des liens dans le monde des affaires, pourrait bien \u00eatre per\u00e7ue comme un abandon de ses id\u00e9aux.<\/p>\n\n\n\n<p>Ainsi, la question demeure : Macky Sall, un homme en qu\u00eate de nouveaux d\u00e9fis ou un ancien pr\u00e9sident en qu\u00eate de l\u00e9gitimit\u00e9 perdue ?<\/p>\n\n\n\n<p>EnQuete<\/p>\n","protected":false},"excerpt":{"rendered":"<p>L\u2019\u00e9mergence de Macky Sall dans le secteur priv\u00e9 soul\u00e8ve des interrogations sur ses r\u00e9elles motivations. Apr\u00e8s avoir quitt\u00e9 le pouvoir,<\/p>\n","protected":false},"author":1,"featured_media":21494,"comment_status":"open","ping_status":"open","sticky":false,"template":"","format":"standard","meta":{"footnotes":""},"categories":[6],"tags":[],"class_list":["post-50361","post","type-post","status-publish","format-standard","has-post-thumbnail","hentry","category-politics"],"_links":{"self":[{"href":"https:\/\/dekkbi.com\/index.php?rest_route=\/wp\/v2\/posts\/50361","targetHints":{"allow":["GET"]}}],"collection":[{"href":"https:\/\/dekkbi.com\/index.php?rest_route=\/wp\/v2\/posts"}],"about":[{"href":"https:\/\/dekkbi.com\/index.php?rest_route=\/wp\/v2\/types\/post"}],"author":[{"embeddable":true,"href":"https:\/\/dekkbi.com\/index.php?rest_route=\/wp\/v2\/users\/1"}],"replies":[{"embeddable":true,"href":"https:\/\/dekkbi.com\/index.php?rest_route=%2Fwp%2Fv2%2Fcomments&post=50361"}],"version-history":[{"count":1,"href":"https:\/\/dekkbi.com\/index.php?rest_route=\/wp\/v2\/posts\/50361\/revisions"}],"predecessor-version":[{"id":50362,"href":"https:\/\/dekkbi.com\/index.php?rest_route=\/wp\/v2\/posts\/50361\/revisions\/50362"}],"wp:featuredmedia":[{"embeddable":true,"href":"https:\/\/dekkbi.com\/index.php?rest_route=\/wp\/v2\/media\/21494"}],"wp:attachment":[{"href":"https:\/\/dekkbi.com\/index.php?rest_route=%2Fwp%2Fv2%2Fmedia&parent=50361"}],"wp:term":[{"taxonomy":"category","embeddable":true,"href":"https:\/\/dekkbi.com\/index.php?rest_route=%2Fwp%2Fv2%2Fcategories&post=50361"},{"taxonomy":"post_tag","embeddable":true,"href":"https:\/\/dekkbi.com\/index.php?rest_route=%2Fwp%2Fv2%2Ftags&post=50361"}],"curies":[{"name":"wp","href":"https:\/\/api.w.org\/{rel}","templated":true}]}}