{"id":5036,"date":"2022-12-21T12:37:19","date_gmt":"2022-12-21T12:37:19","guid":{"rendered":"https:\/\/dekkbi.com\/?p=5036"},"modified":"2022-12-21T16:37:19","modified_gmt":"2022-12-21T16:37:19","slug":"le-conflit-israelo-palestinien-au-menu-de-la-rencontre-entre-emmanuel-macron-et-abdallah-ii-a-amman","status":"publish","type":"post","link":"https:\/\/dekkbi.com\/?p=5036","title":{"rendered":"Le conflit isra\u00e9lo-palestinien: rencontre Macron et Abdallah II"},"content":{"rendered":"\n<p>Le pr\u00e9sident fran\u00e7ais participait mardi \u00e0 une conf\u00e9rence r\u00e9gionale visant \u00e0 renforcer la stabilit\u00e9 de l\u2019Irak apr\u00e8s pr\u00e8s de deux d\u00e9cennies de guerre. Emmanuel Macron entame ce mercredi un volet bilat\u00e9ral et il sera notamment question du conflit isra\u00e9lo-palestinien.&nbsp;<\/p>\n\n\n\n<p><em>Avec notre envoy\u00e9 sp\u00e9cial \u00e0 Amman<\/em>,&nbsp;<strong>Guilhem Delteil<\/strong> &#8211; RFI<\/p>\n\n\n\n<p>Les conflits de la r\u00e9gion seront encore au c\u0153ur de ses discussions, avec une petite page historique \u00e9galement puisque Emmanuel Macron a commenc\u00e9&nbsp;par la partie la plus l\u00e9g\u00e8re de cette visite&nbsp;: la visite du site de Jerash, l\u2019un des sites antiques les plus connus du pays et bien pr\u00e9serv\u00e9s&nbsp;o\u00f9 travaillent des arch\u00e9ologues fran\u00e7ais. Une \u00e9tape qui fait \u00e9cho au discours du chef de l\u2019\u00c9tat, mardi, lors de la conf\u00e9rence r\u00e9gionale, lui qui pointait le r\u00f4le central de la r\u00e9gion dans l\u2019histoire de l\u2019humanit\u00e9.&nbsp;<\/p>\n\n\n\n<p>Emmanuel Macron rencontre ensuite le roi \u00e0&nbsp;Amman. Deux grands dossiers devraient \u00eatre au c\u0153ur des discussions&nbsp;: la lutte contre le terrorisme au Moyen-Orient d\u2019abord. La Jordanie est un alli\u00e9 de la France et Paris a une base a\u00e9rienne dans le pays, de laquelle elle m\u00e8ne ses op\u00e9rations contre les groupes jihadistes.&nbsp;<\/p>\n\n\n\n<p>Et puis le roi de Jordanie devrait aussi \u00e9voquer le conflit isra\u00e9lo-palestinien alors que le gouvernement le plus \u00e0 l\u2019extr\u00eame-droite de l\u2019histoire d\u2019Isra\u00ebl devrait entrer en fonction dans les prochaines heures. \u00ab&nbsp;<em>C\u2019est toujours une priorit\u00e9 pour nous<\/em>&nbsp;\u00bb, a soulign\u00e9 mardi le ministre jordanien des Affaires \u00e9trang\u00e8res. Et la Jordanie ne cache pas son inqui\u00e9tude quant \u00e0 la d\u00e9gradation de la situation, \u00ab&nbsp;<em>une impasse<\/em>&nbsp;\u00bb aux yeux d\u2019Amman.<\/p>\n\n\n\n<h2 class=\"wp-block-heading\">Les positions politiques du gouvernement isra\u00e9lien extr\u00eamement pr\u00e9occupantes<\/h2>\n\n\n\n<p>La Jordanie devrait plaider pour un engagement plus fort de la France dans un dossier sur lequel Emmanuel Macron s\u2019est montr\u00e9 discret lors de son premier quinquennat, estime Jean-Paul Chagnollaud, pr\u00e9sident de l\u2019Institut de recherche et d\u2019\u00e9tude M\u00e9diterran\u00e9e Moyen-Orient (liReMMO).<\/p>\n\n\n\n<p>\u00ab&nbsp;<em>Malheureusement, on ne parle de la question palestinienne que lorsqu\u2019il y a des drames, quand on sent qu\u2019il se passe quelque chose de violent, alors l\u00e0, on est oblig\u00e9s \u00e9videmment d\u2019intervenir, et c\u2019est ce qu\u2019il va se passer. Aucun doute qu\u2019il sera question de cela lors de la rencontre avec Abdallah II de Jordanie, car effectivement, il y a beaucoup de craintes. Et ce qui est tr\u00e8s int\u00e9ressant, c\u2019est que quand on lit la presse am\u00e9ricaine, et la position de l\u2019administration am\u00e9ricaine, ils font beaucoup pression sur le gouvernement isra\u00e9lien aujourd\u2019hui, parce qu\u2019ils se rendent compte que les postures id\u00e9ologiques et politiques qui sont celles d\u2019une certaine partie du gouvernement, pour ne pas dire l\u2019int\u00e9gralit\u00e9 du gouvernement, sont extr\u00eamement pr\u00e9occupantes<\/em>. \u00bb<\/p>\n\n\n\n<p>Pour le pr\u00e9sident de l\u2019iReMMO, c\u2019est une violation du droit international qui va continuer et s\u2019accentuer et pour laquelle la France va devoir se positionner avec plus de fermet\u00e9 : \u00ab&nbsp;<em>Parce que je crois que c\u2019est l\u2019int\u00e9r\u00eat de tous, y compris d\u2019ailleurs d\u2019Isra\u00ebl. En tout cas, d\u2019abord, l\u2019int\u00e9r\u00eat de la paix, sinon on va avoir \u00e0 coup s\u00fbr des drames dans les temps qui viennent. Quand vous pensez qu\u2019un personnage qui \u00e9tait celui qui faisait \u201cla chasse aux Arabes\u201d, il y a encore quelques semaines, devient le ministre de la Police et de la S\u00e9curit\u00e9 nationale, tout est dit dans ce qu\u2019il risque d\u2019arriver tr\u00e8s probablement.<\/em>&nbsp;\u00bb<\/p>\n","protected":false},"excerpt":{"rendered":"<p>Le pr\u00e9sident fran\u00e7ais participait mardi \u00e0 une conf\u00e9rence r\u00e9gionale visant \u00e0 renforcer la stabilit\u00e9 de l\u2019Irak apr\u00e8s pr\u00e8s de deux<\/p>\n","protected":false},"author":1,"featured_media":5037,"comment_status":"open","ping_status":"open","sticky":false,"template":"","format":"standard","meta":{"footnotes":""},"categories":[51],"tags":[],"class_list":["post-5036","post","type-post","status-publish","format-standard","has-post-thumbnail","hentry","category-general"],"_links":{"self":[{"href":"https:\/\/dekkbi.com\/index.php?rest_route=\/wp\/v2\/posts\/5036","targetHints":{"allow":["GET"]}}],"collection":[{"href":"https:\/\/dekkbi.com\/index.php?rest_route=\/wp\/v2\/posts"}],"about":[{"href":"https:\/\/dekkbi.com\/index.php?rest_route=\/wp\/v2\/types\/post"}],"author":[{"embeddable":true,"href":"https:\/\/dekkbi.com\/index.php?rest_route=\/wp\/v2\/users\/1"}],"replies":[{"embeddable":true,"href":"https:\/\/dekkbi.com\/index.php?rest_route=%2Fwp%2Fv2%2Fcomments&post=5036"}],"version-history":[{"count":4,"href":"https:\/\/dekkbi.com\/index.php?rest_route=\/wp\/v2\/posts\/5036\/revisions"}],"predecessor-version":[{"id":5089,"href":"https:\/\/dekkbi.com\/index.php?rest_route=\/wp\/v2\/posts\/5036\/revisions\/5089"}],"wp:featuredmedia":[{"embeddable":true,"href":"https:\/\/dekkbi.com\/index.php?rest_route=\/wp\/v2\/media\/5037"}],"wp:attachment":[{"href":"https:\/\/dekkbi.com\/index.php?rest_route=%2Fwp%2Fv2%2Fmedia&parent=5036"}],"wp:term":[{"taxonomy":"category","embeddable":true,"href":"https:\/\/dekkbi.com\/index.php?rest_route=%2Fwp%2Fv2%2Fcategories&post=5036"},{"taxonomy":"post_tag","embeddable":true,"href":"https:\/\/dekkbi.com\/index.php?rest_route=%2Fwp%2Fv2%2Ftags&post=5036"}],"curies":[{"name":"wp","href":"https:\/\/api.w.org\/{rel}","templated":true}]}}