{"id":50337,"date":"2025-01-14T10:23:14","date_gmt":"2025-01-14T10:23:14","guid":{"rendered":"https:\/\/dekkbi.com\/?p=50337"},"modified":"2025-01-14T10:23:15","modified_gmt":"2025-01-14T10:23:15","slug":"une-delegation-burundaise-sejourne-au-senegal-pour-simpregner-de-lexperience-du-pudc","status":"publish","type":"post","link":"https:\/\/dekkbi.com\/?p=50337","title":{"rendered":"Une d\u00e9l\u00e9gation burundaise s\u00e9journe au S\u00e9n\u00e9gal pour s\u2019impr\u00e9gner de l\u2019exp\u00e9rience du PUDC"},"content":{"rendered":"\n<p>Dakar,  (APS) \u2013 Une d\u00e9l\u00e9gation burundaise a entam\u00e9 une mission de plusieurs jours au S\u00e9n\u00e9gal pour s\u2019inspirer de l\u2019exp\u00e9rience du Programme d\u2019urgence de d\u00e9veloppement communautaire (PUDC).<\/p>\n\n\n\n<p>Ladite d\u00e9l\u00e9gation conduite par Fr\u00e9d\u00e9ric Nimubona, directeur de cabinet adjoint du Premier ministre, a rencontr\u00e9, lundi, la ministre de la Famille et des Solidarit\u00e9s, Ma\u00efmouna Di\u00e8ye.<\/p>\n\n\n\n<p>&nbsp;\u00bbNous aurions pu rester au Burundi et vous auriez pu nous envoyer des documents, mais il \u00e9tait plus int\u00e9ressant pour nous de venir sur le terrain voir avec nos propres yeux comment vous avez con\u00e7u et d\u00e9roul\u00e9 tout \u00e7a\u2019\u2019, a d\u00e9clar\u00e9 Fr\u00e9d\u00e9ric Nimubona, lors de cette rencontre.<\/p>\n\n\n\n<p>S\u2019adressant \u00e0 la ministre, il a soulign\u00e9 que le Burundi a proc\u00e9d\u00e9 \u00e0 un nouveau d\u00e9coupage administratif en juillet 2023 marqu\u00e9 par une r\u00e9duction du nombre de provinces et de communes et une augmentation du nombre de zones.<\/p>\n\n\n\n<p>M. Nimubona a relev\u00e9 que le Burundi s\u2019est fix\u00e9 pour objectif d\u2019\u00eatre un pays \u00e9mergent d\u2019ici 2040 et un pays d\u00e9velopp\u00e9 \u00e0 partir de 2060.<\/p>\n\n\n\n<p>Selon lui, cette \u00e9mergence \u2018\u2019ne peut passer\u2019\u2019 que par les communes et le S\u00e9n\u00e9gal est un \u2018\u2019bel exemple et le meilleur choix\u2019\u2019 dont il faut s\u2019inspirer.<\/p>\n\n\n\n<p>\u2018\u2019Nous allons \u00e9laborer et finaliser le programme d\u2019\u00e9mergence des communes avec un mod\u00e8le et un financement, et apr\u00e8s nous allons voir comment le mettre en \u0153uvre\u2019\u2019, a dit le chef de la d\u00e9l\u00e9gation burundaise.<\/p>\n\n\n\n<p>Le gouvernement du S\u00e9n\u00e9gal, avec l\u2019appui technique du Programme des Nations unies pour le D\u00e9veloppement (PNUD), a lanc\u00e9 en 2015 le PUDC. Ce programme vise l\u2019am\u00e9lioration de l\u2019acc\u00e8s des populations rurales aux services sociaux de base \u00e0 travers la mise en place d\u2019infrastructures socio-\u00e9conomiques, tout en favorisant l\u2019implication des acteurs locaux dans le d\u00e9veloppement \u00e9conomique et social de leurs localit\u00e9s.<\/p>\n\n\n\n<p>\u2018\u2019Je suis tellement rassur\u00e9e par les possibilit\u00e9s que nous avons en commun comme la lutte contre la pauvret\u00e9 et les in\u00e9galit\u00e9s\u2019\u2019, a d\u00e9clar\u00e9 la ministre de la Famille et des Solidarit\u00e9s, s\u2019adressant \u00e0 la d\u00e9l\u00e9gation burundaise.<\/p>\n\n\n\n<p>&nbsp;\u00bbIl y a beaucoup \u00e0 faire\u2019\u2019 dans de nombreux pays africains sur le plan de l\u2019\u00e9quit\u00e9 sociale, de l\u2019\u00e9quit\u00e9 territoriale&nbsp;\u00bb, selon Maimouna Di\u00e8ye, estimant que des programmes comme le PUDC sont des \u2018\u2019exemples de r\u00e9ussite\u2019\u2019 \u00e0 \u2018\u2019valoriser et \u00e0 partager\u2019\u2019.<\/p>\n\n\n\n<p>Le Coordonnateur national du PUDC, Cheikh Diop, a rappel\u00e9 que le programme a travaill\u00e9 dans une premi\u00e8re phase sur un financement de 123 milliards.<\/p>\n\n\n\n<p>&nbsp;\u00bbEn 2016, l\u2019\u00c9tat du S\u00e9n\u00e9gal a d\u00e9cid\u00e9 d\u2019ouvrir une phase 2 d\u2019un budget de 300 milliards pour toujours continuer sur les infrastructures socio-\u00e9conomiques de base, l\u2019acc\u00e8s \u00e0 l\u2019eau, l\u2019all\u00e9gement des travaux en milieu rural et l\u2019\u00e9lectrification\u2019\u2019, a t-il ajout\u00e9.<\/p>\n\n\n\n<p>Selon lui, les activit\u00e9s du PUDC sont \u2018\u2019au c\u0153ur de l\u2019Agenda 2050\u2019\u2019 \u00e0 travers l\u2019\u00e9quit\u00e9 sociale et territoriale.<\/p>\n\n\n\n<p>\u2018\u2019C\u2019est un programme qui est un mod\u00e8le \u00e9conomique de d\u00e9veloppement car d\u2019autres pays comme la Gambie, la R\u00e9publique d\u00e9mocratique du Congo, le Cameroun, le Congo, le Togo sont d\u00e9j\u00e0 venus au S\u00e9n\u00e9gal pour s\u2019en impr\u00e9gner\u2019\u2019, a indiqu\u00e9 M. Diop.<\/p>\n\n\n\n<p>La repr\u00e9sentante-r\u00e9sidente adjointe du PNUD, Catherine Phuong, a d\u00e9clar\u00e9 que la d\u00e9l\u00e9gation burundaise s\u2019int\u00e9resse au mod\u00e8le du PUDC, qui \u2018\u2019a am\u00e9lior\u00e9 justement la qualit\u00e9 de vie et l\u2019acc\u00e8s aux services de base \u00e0 des populations qui sont parmi les plus pauvres et les plus marginalis\u00e9es dans ce pays\u2019\u2019.<\/p>\n\n\n\n<p>Dans le cadre de cette visite d\u2019impr\u00e9gnation, la d\u00e9l\u00e9gation se rendra \u00e0 Kaolack, Fatick et Thi\u00e8s.<\/p>\n","protected":false},"excerpt":{"rendered":"<p>Dakar, (APS) \u2013 Une d\u00e9l\u00e9gation burundaise a entam\u00e9 une mission de plusieurs jours au S\u00e9n\u00e9gal pour s\u2019inspirer de l\u2019exp\u00e9rience du<\/p>\n","protected":false},"author":1,"featured_media":50338,"comment_status":"open","ping_status":"open","sticky":false,"template":"","format":"standard","meta":{"footnotes":""},"categories":[3],"tags":[],"class_list":["post-50337","post","type-post","status-publish","format-standard","has-post-thumbnail","hentry","category-event-more-news"],"_links":{"self":[{"href":"https:\/\/dekkbi.com\/index.php?rest_route=\/wp\/v2\/posts\/50337","targetHints":{"allow":["GET"]}}],"collection":[{"href":"https:\/\/dekkbi.com\/index.php?rest_route=\/wp\/v2\/posts"}],"about":[{"href":"https:\/\/dekkbi.com\/index.php?rest_route=\/wp\/v2\/types\/post"}],"author":[{"embeddable":true,"href":"https:\/\/dekkbi.com\/index.php?rest_route=\/wp\/v2\/users\/1"}],"replies":[{"embeddable":true,"href":"https:\/\/dekkbi.com\/index.php?rest_route=%2Fwp%2Fv2%2Fcomments&post=50337"}],"version-history":[{"count":1,"href":"https:\/\/dekkbi.com\/index.php?rest_route=\/wp\/v2\/posts\/50337\/revisions"}],"predecessor-version":[{"id":50339,"href":"https:\/\/dekkbi.com\/index.php?rest_route=\/wp\/v2\/posts\/50337\/revisions\/50339"}],"wp:featuredmedia":[{"embeddable":true,"href":"https:\/\/dekkbi.com\/index.php?rest_route=\/wp\/v2\/media\/50338"}],"wp:attachment":[{"href":"https:\/\/dekkbi.com\/index.php?rest_route=%2Fwp%2Fv2%2Fmedia&parent=50337"}],"wp:term":[{"taxonomy":"category","embeddable":true,"href":"https:\/\/dekkbi.com\/index.php?rest_route=%2Fwp%2Fv2%2Fcategories&post=50337"},{"taxonomy":"post_tag","embeddable":true,"href":"https:\/\/dekkbi.com\/index.php?rest_route=%2Fwp%2Fv2%2Ftags&post=50337"}],"curies":[{"name":"wp","href":"https:\/\/api.w.org\/{rel}","templated":true}]}}