{"id":5033,"date":"2022-12-21T12:24:21","date_gmt":"2022-12-21T12:24:21","guid":{"rendered":"https:\/\/dekkbi.com\/?p=5033"},"modified":"2022-12-21T16:32:44","modified_gmt":"2022-12-21T16:32:44","slug":"les-commercants-accusent-le-promogem-replique-le-cout-du-marche-de-medina-baye-est-estime-a-5-7-milliards-fcfa","status":"publish","type":"post","link":"https:\/\/dekkbi.com\/?p=5033","title":{"rendered":"Les commer\u00e7ants accusent, le Promogem r\u00e9plique"},"content":{"rendered":"\n<h3 class=\"wp-block-heading\">Suite \u00e0 la sortie de l\u2019amicale des commer\u00e7ants du march\u00e9 M\u00e9dina Baye faisant allusion d\u2019une arnaque du Programme de Modernisation et de Gestion des March\u00e9s (PROMOGEM) sur le co\u00fbt d\u00e9mesur\u00e9 du march\u00e9 de la cit\u00e9 religieuse estim\u00e9e \u00e0 7, 7 milliards.<\/h3>\n\n\n\n<p>Ainsi la r\u00e9plique ne s\u2019est fait pas attendre, il s\u2019agit de 5, 7 et une subvention de l\u2019Etat pour amoindrir le co\u00fbt des cantines de 2 milliards selon la charg\u00e9e du marketing au niveau du PROMOGEM.<\/p>\n\n\n\n<p>Aminata Ba, poursuit par ailleurs qu\u2019il fallait faire 5 milliards moins les 2 milliards pour avoir les 3, 7 milliards restants et non une addition. Elle a ajout\u00e9 cependant que l\u2019amalgame de Babacar Mbow pr\u00e9sident de l\u2019amicale Suxali March\u00e9 M\u00e9dina Baye est parti de cette confusion.<\/p>\n\n\n\n<p>Concernant les 3, 7 milliards, atteste Aminata Ba, le promoteur a voulu gracieusement donn\u00e9 une part de sept cent (700) millions aux populations de M\u00e9dina Baye, dit-elle.<\/p>\n\n\n\n<p>Se pronon\u00e7ant sur la question de la chert\u00e9 des cantines, la charg\u00e9e de marketing de cet organe pense le contraire de ce que disent les commer\u00e7ants car la cantine la plus ch\u00e8re co\u00fbte 2,8 millions. Toutefois, les \u00e9quipes du Programme de Modernisation et de Gestion des March\u00e9s (PROMOGEM) sont sur le terrain pour mener une enqu\u00eate afin de proc\u00e9der \u00e0 l\u2019ouverture tant attendu du march\u00e9 de M\u00e9dina Baye selon toujours Aminata Ba<\/p>\n\n\n\n<p><br>Le Grand Panel<br><\/p>\n","protected":false},"excerpt":{"rendered":"<p>Suite \u00e0 la sortie de l\u2019amicale des commer\u00e7ants du march\u00e9 M\u00e9dina Baye faisant allusion d\u2019une arnaque du Programme de Modernisation<\/p>\n","protected":false},"author":1,"featured_media":5034,"comment_status":"open","ping_status":"open","sticky":false,"template":"","format":"standard","meta":{"footnotes":""},"categories":[21],"tags":[],"class_list":["post-5033","post","type-post","status-publish","format-standard","has-post-thumbnail","hentry","category-societe"],"_links":{"self":[{"href":"https:\/\/dekkbi.com\/index.php?rest_route=\/wp\/v2\/posts\/5033","targetHints":{"allow":["GET"]}}],"collection":[{"href":"https:\/\/dekkbi.com\/index.php?rest_route=\/wp\/v2\/posts"}],"about":[{"href":"https:\/\/dekkbi.com\/index.php?rest_route=\/wp\/v2\/types\/post"}],"author":[{"embeddable":true,"href":"https:\/\/dekkbi.com\/index.php?rest_route=\/wp\/v2\/users\/1"}],"replies":[{"embeddable":true,"href":"https:\/\/dekkbi.com\/index.php?rest_route=%2Fwp%2Fv2%2Fcomments&post=5033"}],"version-history":[{"count":2,"href":"https:\/\/dekkbi.com\/index.php?rest_route=\/wp\/v2\/posts\/5033\/revisions"}],"predecessor-version":[{"id":5086,"href":"https:\/\/dekkbi.com\/index.php?rest_route=\/wp\/v2\/posts\/5033\/revisions\/5086"}],"wp:featuredmedia":[{"embeddable":true,"href":"https:\/\/dekkbi.com\/index.php?rest_route=\/wp\/v2\/media\/5034"}],"wp:attachment":[{"href":"https:\/\/dekkbi.com\/index.php?rest_route=%2Fwp%2Fv2%2Fmedia&parent=5033"}],"wp:term":[{"taxonomy":"category","embeddable":true,"href":"https:\/\/dekkbi.com\/index.php?rest_route=%2Fwp%2Fv2%2Fcategories&post=5033"},{"taxonomy":"post_tag","embeddable":true,"href":"https:\/\/dekkbi.com\/index.php?rest_route=%2Fwp%2Fv2%2Ftags&post=5033"}],"curies":[{"name":"wp","href":"https:\/\/api.w.org\/{rel}","templated":true}]}}