{"id":50328,"date":"2025-01-14T10:12:28","date_gmt":"2025-01-14T10:12:28","guid":{"rendered":"https:\/\/dekkbi.com\/?p=50328"},"modified":"2025-01-14T10:12:29","modified_gmt":"2025-01-14T10:12:29","slug":"vision-ousmane-sonko-pour-le-changement-il-faut-que-nous-fassions-preuve-de-discipline-et-dorganisation","status":"publish","type":"post","link":"https:\/\/dekkbi.com\/?p=50328","title":{"rendered":"VISION \/ Ousmane Sonko: \u00abPour le changement, il faut que nous fassions preuve de discipline et d\u2019organisation\u00bb"},"content":{"rendered":"\n<p>Nouakchott, (APS) \u2013 Le Premier ministre, Ousmane Sonko, a assur\u00e9 ses compatriotes r\u00e9unis, lundi, au palais des Congr\u00e8s de Nouakchott, de la d\u00e9termination du gouvernement \u00e0 mener les r\u00e9formes n\u00e9cessaires, en leur demandant en m\u00eame temps de faire preuve de discipline et d\u2019organisation pour aider les pouvoirs publics \u00e0 y arriver.<\/p>\n\n\n\n<p>\u2018\u2019Aucune r\u00e9sistance ne nous emp\u00eachera de faire ce que nous voulons comme changement pour le pays (\u2026) Pour y arriver, il faut que nous ayons une vision et fassions preuve de discipline et d\u2019organisation\u2019\u2019, a dit M. Sonko aux centaines de S\u00e9n\u00e9galais rencontr\u00e9s dans ce palais de la capitale mauritanienne.<\/p>\n\n\n\n<p>Au S\u00e9n\u00e9gal, \u2018\u2019il y a toujours une cat\u00e9gorie qui conteste ce que l\u2019\u00c9tat d\u00e9cide de faire\u2019\u2019, a-t-il affirm\u00e9, assurant&nbsp;: \u2018\u2019Nous ne remettrons en cause aucun acquis d\u00e9mocratique parce que nous avons opt\u00e9 pour la d\u00e9mocratie.\u2019\u2019<\/p>\n\n\n\n<p>\u2018\u2019Il y a des choix \u00e0 faire. Voulons-nous faire du saupoudrage ou voulons-nous faire une r\u00e9volution ?\u2019\u2019, a-t-il demand\u00e9 aux ressortissants s\u00e9n\u00e9galais venus discuter avec lui des conditions dans lesquelles ils vivent en Mauritanie.<\/p>\n\n\n\n<p>\u2018\u2019Une r\u00e9volution n\u2019est pas \u00e0 confondre avec une r\u00e9volte\u2019\u2019, a pr\u00e9cis\u00e9 le Premier ministre.<\/p>\n\n\n\n<p>La r\u00e9volution va consister \u00e0 faire des \u2018\u2019changements structurels\u2019\u2019, a-t-il dit. \u2018\u2019Cela commence par changer de comportements. Le changement, ce n\u2019est pas facile. Nous avons des habitudes vieilles de soixante-quatre ans (depuis l\u2019ind\u00e9pendance du pays). Les S\u00e9n\u00e9galais veulent le changement mais ne veulent pas changer (\u2026) C\u2019est impossible&nbsp;\u00bb, a t-il ajout\u00e9.<\/p>\n\n\n\n<p>\u2018\u2019Nous allons nous y prendre avec m\u00e9thode et m\u00e9thodologie\u2019\u2019, a poursuivi Ousmane Sonko, estimant que les \u2018\u2019pr\u00e9occupations \u00e9lectorales\u2019\u2019 ont souvent emp\u00each\u00e9 les gouvernements de mener les r\u00e9formes n\u00e9cessaires au S\u00e9n\u00e9gal.<\/p>\n\n\n\n<p>\u2018\u2019Nous voulons faire en sorte qu\u2019aucun S\u00e9n\u00e9galais ne songe, dans dix, vingt ou trente ans, \u00e0 s\u2019expatrier en empruntant une pirogue\u2019\u2019, a-t-il promis.<\/p>\n\n\n\n<p>Ousmane Sonko est arriv\u00e9 dimanche soir \u00e0 Nouakchott pour une visite officielle de deux jours consacr\u00e9e \u00e0 l\u2019\u00e9nergie, aux transports, \u00e0 la s\u00e9curit\u00e9 et \u00e0 la migration.<\/p>\n\n\n\n<p>Pour cette visite \u00e9galement dite d\u2019amiti\u00e9 et de travail, il est accompagn\u00e9 de plusieurs ministres, dont Yassine Fall, charg\u00e9e de l\u2019Int\u00e9gration africaine et des Affaires \u00e9trang\u00e8res, et Jean Baptiste Tine, celui de l\u2019Int\u00e9rieur et de la S\u00e9curit\u00e9 publique.<\/p>\n\n\n\n<p>Birame Souleye Diop, le ministre de l\u2019\u00c9nergie, du P\u00e9trole et des Mines, Yankhoba Di\u00e9m\u00e9, celui des Infrastructures, des Transports terrestres et a\u00e9riens, et Fatou Diouf, la ministre des P\u00eaches, des Infrastructures maritimes et portuaires, y prennent part.<\/p>\n\n\n\n<p>La d\u00e9l\u00e9gation conduite par Ousmane Sonko comprend aussi les directeurs g\u00e9n\u00e9raux de l\u2019Agence nationale charg\u00e9e de la promotion des investissements et des grands travaux, Bakary S\u00e9ga Bathily, et de la Soci\u00e9t\u00e9 des p\u00e9troles du S\u00e9n\u00e9gal, Alioune Gu\u00e8ye.<\/p>\n\n\n\n<p>ESF\/OID<\/p>\n","protected":false},"excerpt":{"rendered":"<p>Nouakchott, (APS) \u2013 Le Premier ministre, Ousmane Sonko, a assur\u00e9 ses compatriotes r\u00e9unis, lundi, au palais des Congr\u00e8s de Nouakchott,<\/p>\n","protected":false},"author":1,"featured_media":50236,"comment_status":"open","ping_status":"open","sticky":false,"template":"","format":"standard","meta":{"footnotes":""},"categories":[6],"tags":[],"class_list":["post-50328","post","type-post","status-publish","format-standard","has-post-thumbnail","hentry","category-politics"],"_links":{"self":[{"href":"https:\/\/dekkbi.com\/index.php?rest_route=\/wp\/v2\/posts\/50328","targetHints":{"allow":["GET"]}}],"collection":[{"href":"https:\/\/dekkbi.com\/index.php?rest_route=\/wp\/v2\/posts"}],"about":[{"href":"https:\/\/dekkbi.com\/index.php?rest_route=\/wp\/v2\/types\/post"}],"author":[{"embeddable":true,"href":"https:\/\/dekkbi.com\/index.php?rest_route=\/wp\/v2\/users\/1"}],"replies":[{"embeddable":true,"href":"https:\/\/dekkbi.com\/index.php?rest_route=%2Fwp%2Fv2%2Fcomments&post=50328"}],"version-history":[{"count":1,"href":"https:\/\/dekkbi.com\/index.php?rest_route=\/wp\/v2\/posts\/50328\/revisions"}],"predecessor-version":[{"id":50329,"href":"https:\/\/dekkbi.com\/index.php?rest_route=\/wp\/v2\/posts\/50328\/revisions\/50329"}],"wp:featuredmedia":[{"embeddable":true,"href":"https:\/\/dekkbi.com\/index.php?rest_route=\/wp\/v2\/media\/50236"}],"wp:attachment":[{"href":"https:\/\/dekkbi.com\/index.php?rest_route=%2Fwp%2Fv2%2Fmedia&parent=50328"}],"wp:term":[{"taxonomy":"category","embeddable":true,"href":"https:\/\/dekkbi.com\/index.php?rest_route=%2Fwp%2Fv2%2Fcategories&post=50328"},{"taxonomy":"post_tag","embeddable":true,"href":"https:\/\/dekkbi.com\/index.php?rest_route=%2Fwp%2Fv2%2Ftags&post=50328"}],"curies":[{"name":"wp","href":"https:\/\/api.w.org\/{rel}","templated":true}]}}