{"id":50291,"date":"2025-01-13T10:29:07","date_gmt":"2025-01-13T10:29:07","guid":{"rendered":"https:\/\/dekkbi.com\/?p=50291"},"modified":"2025-01-13T10:30:00","modified_gmt":"2025-01-13T10:30:00","slug":"reformes-du-transport-entre-raquettes-delais-serres-et-brt-les-conducteurs-divises-face-aux-reformes","status":"publish","type":"post","link":"https:\/\/dekkbi.com\/?p=50291","title":{"rendered":"Transport : les conducteurs divis\u00e9s face aux r\u00e9formes"},"content":{"rendered":"\n<p>Dans une \u00e9mission diffus\u00e9e aujourd&rsquo;hui sur Dakaractu, le pr\u00e9sident du collectif des conducteurs de moto \u00ab\u00a0Tiak Tiak\u00a0\u00bb, El Hadji Ousseynou Gaye, et Alioune Niang, membre de la f\u00e9d\u00e9ration des garages Taxi-clando du S\u00e9n\u00e9gal, ont expos\u00e9 leurs points de vue sur les r\u00e9formes r\u00e9centes du secteur du transport au S\u00e9n\u00e9gal. Invit\u00e9s par le journaliste Abdou Karim Ndiaye, les deux leaders du transport ont partag\u00e9 leurs avis sur les mesures prises par le gouvernement, mais ont \u00e9galement soulev\u00e9 des pr\u00e9occupations concernant l&rsquo;impact sur les conducteurs.<\/p>\n\n\n\n<p>El Hadji Ousseynou Gaye a d&rsquo;abord salu\u00e9 l&rsquo;intention du gouvernement de r\u00e9former le secteur, soulignant que ces r\u00e9formes visent \u00e0 am\u00e9liorer le fonctionnement du transport. Cependant, il a \u00e9galement d\u00e9nonc\u00e9 des pratiques abusives de la part des forces de l&rsquo;ordre, notamment des \u00ab\u00a0raquettes polici\u00e8res\u00a0\u00bb, qui compliquent la situation des conducteurs de moto. Il a \u00e9voqu\u00e9 des d\u00e9lais de r\u00e9gularisation trop courts et des proc\u00e9dures jug\u00e9es trop complexes, pointant du doigt un manque de soutien concret pour les conducteurs qui se sentent souvent pris entre le marteau et l&rsquo;enclume.<\/p>\n\n\n\n<figure class=\"wp-block-embed is-type-rich is-provider-prise-en-charge-des-contenus-embarqu-s wp-block-embed-prise-en-charge-des-contenus-embarqu-s wp-embed-aspect-16-9 wp-has-aspect-ratio\"><div class=\"wp-block-embed__wrapper\">\n<iframe loading=\"lazy\" title=\"R\u00e9formes transport: Entre raquettes, d\u00e9lais serr\u00e9s et BRT, les conducteurs divis\u00e9s face aux r\u00e9formes\" width=\"800\" height=\"450\" src=\"https:\/\/www.youtube.com\/embed\/6PXUgBHtPno?feature=oembed\" frameborder=\"0\" allow=\"accelerometer; autoplay; clipboard-write; encrypted-media; gyroscope; picture-in-picture; web-share\" referrerpolicy=\"strict-origin-when-cross-origin\" allowfullscreen><\/iframe>\n<\/div><\/figure>\n\n\n\n<p>De son c\u00f4t\u00e9, Alioune Niang a exprim\u00e9 un avis plus positif sur l&rsquo;engagement du gouvernement, notamment avec les r\u00e9centes assises du transport, o\u00f9 des propositions ont \u00e9t\u00e9 pr\u00e9sent\u00e9es au pr\u00e9sident Macky Sall. Toutefois, Niang a aussi soulign\u00e9 que malgr\u00e9 ces efforts, des tensions subsistent entre les diff\u00e9rents acteurs du secteur, notamment entre les conducteurs de moto et les chauffeurs de taxi. Les discussions ont \u00e9galement port\u00e9 sur l&rsquo;impact du Bus Rapid Transit (BRT) sur le transport urbain, un projet qui, selon les intervenants, pourrait perturber l&rsquo;\u00e9quilibre fragile entre les diff\u00e9rents modes de transport \u00e0 Dakar.<\/p>\n\n\n\n<p>L&rsquo;\u00e9mission a permis de comprendre les r\u00e9alit\u00e9s du terrain, avec des repr\u00e9sentants de deux branches essentielles du transport s\u00e9n\u00e9galais qui ont exprim\u00e9 des pr\u00e9occupations concernant l&rsquo;orientation des r\u00e9formes et l&rsquo;absence de solutions concr\u00e8tes aux probl\u00e8mes quotidiens des conducteurs. L&rsquo;unit\u00e9 du secteur semble mise \u00e0 mal, mais les intervenants ont \u00e9galement reconnu les avanc\u00e9es et la volont\u00e9 du gouvernement d&rsquo;am\u00e9liorer la situation, tout en appelant \u00e0 une meilleure coordination et \u00e0 une prise en compte des pr\u00e9occupations des conducteurs.<\/p>\n\n\n\n<p>SOURCE DAKARACTU<\/p>\n","protected":false},"excerpt":{"rendered":"<p>Dans une \u00e9mission diffus\u00e9e aujourd&rsquo;hui sur Dakaractu, le pr\u00e9sident du collectif des conducteurs de moto \u00ab\u00a0Tiak Tiak\u00a0\u00bb, El Hadji Ousseynou<\/p>\n","protected":false},"author":1,"featured_media":50294,"comment_status":"open","ping_status":"open","sticky":false,"template":"","format":"standard","meta":{"footnotes":""},"categories":[21],"tags":[],"class_list":["post-50291","post","type-post","status-publish","format-standard","has-post-thumbnail","hentry","category-societe"],"_links":{"self":[{"href":"https:\/\/dekkbi.com\/index.php?rest_route=\/wp\/v2\/posts\/50291","targetHints":{"allow":["GET"]}}],"collection":[{"href":"https:\/\/dekkbi.com\/index.php?rest_route=\/wp\/v2\/posts"}],"about":[{"href":"https:\/\/dekkbi.com\/index.php?rest_route=\/wp\/v2\/types\/post"}],"author":[{"embeddable":true,"href":"https:\/\/dekkbi.com\/index.php?rest_route=\/wp\/v2\/users\/1"}],"replies":[{"embeddable":true,"href":"https:\/\/dekkbi.com\/index.php?rest_route=%2Fwp%2Fv2%2Fcomments&post=50291"}],"version-history":[{"count":2,"href":"https:\/\/dekkbi.com\/index.php?rest_route=\/wp\/v2\/posts\/50291\/revisions"}],"predecessor-version":[{"id":50296,"href":"https:\/\/dekkbi.com\/index.php?rest_route=\/wp\/v2\/posts\/50291\/revisions\/50296"}],"wp:featuredmedia":[{"embeddable":true,"href":"https:\/\/dekkbi.com\/index.php?rest_route=\/wp\/v2\/media\/50294"}],"wp:attachment":[{"href":"https:\/\/dekkbi.com\/index.php?rest_route=%2Fwp%2Fv2%2Fmedia&parent=50291"}],"wp:term":[{"taxonomy":"category","embeddable":true,"href":"https:\/\/dekkbi.com\/index.php?rest_route=%2Fwp%2Fv2%2Fcategories&post=50291"},{"taxonomy":"post_tag","embeddable":true,"href":"https:\/\/dekkbi.com\/index.php?rest_route=%2Fwp%2Fv2%2Ftags&post=50291"}],"curies":[{"name":"wp","href":"https:\/\/api.w.org\/{rel}","templated":true}]}}