{"id":50264,"date":"2025-01-13T09:39:35","date_gmt":"2025-01-13T09:39:35","guid":{"rendered":"https:\/\/dekkbi.com\/?p=50264"},"modified":"2025-01-13T10:30:30","modified_gmt":"2025-01-13T10:30:30","slug":"livre-la-jeunesse-prend-le-pouvoir-mame-birame-wathie-explore-les-coulisses-de-la-revolution-generationnelle-du-pastef","status":"publish","type":"post","link":"https:\/\/dekkbi.com\/?p=50264","title":{"rendered":"LIVRE &#8211; Mame Birame Wathie explore les coulisses de la r\u00e9volution g\u00e9n\u00e9rationnelle du Pastef"},"content":{"rendered":"\n<p><strong>La c\u00e9r\u00e9monie de d\u00e9dicaces du livre \u00ab\u2009La jeunesse prend le pouvoir, une r\u00e9volution d\u00e9mocratique \u00e0 la s\u00e9n\u00e9galaise\u2009\u00bb a \u00e9t\u00e9 l\u2019occasion pour l\u2019auteur, Mame Birame Wathie, de dresser un jugement sans complaisance sur une p\u00e9riode de la vie politique de notre pays depuis la premi\u00e8re alternance en 2000 jusqu\u2019\u00e0 la cons\u00e9cration du Pastef en mars 2024.&nbsp;<\/strong><\/p>\n\n\n\n<p>La c\u00e9r\u00e9monie de pr\u00e9sentation et de d\u00e9dicaces du livre du journaliste Mame Birame Wathie, \u00ab\u2009La Jeunesse prend le pouvoir, une r\u00e9volution d\u00e9mocratique \u00e0 la s\u00e9n\u00e9galaise\u2009\u00bb s\u2019est tenue, samedi dernier, dans la grande salle de conf\u00e9rence du Mus\u00e9e des Civilisations noires. Devant un parterre d\u2019autorit\u00e9s \u00e9tatiques parmi lesquels Moustapha Ndieck Sarr\u00e9, ministre de la Formation professionnelle et porte-parole du gouvernement, Olivier Boucal, ministre de la Fonction publique, les diff\u00e9rents intervenants ont salu\u00e9 un travail rigoureux et d\u2019analyses pr\u00e9cises.<\/p>\n\n\n\n<p>Divis\u00e9 en quatre chapitres, l\u2019ouvrage prend le parti de l\u2019audace \u00e0 travers des titres accrocheurs comme \u00ab\u2009Abdoulaye Wade, le gourou\u2009\u00bb, \u00ab\u2009Macky Sall le grand Almamy\u2009\u00bb, \u00ab\u2009Macky Sall le d\u00e9molisseur\u2009\u00bb ou \u00ab\u2009Khalifa Sall t\u00eate de Turc\u2009\u00bb, attirant l\u2019attention du lecteur dans un univers de luttes politiques, de rebondissements et de man\u0153uvres depuis les deux premiers mandats de Wade jusqu\u2019\u00e0 la cons\u00e9cration de Pastef en mars 2024.<\/p>\n\n\n\n<p>Pour son pr\u00e9facier Bara Tall, chef d\u2019entreprises, le livre de 205 pages se pr\u00e9sente comme un outil p\u00e9dagogique devant permettre d\u2019\u00e9tudier, de mani\u00e8re approfondie, les diff\u00e9rentes p\u00e9rip\u00e9ties de cette p\u00e9riode. \u00ab\u2009Mame Birame Wathie retrace et consigne certains faits majeurs de notre histoire politique, sociale et \u00e9conomique\u2009\u00bb, nous r\u00e9v\u00e8le sa pr\u00e9face.<\/p>\n\n\n\n<p><strong>Le projet avort\u00e9 des lib\u00e9raux pour rester 50 ans au pouvoir<\/strong><\/p>\n\n\n\n<p>L\u2019ouvrage n\u2019est que le prolongement du dernier livre de Mame Birame Wathie \u00ab\u2009Affaire Karim Wade et Macky Sall : la double victimisation gagnante de Ma\u00eetre Wade\u2009\u00bb publi\u00e9 en 2016, constate Ndiaga Diouf, chef du service d\u00e9partemental de l\u2019Action sociale \u00e0 Ziguinchor.<\/p>\n\n\n\n<p>\u00ab\u2009Cette \u0153uvre tr\u00e8s bien \u00e9crite et largement document\u00e9e permettra aux lecteurs d\u2019avoir une meilleure connaissance de la dynamique psychosociale du champ politique et des trajectoires de ses personnages les plus en vue. Mais aussi, ils prendront conscience des man\u0153uvres et des intrigues qui caus\u00e8rent la perte des lib\u00e9raux et de leurs alli\u00e9s\u2009\u00bb, dit-il.<\/p>\n\n\n\n<p>L\u2019autre int\u00e9r\u00eat que pr\u00e9sente cet ouvrage est sans doute le r\u00e9cit de la chute des lib\u00e9raux, balay\u00e9s par ce que Mame Birame Wathie appelle la r\u00e9volution d\u00e9mocratique \u00e0 la S\u00e9n\u00e9galaise, dont les h\u00e9ros sont la jeunesse et Ousmane Sonko, le leader charismatique du Pastef, analyse M. Diouf. L\u2019auteur, lui, soutient avoir choisi d\u2019\u00e9crire ce livre dans le but de figer dans l\u2019encre l\u2019exactitude des \u00e9v\u00e8nements politiques pour les g\u00e9n\u00e9rations futures afin d\u2019\u00e9viter toute alt\u00e9ration des faits r\u00e9els.<\/p>\n\n\n\n<p>\u00ab L\u2019ancien journaliste de l\u2019As Quotidien a voulu aussi d\u00e9montrer comment l\u2019\u00e9mergence du Pastef a permis de contrecarrer la volont\u00e9 des lib\u00e9raux de demeurer 50 ans au pouvoir. \u00ab\u2009D\u00e8s 2004, Abdoulaye Wade man\u0153uvrait pour mettre en place son projet pour garder au pouvoir les lib\u00e9raux pendant 50 ans. Quand Ousmane Sonko, lors de sa campagne pr\u00e9sidentielle de 2019, avait sollicit\u00e9 son soutien, ce dernier le lui refusa ainsi qu\u2019\u00e0 Idrissa Seck, pr\u00e9f\u00e9rant appeler au boycott. Macky Sall passa au premier tour lors de cette pr\u00e9sidentielle.<\/p>\n\n\n\n<p>Ousmane Sonko, qui commen\u00e7ait \u00e0 s\u2019imposer aux yeux de l\u2019opinion comme alternative cr\u00e9dible au plan des lib\u00e9raux, va voir surgir l\u2019affaire \u00ab&nbsp;Sweet Beaut\u00e9&nbsp;\u00bb et celle en diffamation de Mame Mbaye Niang pour l\u2019\u00e9carter d\u00e9finitivement de la pr\u00e9sidentielle de 2024\u2009\u00bb, rappelle le chroniqueur \u00e0 Walf Tv. La jeunesse, en consacrant la victoire d\u2019un opposant, Bassirou Diomaye Faye, en mars 2024, a finalement sonn\u00e9 le glas de ce projet des lib\u00e9raux depuis 2000.<\/p>\n\n\n\n<p><strong>Mamadou Makhfouse NGOM<\/strong><br>LESOLEIL<\/p>\n","protected":false},"excerpt":{"rendered":"<p>La c\u00e9r\u00e9monie de d\u00e9dicaces du livre \u00ab\u2009La jeunesse prend le pouvoir, une r\u00e9volution d\u00e9mocratique \u00e0 la s\u00e9n\u00e9galaise\u2009\u00bb a \u00e9t\u00e9 l\u2019occasion<\/p>\n","protected":false},"author":1,"featured_media":50265,"comment_status":"open","ping_status":"open","sticky":false,"template":"","format":"standard","meta":{"footnotes":""},"categories":[21],"tags":[],"class_list":["post-50264","post","type-post","status-publish","format-standard","has-post-thumbnail","hentry","category-societe"],"_links":{"self":[{"href":"https:\/\/dekkbi.com\/index.php?rest_route=\/wp\/v2\/posts\/50264","targetHints":{"allow":["GET"]}}],"collection":[{"href":"https:\/\/dekkbi.com\/index.php?rest_route=\/wp\/v2\/posts"}],"about":[{"href":"https:\/\/dekkbi.com\/index.php?rest_route=\/wp\/v2\/types\/post"}],"author":[{"embeddable":true,"href":"https:\/\/dekkbi.com\/index.php?rest_route=\/wp\/v2\/users\/1"}],"replies":[{"embeddable":true,"href":"https:\/\/dekkbi.com\/index.php?rest_route=%2Fwp%2Fv2%2Fcomments&post=50264"}],"version-history":[{"count":2,"href":"https:\/\/dekkbi.com\/index.php?rest_route=\/wp\/v2\/posts\/50264\/revisions"}],"predecessor-version":[{"id":50297,"href":"https:\/\/dekkbi.com\/index.php?rest_route=\/wp\/v2\/posts\/50264\/revisions\/50297"}],"wp:featuredmedia":[{"embeddable":true,"href":"https:\/\/dekkbi.com\/index.php?rest_route=\/wp\/v2\/media\/50265"}],"wp:attachment":[{"href":"https:\/\/dekkbi.com\/index.php?rest_route=%2Fwp%2Fv2%2Fmedia&parent=50264"}],"wp:term":[{"taxonomy":"category","embeddable":true,"href":"https:\/\/dekkbi.com\/index.php?rest_route=%2Fwp%2Fv2%2Fcategories&post=50264"},{"taxonomy":"post_tag","embeddable":true,"href":"https:\/\/dekkbi.com\/index.php?rest_route=%2Fwp%2Fv2%2Ftags&post=50264"}],"curies":[{"name":"wp","href":"https:\/\/api.w.org\/{rel}","templated":true}]}}