{"id":50258,"date":"2025-01-13T09:33:05","date_gmt":"2025-01-13T09:33:05","guid":{"rendered":"https:\/\/dekkbi.com\/?p=50258"},"modified":"2025-01-13T09:33:06","modified_gmt":"2025-01-13T09:33:06","slug":"lethiopie-et-la-somalie-vont-retablir-leurs-relations-diplomatiques","status":"publish","type":"post","link":"https:\/\/dekkbi.com\/?p=50258","title":{"rendered":"L\u2019\u00c9thiopie et la Somalie vont r\u00e9tablir leurs relations diplomatiques"},"content":{"rendered":"\n<p>L\u2019\u00c9thiopie\u00a0et la\u00a0Somalie\u00a0se sont accord\u00e9s pour r\u00e9tablir et renforcer leurs relations bilat\u00e9rales et diplomatiques, \u00e0 l\u2019issue d\u2019une visite samedi \u00e0 Addis-Abeba du pr\u00e9sident somalien, dans le cadre d\u2019un accord de paix destin\u00e9 \u00e0 mettre fin aux tensions entre ces deux pays de la Corne de l\u2019Afrique.<a href=\"https:\/\/account.microsoft.com\/privacy\/ad-settings\" target=\"_blank\" rel=\"noreferrer noopener\"><\/a><\/p>\n\n\n\n<p>Le Premier ministre \u00e9thiopien,\u00a0Abiy Ahmed, et le pr\u00e9sident somalien Hassan Sheikh Mohamoud \u00ab\u00a0sont tomb\u00e9s d\u2019accord pour r\u00e9tablir et renforcer leurs relations bilat\u00e9rales \u00e0 travers des relations diplomatiques pleines et enti\u00e8res dans leurs capitales respectives\u00a0\u00bb, annonce un communiqu\u00e9 commun des deux gouvernements.<\/p>\n\n\n\n<p>Les relations s\u2019\u00e9taient vivement tendues en janvier dernier\u00a0entre ces deux pays apr\u00e8s la signature par l\u2019\u00c9thiopie, pays enclav\u00e9, d\u2019un accord pour un acc\u00e8s \u00e0 la mer avec le Somaliland, r\u00e9gion s\u00e9paratiste de la Somalie, pour louer 20 km de c\u00f4tes et obtenir ainsi un acc\u00e8s \u00e0 la mer.<\/p>\n\n\n\n<p>L\u2019ambassadeur d\u2019\u00c9thiopie dans la capitale somalienne, Mogadiscio, avait \u00e9t\u00e9 expuls\u00e9 en avril, et les deux pays avaient rompu leurs relations diplomatiques. La communaut\u00e9 internationale s\u2019\u00e9tait alors inqui\u00e9t\u00e9e des tensions entre les deux voisins, dans une r\u00e9gion d\u00e9j\u00e0 instable.<\/p>\n\n\n\n<p>Charg\u00e9:&nbsp;16.78%Jouer<img decoding=\"async\" src=\"https:\/\/assets.msn.com\/staticsb\/statics\/latest\/views\/icons\/video\/videoSeekBack.svg\"><img decoding=\"async\" src=\"https:\/\/assets.msn.com\/staticsb\/statics\/latest\/views\/icons\/video\/videoSeekForward.svg\"><\/p>\n\n\n\n<p>Heure actuelle&nbsp;0:00<\/p>\n\n\n\n<p>\/<\/p>\n\n\n\n<p><\/p>\n\n\n\n<h2 class=\"wp-block-heading\">\u00ab&nbsp;Confiance mutuelle, assurance et respect&nbsp;\u00bb<\/h2>\n\n\n\n<p>D\u00e9but d\u00e9cembre, le Premier ministre \u00e9thiopien et le pr\u00e9sident somalien avaient finalement trouv\u00e9 un accord pour mettre fin \u00e0 cette crise,\u00a0sous les auspices du pr\u00e9sident turc Recep Tayyip Erdogan.<\/p>\n\n\n\n<p>\u00ab&nbsp;Les deux dirigeants ont r\u00e9affirm\u00e9 que la stabilit\u00e9 de la r\u00e9gion n\u00e9cessite une coop\u00e9ration forte entre les deux pays, bas\u00e9 sur la confiance mutuelle, l\u2019assurance et le respect&nbsp;\u00bb, affirme le communiqu\u00e9 commun du samedi 11 janvier, qui fait \u00e9tat de \u00ab&nbsp;discussions constructives sur la mani\u00e8re de renforcer la relation fraternelle entre les deux pays&nbsp;\u00bb.<\/p>\n\n\n\n<p>Les discussions de samedi ont aussi port\u00e9 sur les \u00ab\u00a0menaces graves et \u00e9volutives\u00a0\u00bb pos\u00e9es par les groupes extr\u00e9mistes dans cette r\u00e9gion \u2013 notamment les insurg\u00e9s islamistes radicaux\u00a0<a href=\"https:\/\/www.jeuneafrique.com\/tags\/shebab\/?utm_source=microsoft&amp;utm_medium=feeds&amp;utm_campaign=feeds-microsoft-v1\" target=\"_blank\" rel=\"noreferrer noopener\">shebab<\/a>, li\u00e9s \u00e0 Al-Qa\u00efda et qui combattent depuis plus de quinze ans le gouvernement f\u00e9d\u00e9ral de Somalie. Les dirigeants ont convenu de demander \u00e0 leurs agences de renseignement respectives de \u00ab\u00a0renforcer leur coop\u00e9ration\u00a0\u00bb face \u00e0 ces d\u00e9fis s\u00e9curitaires.<\/p>\n\n\n\n<p>Les deux leaders ont \u00e9galement \u00ab&nbsp;r\u00e9it\u00e9r\u00e9 leur engagement&nbsp;\u00bb envers l\u2019accord d\u2019Ankara et \u00e0 \u00ab&nbsp;l\u2019esprit d\u2019amiti\u00e9 et de solidarit\u00e9 qui l\u2019anime&nbsp;\u00bb, ajoute le communiqu\u00e9.<\/p>\n\n\n\n<p>Le pr\u00e9sident somalien est arriv\u00e9 samedi en \u00c9thiopie. Des photos et vid\u00e9os, publi\u00e9es sur le compte X du Premier ministre \u00e9thiopien, le montrent accueillant chaleureusement et en grande pompe le pr\u00e9sident somalien \u00e0 l\u2019a\u00e9roport d\u2019Addis-Abeba.<\/p>\n\n\n\n<p>Les services du pr\u00e9sident somalien avaient pr\u00e9cis\u00e9 que ce dernier se rendait \u00e0 Addis-Abeba \u00e0 la demande de Abiy Ahmed. \u00ab&nbsp;Cette visite vise \u00e0 approfondir l\u2019accord r\u00e9cent conclu \u00e0 Ankara. Cette coop\u00e9ration renouvel\u00e9e vient souligner une nouvelle \u00e8re de collaboration entre la Somalie et l\u2019\u00c9thiopie&nbsp;\u00bb, avait ajout\u00e9 la m\u00eame source.<\/p>\n\n\n\n<h2 class=\"wp-block-heading\">Des questions en suspens<\/h2>\n\n\n\n<p>En revanche, plusieurs questions restent \u00e0 r\u00e9gler. Bien que le pr\u00e9sident turc Recep Tayyip Erdogan ait dit que l\u2019accord de d\u00e9cembre allait ouvrir \u00e0 l\u2019\u00c9thiopie enclav\u00e9e une forme d\u2019acc\u00e8s \u00e0 la mer, aucun d\u00e9tail n\u2019a \u00e9t\u00e9 donn\u00e9 sur la fa\u00e7on dont cela serait mis en \u0153uvre. Le sort du pr\u00e9c\u00e9dent accord entre l\u2019\u00c9thiopie et le Somaliland est \u00e9galement incertain.<a href=\"https:\/\/popup.taboola.com\/en\/\" target=\"_blank\" rel=\"noreferrer noopener\"><\/a><\/p>\n\n\n\n<p>\u00c0 peine quelques heures avant la visite du pr\u00e9sident somalien \u00e0 Addis-Abeba, les tensions \u00e9taient encore palpables au Caire, lors d\u2019une rencontre entre les ministres des Affaires \u00e9trang\u00e8res somalien, \u00e9rythr\u00e9en et \u00e9gyptien.<\/p>\n\n\n\n<p>\u00ab&nbsp;La mer Rouge et sa s\u00e9curit\u00e9 ne sont soumises qu\u2019\u00e0 la volont\u00e9 des pays situ\u00e9s sur cette c\u00f4te, et il est absolument inacceptable pour tout pays ne bordant pas la mer Rouge d\u2019y avoir une pr\u00e9sence, que ce soit militaire, navale ou autre&nbsp;\u00bb, a estim\u00e9 le chef de la diplomatie \u00e9gyptienne, Badr Abdelatty.<\/p>\n\n\n\n<p>Les trois pays se sont rapproch\u00e9s r\u00e9cemment pour faire face aux ambitions de l\u2019\u00c9thiopie dans la r\u00e9gion. Ils ont form\u00e9 une alliance r\u00e9gionale lors d\u2019un sommet \u00e0 Asmara. Samedi, les trois ministres ont annonc\u00e9 que d\u2019autres annonces suivraient.<\/p>\n\n\n\n<p>Des inqui\u00e9tudes communes concernant l\u2019\u00c9thiopie ont \u00e9galement favoris\u00e9 une coop\u00e9ration militaire renforc\u00e9e entre Le Caire et Mogadiscio. L\u2019\u00c9gypte a annonc\u00e9 sa participation \u00e0 une nouvelle force de maintien de la paix de l\u2019Union africaine (UA) en Somalie, dont le d\u00e9ploiement est pr\u00e9vu ce mois-ci.<\/p>\n\n\n\n<p><strong>(Avec AFP)<\/strong><\/p>\n","protected":false},"excerpt":{"rendered":"<p>L\u2019\u00c9thiopie\u00a0et la\u00a0Somalie\u00a0se sont accord\u00e9s pour r\u00e9tablir et renforcer leurs relations bilat\u00e9rales et diplomatiques, \u00e0 l\u2019issue d\u2019une visite samedi \u00e0 Addis-Abeba<\/p>\n","protected":false},"author":1,"featured_media":50259,"comment_status":"open","ping_status":"open","sticky":false,"template":"","format":"standard","meta":{"footnotes":""},"categories":[51],"tags":[],"class_list":["post-50258","post","type-post","status-publish","format-standard","has-post-thumbnail","hentry","category-general"],"_links":{"self":[{"href":"https:\/\/dekkbi.com\/index.php?rest_route=\/wp\/v2\/posts\/50258","targetHints":{"allow":["GET"]}}],"collection":[{"href":"https:\/\/dekkbi.com\/index.php?rest_route=\/wp\/v2\/posts"}],"about":[{"href":"https:\/\/dekkbi.com\/index.php?rest_route=\/wp\/v2\/types\/post"}],"author":[{"embeddable":true,"href":"https:\/\/dekkbi.com\/index.php?rest_route=\/wp\/v2\/users\/1"}],"replies":[{"embeddable":true,"href":"https:\/\/dekkbi.com\/index.php?rest_route=%2Fwp%2Fv2%2Fcomments&post=50258"}],"version-history":[{"count":1,"href":"https:\/\/dekkbi.com\/index.php?rest_route=\/wp\/v2\/posts\/50258\/revisions"}],"predecessor-version":[{"id":50260,"href":"https:\/\/dekkbi.com\/index.php?rest_route=\/wp\/v2\/posts\/50258\/revisions\/50260"}],"wp:featuredmedia":[{"embeddable":true,"href":"https:\/\/dekkbi.com\/index.php?rest_route=\/wp\/v2\/media\/50259"}],"wp:attachment":[{"href":"https:\/\/dekkbi.com\/index.php?rest_route=%2Fwp%2Fv2%2Fmedia&parent=50258"}],"wp:term":[{"taxonomy":"category","embeddable":true,"href":"https:\/\/dekkbi.com\/index.php?rest_route=%2Fwp%2Fv2%2Fcategories&post=50258"},{"taxonomy":"post_tag","embeddable":true,"href":"https:\/\/dekkbi.com\/index.php?rest_route=%2Fwp%2Fv2%2Ftags&post=50258"}],"curies":[{"name":"wp","href":"https:\/\/api.w.org\/{rel}","templated":true}]}}