{"id":50222,"date":"2025-01-10T15:09:17","date_gmt":"2025-01-10T15:09:17","guid":{"rendered":"https:\/\/dekkbi.com\/?p=50222"},"modified":"2025-01-10T15:09:17","modified_gmt":"2025-01-10T15:09:17","slug":"est-de-la-rdc-les-autorites-font-un-etat-des-lieux-des-fronts-militaire-et-diplomatique","status":"publish","type":"post","link":"https:\/\/dekkbi.com\/?p=50222","title":{"rendered":"Est de la RDC: les autorit\u00e9s font un \u00e9tat des lieux des \u00abfronts militaire et diplomatique\u00bb"},"content":{"rendered":"\n<p>En RDC, la guerre \u00e0 l\u2019est du pays qui oppose les forces congolaises et leurs alli\u00e9s au groupe arm\u00e9 M23 et \u00e0 l\u2019arm\u00e9e rwandaise \u00e9tait au c\u0153ur d\u2019une conf\u00e9rence de presse des autorit\u00e9s de RDC ce 9 janvier 2025. Devant les m\u00e9dias, le porte-parole de l\u2019arm\u00e9e, le porte-parole du gouvernement, et la cheffe de la diplomatie, ont \u00e9voqu\u00e9 deux fronts&nbsp;: militaire et diplomatique. L\u2019occasion pour les FARDC de revenir sur les op\u00e9rations des derniers jours.<\/p>\n\n\n\n<p><em>Avec notre correspondante \u00e0 Kinshasa,\u00a0<\/em><strong>Paulina Zidi<\/strong> &#8211; SOURCE RFI<\/p>\n\n\n\n<p>C\u2019est le porte-parole de l\u2019arm\u00e9e de la\u00a0<strong>RDC\u00a0<\/strong>(FARDC) qui a fait jeudi le point \u00e0 la t\u00e9l\u00e9vision nationale sur les op\u00e9rations sur le terrain. Il a donc \u00e9voqu\u00e9 le retour du groupe arm\u00e9 M23 dans la localit\u00e9 de Masisi-Centre (province du Nord-Kivu), mais les combats se poursuivent, ajoute le g\u00e9n\u00e9ral Ekenge. L\u2019objectif de cette contre-offensive lanc\u00e9e depuis lundi, c\u2019est de reprendre du terrain au M23, \u00e0 l\u2019origine de la rupture du cessez-le-feu, selon Kinshasa.<\/p>\n\n\n\n<p>Le responsable militaire a confirm\u00e9 que les FARDC \u00e9taient bien de retour \u00e0 Ngungu, cit\u00e9 localis\u00e9e \u00e0 une trentaine de kilom\u00e8tres de Sake, consid\u00e9r\u00e9 comme l\u2019un des verrous s\u00e9curitaires de Goma, la capitale provinciale.<\/p>\n\n\n\n<p>Les autorit\u00e9s congolaises ont \u00e9galement \u00e9voqu\u00e9 le front diplomatique&nbsp;: la ministre des Affaires \u00e9trang\u00e8res, Th\u00e9r\u00e8se Wagner, s\u2019est f\u00e9licit\u00e9e de plusieurs d\u00e9clarations de chancelleries occidentale qui condamnent la derni\u00e8re offensive du M23 et appellent une nouvelle fois au retrait des militaires rwandais. La ministre qui a aussi insist\u00e9 sur le dernier rapport des experts de l\u2019ONU qui avance le chiffre de 3 000 \u00e0 4000 soldats rwandais en RDC.<\/p>\n\n\n\n<p>Et dans ce front diplomatique, il y a le front m\u00e9diatique sur lequel a insist\u00e9 cette fois-ci le ministre de Communication, Patrick Muyaya. Un avertissement a \u00e9t\u00e9 lanc\u00e9 aux m\u00e9dias sur le traitement de la guerre dans l\u2019est de la RDC. Le ministre qui a aussi annonc\u00e9 le retrait des accr\u00e9ditations des journalistes du m\u00e9dia qatarien al-Jazeera. En cause, la diffusion d\u2019une interview d\u2019un des responsables du groupe arm\u00e9, Bertrand Bisimwa, r\u00e9alis\u00e9e par ce que Kinshasa qualifie de \u00ab&nbsp;<em>propagandiste pro-Kagame<\/em>&nbsp;\u00bb. \u00ab&nbsp;<em>Une ligne rouge<\/em>&nbsp;\u00bb, a rappel\u00e9 le ministre congolais.<\/p>\n","protected":false},"excerpt":{"rendered":"<p>En RDC, la guerre \u00e0 l\u2019est du pays qui oppose les forces congolaises et leurs alli\u00e9s au groupe arm\u00e9 M23<\/p>\n","protected":false},"author":1,"featured_media":50223,"comment_status":"open","ping_status":"open","sticky":false,"template":"","format":"standard","meta":{"footnotes":""},"categories":[51],"tags":[],"class_list":["post-50222","post","type-post","status-publish","format-standard","has-post-thumbnail","hentry","category-general"],"_links":{"self":[{"href":"https:\/\/dekkbi.com\/index.php?rest_route=\/wp\/v2\/posts\/50222","targetHints":{"allow":["GET"]}}],"collection":[{"href":"https:\/\/dekkbi.com\/index.php?rest_route=\/wp\/v2\/posts"}],"about":[{"href":"https:\/\/dekkbi.com\/index.php?rest_route=\/wp\/v2\/types\/post"}],"author":[{"embeddable":true,"href":"https:\/\/dekkbi.com\/index.php?rest_route=\/wp\/v2\/users\/1"}],"replies":[{"embeddable":true,"href":"https:\/\/dekkbi.com\/index.php?rest_route=%2Fwp%2Fv2%2Fcomments&post=50222"}],"version-history":[{"count":1,"href":"https:\/\/dekkbi.com\/index.php?rest_route=\/wp\/v2\/posts\/50222\/revisions"}],"predecessor-version":[{"id":50224,"href":"https:\/\/dekkbi.com\/index.php?rest_route=\/wp\/v2\/posts\/50222\/revisions\/50224"}],"wp:featuredmedia":[{"embeddable":true,"href":"https:\/\/dekkbi.com\/index.php?rest_route=\/wp\/v2\/media\/50223"}],"wp:attachment":[{"href":"https:\/\/dekkbi.com\/index.php?rest_route=%2Fwp%2Fv2%2Fmedia&parent=50222"}],"wp:term":[{"taxonomy":"category","embeddable":true,"href":"https:\/\/dekkbi.com\/index.php?rest_route=%2Fwp%2Fv2%2Fcategories&post=50222"},{"taxonomy":"post_tag","embeddable":true,"href":"https:\/\/dekkbi.com\/index.php?rest_route=%2Fwp%2Fv2%2Ftags&post=50222"}],"curies":[{"name":"wp","href":"https:\/\/api.w.org\/{rel}","templated":true}]}}