{"id":50219,"date":"2025-01-10T15:04:54","date_gmt":"2025-01-10T15:04:54","guid":{"rendered":"https:\/\/dekkbi.com\/?p=50219"},"modified":"2025-01-10T15:04:54","modified_gmt":"2025-01-10T15:04:54","slug":"influenceur-algerien-renvoye-apres-son-expulsion-lalgerie-cherche-a-humilier-la-france-denonce-bruno-retailleau","status":"publish","type":"post","link":"https:\/\/dekkbi.com\/?p=50219","title":{"rendered":"Influenceur alg\u00e9rien renvoy\u00e9 apr\u00e8s son expulsion\u00a0: \u00ab\u00a0L&rsquo;Alg\u00e9rie cherche \u00e0 humilier la France\u00a0\u00bb, d\u00e9nonce Bruno Retailleau"},"content":{"rendered":"\n<p>\u00ab\u00a0Je pense qu&rsquo;on a atteint avec l&rsquo;Alg\u00e9rie un seuil extr\u00eamement inqui\u00e9tant\u00a0\u00bb, a d\u00e9plor\u00e9 le ministre de l&rsquo;Int\u00e9rieur, qui s&rsquo;exprimait vendredi lors d&rsquo;un d\u00e9placement \u00e0 Nantes.<\/p>\n\n\n\n<p><em>\u00ab\u00a0On voit bien que l&rsquo;Alg\u00e9rie cherche \u00e0 humilier la France\u00a0\u00bb,<\/em>\u00a0a accus\u00e9 le ministre de l&rsquo;Int\u00e9rieur Bruno Retailleau, vendredi 10 janvier, au lendemain\u00a0du renvoi par l&rsquo;Alg\u00e9rie de\u00a0l&rsquo;influenceur alg\u00e9rien Doualemn, que la France avait expuls\u00e9 le jour m\u00eame.\u00a0<em>\u00ab\u00a0Je veux dire ma stup\u00e9faction, je pense qu&rsquo;on a atteint avec l&rsquo;Alg\u00e9rie un seuil extr\u00eamement inqui\u00e9tant\u00a0\u00bb,<\/em>\u00a0a estim\u00e9 le ministre lors d&rsquo;un d\u00e9placement \u00e0 Nantes.<\/p>\n\n\n\n<p>Il a d\u00e9fendu l&rsquo;expulsion de ce ressortissant alg\u00e9rien de 59&nbsp;ans, interpell\u00e9 dimanche apr\u00e8s la diffusion d&rsquo;une vid\u00e9o dans laquelle il appelait \u00e0&nbsp;<em>\u00ab\u00a0frapper un homme semblant r\u00e9sider en Alg\u00e9rie\u00a0\u00bb&nbsp;<\/em>selon le parquet de Montpellier.<\/p>\n\n\n\n<p><em>\u00ab\u00a0Les autorit\u00e9s alg\u00e9riennes n&rsquo;ont pas voulu le laisser d\u00e9barquer sur le sol alg\u00e9rien, en contradiction totale avec les r\u00e8gles, avec la Convention de Chicago qui rappelle que les pays sont comptables de leurs propres ressortissants\u00a0\u00bb<\/em>, a justifi\u00e9 Bruno Retailleau.<em>&nbsp;\u00ab\u00a0L&rsquo;Alg\u00e9rie a \u00e9voqu\u00e9 un motif sans produire aucune preuve\u00a0\u00bb<\/em>.<\/p>\n\n\n\n<h2 class=\"wp-block-heading\">\u00ab\u00a0Un \u00e9ventail de possibilit\u00e9s\u00a0\u00bb pour r\u00e9pondre \u00e0 Alger&nbsp;<\/h2>\n\n\n\n<p>Le ministre de l&rsquo;Int\u00e9rieur a \u00e9galement d\u00e9nonc\u00e9 une nouvelle fois la d\u00e9tention en Alg\u00e9rie de\u00a0l&rsquo;\u00e9crivain Boualem Sansal(Nouvelle fen\u00eatre),\u00a0<em>\u00ab\u00a0qui est non seulement Alg\u00e9rien, mais qui est aussi Fran\u00e7ais\u00a0\u00bb.\u00a0\u00ab\u00a0Est-ce qu&rsquo;un grand pays, est-ce qu&rsquo;un grand peuple, peut s&rsquo;honorer de maintenir en d\u00e9tention, pour de mauvaises raisons, quelqu&rsquo;un qui est malade et qui est \u00e2g\u00e9 ?\u00a0\u00bb<\/em>, a-t-il interrog\u00e9 face \u00e0 la presse.<\/p>\n\n\n\n<p><em>\u00ab\u00a0La France ne peut pas supporter cette situation. Et je pense (&#8230;) qu&rsquo;on doit d\u00e9sormais \u00e9valuer tous les moyens qui sont \u00e0 notre disposition (&#8230;) vis-\u00e0-vis de l&rsquo;Alg\u00e9rie. (&#8230;)\u00a0\u00bb,<\/em>&nbsp;a-t-il menac\u00e9.<em>&nbsp;\u00ab\u00a0Il y a un \u00e9ventail de possibilit\u00e9s, que je ne d\u00e9taillerai pas ici, qui doivent \u00eatre \u00e9tudi\u00e9es au plus haut niveau, gouvernement et pr\u00e9sident de la R\u00e9publique\u00a0\u00bb<\/em>, a poursuivi Bruno Retailleau.<\/p>\n\n\n\n<p>Article r\u00e9dig\u00e9 par franceinfo avec AFP<\/p>\n","protected":false},"excerpt":{"rendered":"<p>\u00ab\u00a0Je pense qu&rsquo;on a atteint avec l&rsquo;Alg\u00e9rie un seuil extr\u00eamement inqui\u00e9tant\u00a0\u00bb, a d\u00e9plor\u00e9 le ministre de l&rsquo;Int\u00e9rieur, qui s&rsquo;exprimait vendredi<\/p>\n","protected":false},"author":1,"featured_media":50220,"comment_status":"open","ping_status":"open","sticky":false,"template":"","format":"standard","meta":{"footnotes":""},"categories":[51],"tags":[],"class_list":["post-50219","post","type-post","status-publish","format-standard","has-post-thumbnail","hentry","category-general"],"_links":{"self":[{"href":"https:\/\/dekkbi.com\/index.php?rest_route=\/wp\/v2\/posts\/50219","targetHints":{"allow":["GET"]}}],"collection":[{"href":"https:\/\/dekkbi.com\/index.php?rest_route=\/wp\/v2\/posts"}],"about":[{"href":"https:\/\/dekkbi.com\/index.php?rest_route=\/wp\/v2\/types\/post"}],"author":[{"embeddable":true,"href":"https:\/\/dekkbi.com\/index.php?rest_route=\/wp\/v2\/users\/1"}],"replies":[{"embeddable":true,"href":"https:\/\/dekkbi.com\/index.php?rest_route=%2Fwp%2Fv2%2Fcomments&post=50219"}],"version-history":[{"count":1,"href":"https:\/\/dekkbi.com\/index.php?rest_route=\/wp\/v2\/posts\/50219\/revisions"}],"predecessor-version":[{"id":50221,"href":"https:\/\/dekkbi.com\/index.php?rest_route=\/wp\/v2\/posts\/50219\/revisions\/50221"}],"wp:featuredmedia":[{"embeddable":true,"href":"https:\/\/dekkbi.com\/index.php?rest_route=\/wp\/v2\/media\/50220"}],"wp:attachment":[{"href":"https:\/\/dekkbi.com\/index.php?rest_route=%2Fwp%2Fv2%2Fmedia&parent=50219"}],"wp:term":[{"taxonomy":"category","embeddable":true,"href":"https:\/\/dekkbi.com\/index.php?rest_route=%2Fwp%2Fv2%2Fcategories&post=50219"},{"taxonomy":"post_tag","embeddable":true,"href":"https:\/\/dekkbi.com\/index.php?rest_route=%2Fwp%2Fv2%2Ftags&post=50219"}],"curies":[{"name":"wp","href":"https:\/\/api.w.org\/{rel}","templated":true}]}}