{"id":50183,"date":"2025-01-10T12:37:17","date_gmt":"2025-01-10T12:37:17","guid":{"rendered":"https:\/\/dekkbi.com\/?p=50183"},"modified":"2025-01-10T12:37:18","modified_gmt":"2025-01-10T12:37:18","slug":"previsions-meteorologiques-lanacim-annonce-la-poursuite-de-la-fraicheur-jusquen-fevrier","status":"publish","type":"post","link":"https:\/\/dekkbi.com\/?p=50183","title":{"rendered":"Pr\u00e9visions m\u00e9t\u00e9orologiques: l\u2019ANACIM annonce la poursuite de la fra\u00eecheur jusqu\u2019en f\u00e9vrier"},"content":{"rendered":"\n<p>Pour la p\u00e9riode de janvier \u00e0 mars 2025, selon l\u2019Agence nationale de la m\u00e9t\u00e9orologie et de l\u2019aviation civile (Anacim), les temp\u00e9ratures seraient globalement sup\u00e9rieures \u00e0 la moyenne saisonni\u00e8re dans les r\u00e9gions du nord, du nord-est, du centre-sud et du sud du pays. <\/p>\n\n\n\n<p>En revanche, le littoral nord (de Saint- Louis \u00e0 Dakar), les r\u00e9gions du centre et de l\u2019extr\u00eame-est pourraient enregistrer des temp\u00e9ratures proches des normales saisonni\u00e8res, c\u2019est-\u00e0-dire conformes aux tendances climatiques habituelles pour cette p\u00e9riode de l\u2019ann\u00e9e.<\/p>\n\n\n\n<p> S\u2019agissant des tendances mensuelles, l\u2019Anacim pr\u00e9cise \u00ab qu\u2019en janvier, les temp\u00e9ratures seront relativement fra\u00eeches, avec des probabilit\u00e9s mod\u00e9r\u00e9es dans une grande partie du pays \u00bb. En f\u00e9vrier, par contre, \u00ab une l\u00e9g\u00e8re hausse des temp\u00e9ratures marquera une transition progressive vers des conditions de plus en plus chaudes \u00bb.<\/p>\n\n\n\n<p>Pour ce qui est du mois de mars, \u00ab les temp\u00e9ratures atteindront leur pic, ce qui en fera le mois le plus chaud, du trimestre, avec des risques \u00e9lev\u00e9s de survenue de vagues de chaleur, notamment dans les r\u00e9gions de l\u2019Est \u00bb. Ainsi, selon Diabel Ndiaye, chef du service des Services climatiques de Anacim, les r\u00e9gions de Dakar et de Thi\u00e8s seront principalement caract\u00e9ris\u00e9es par la fra\u00eecheur. <\/p>\n\n\n\n<p>\u00ab De janvier \u00e0 mars, les temp\u00e9ratures seront globalement sup\u00e9rieures \u00e0 la moyenne. Durant le mois de janvier, on aura la continuit\u00e9 de la fra\u00eecheur connue au mois de d\u00e9cembre. En f\u00e9vrier, il y aura une l\u00e9g\u00e8re hausse des temp\u00e9ratures \u00bb, a-t-il expliqu\u00e9.<\/p>\n\n\n\n<p>SOURCE SUDQUOTIDIEN<\/p>\n","protected":false},"excerpt":{"rendered":"<p>Pour la p\u00e9riode de janvier \u00e0 mars 2025, selon l\u2019Agence nationale de la m\u00e9t\u00e9orologie et de l\u2019aviation civile (Anacim), les<\/p>\n","protected":false},"author":1,"featured_media":16099,"comment_status":"open","ping_status":"open","sticky":false,"template":"","format":"standard","meta":{"footnotes":""},"categories":[26],"tags":[],"class_list":["post-50183","post","type-post","status-publish","format-standard","has-post-thumbnail","hentry","category-fait-divers"],"_links":{"self":[{"href":"https:\/\/dekkbi.com\/index.php?rest_route=\/wp\/v2\/posts\/50183","targetHints":{"allow":["GET"]}}],"collection":[{"href":"https:\/\/dekkbi.com\/index.php?rest_route=\/wp\/v2\/posts"}],"about":[{"href":"https:\/\/dekkbi.com\/index.php?rest_route=\/wp\/v2\/types\/post"}],"author":[{"embeddable":true,"href":"https:\/\/dekkbi.com\/index.php?rest_route=\/wp\/v2\/users\/1"}],"replies":[{"embeddable":true,"href":"https:\/\/dekkbi.com\/index.php?rest_route=%2Fwp%2Fv2%2Fcomments&post=50183"}],"version-history":[{"count":1,"href":"https:\/\/dekkbi.com\/index.php?rest_route=\/wp\/v2\/posts\/50183\/revisions"}],"predecessor-version":[{"id":50184,"href":"https:\/\/dekkbi.com\/index.php?rest_route=\/wp\/v2\/posts\/50183\/revisions\/50184"}],"wp:featuredmedia":[{"embeddable":true,"href":"https:\/\/dekkbi.com\/index.php?rest_route=\/wp\/v2\/media\/16099"}],"wp:attachment":[{"href":"https:\/\/dekkbi.com\/index.php?rest_route=%2Fwp%2Fv2%2Fmedia&parent=50183"}],"wp:term":[{"taxonomy":"category","embeddable":true,"href":"https:\/\/dekkbi.com\/index.php?rest_route=%2Fwp%2Fv2%2Fcategories&post=50183"},{"taxonomy":"post_tag","embeddable":true,"href":"https:\/\/dekkbi.com\/index.php?rest_route=%2Fwp%2Fv2%2Ftags&post=50183"}],"curies":[{"name":"wp","href":"https:\/\/api.w.org\/{rel}","templated":true}]}}