{"id":50181,"date":"2025-01-10T12:28:54","date_gmt":"2025-01-10T12:28:54","guid":{"rendered":"https:\/\/dekkbi.com\/?p=50181"},"modified":"2025-01-10T12:28:55","modified_gmt":"2025-01-10T12:28:55","slug":"retention-des-donnees-sanitaires-et-sociales-and-gueusseum-leve-le-mot-dordre","status":"publish","type":"post","link":"https:\/\/dekkbi.com\/?p=50181","title":{"rendered":"R\u00e9tention des donn\u00e9es sanitaires et sociales : And Gueusseum l\u00e8ve le mot d\u2019ordre"},"content":{"rendered":"\n<p><strong>L\u2019alliance And Gueusseum a annonc\u00e9 hier, jeudi, dans un communiqu\u00e9 la lev\u00e9e totale du mot d\u2019ordre de r\u00e9tention des donn\u00e9es sanitaires et sociales. Non sans manquer de r\u00e9it\u00e9rer aux autorit\u00e9s publiques tous les contours de sa&nbsp;<\/strong><strong>plateforme revendicative.<\/strong><\/p>\n\n\n\n<p>Dans un communiqu\u00e9 en date d\u2019hier, il est not\u00e9 que : \u00ab Consid\u00e9rant le troisi\u00e8me plan d\u2019actions du 26 mars 2022 portant r\u00e9tention de l\u2019information sanitaire et sociale ; la r\u00e9ussite de l\u2019application dudit mot d\u2019ordre syndical durant 02 ans et 09 mois rendant le syst\u00e8me priv\u00e9 de donn\u00e9es sanitaires et sociales de qualit\u00e9 respectant les indicateurs de compl\u00e9tude et de promptitude, consid\u00e9rant qu\u2019au regard du respect du mot d\u2019ordre, la d\u00e9monstration de force a \u00e9t\u00e9 concr\u00e8te et parfaitement illustr\u00e9e pendant 33 mois de r\u00e9sistance et de r\u00e9silience ; les appels r\u00e9currents des autorit\u00e9s, des responsables de programmes et de projets ; les interventions des partenaires techniques et financiers de l\u2019Etat du S\u00e9n\u00e9gal ; les appels de plusieurs acteurs de la sant\u00e9 sous le couvert de l\u2019anonymat ; les appels r\u00e9currents du Ministre de la Sant\u00e9 et de l\u2019Action sociale dont le plus r\u00e9cent fait \u00e0 Ziguinchor le 06 janvier 2025, \u00e0 la fin de sa tourn\u00e9e nationale par lequel il invite solennellement And Gueusseum \u00e0 la lev\u00e9e du mot de r\u00e9tention sanitaire apr\u00e8s son aveu d\u2019impuissance face \u00e0 la gravit\u00e9 de la situation socio sanitaire ; la n\u00e9cessit\u00e9 d\u2019un sursaut patriotique au seul b\u00e9n\u00e9fice des populations ; le moment opportun pour donner une chance \u00e0 la paix sociale \u00bb, les camarades de Mballo Dia Thiam ont d\u00e9cid\u00e9 la lev\u00e9e totale du mot d\u2019ordre de r\u00e9tention des informations sanitaires et sociales. Ils ont aussi engag\u00e9 le minist\u00e8re de la Sant\u00e9 et de l\u2019action sociale dans une perspective pacifique et partag\u00e9e de restitution et de remont\u00e9e des donn\u00e9es sanitaires \u00e0 partir du 15 janvier 2025.<\/p>\n\n\n\n<p>Le Directoire National de l\u2019ASAS And Gueusseum change ainsi de strat\u00e9gies de lutte et de- mande au Gouvernement \u00ab l\u2019application du D\u00e9cret 2016-404 portant statut du personnel des \u00c9tablissements Publics de Sant\u00e9 pour la mobilit\u00e9, la couverture m\u00e9dicale, la protection sociale et l\u2019application de la r\u00e8gle des 03 fois 08 heures dans les h\u00f4pitaux, la migration de tous les contractuels (CDI) de l\u2019institut de pr\u00e9voyance retraite (IPRES) au Fonds National de retraite (FNR) et la revalorisation des pensions de retraite ; l\u2019application du D\u00e9cret 2020-936 portant cr\u00e9ation des Directions r\u00e9gionales de la Sant\u00e9 et de l\u2019Action sociale en abrogeant le D\u00e9cret 2023-1321 portant sur le m\u00eame objet ; la mise en \u0153uvre effective de la Fonction Publique Locale par l\u2019application des 11 d\u00e9crets obtenus de haute lutte par And Gueusseum et la prise en charge de tous les ayants droit ; le repositionnement de l\u2019Action sociale, de la sant\u00e9 communautaire et des soins de sant\u00e9 primaires dans une approche de pr\u00e9vention et de promotion tout en valorisant les diff\u00e9rents acteurs \u00bb.<\/p>\n\n\n\n<p>Par ailleurs, And Gueusseum s\u2019est r\u00e9jouie dans ledit communiqu\u00e9 de la lettre du ministre de la Sant\u00e9 et de l\u2019Action sociale n\u00b0173\/MSAS\/DGS\/DP du 03 janvier 2025 portant remerciements pour son implication dans la campagne de vaccination contre la rougeole et la rub\u00e9ole qui a permis d\u2019atteindre un score de 99,4%.<\/p>\n\n\n\n<p>Revenant sur les motifs qui avaient suscit\u00e9 cette r\u00e9tention, And Gueusseum a d\u00e9clar\u00e9 :\u00ab pour r\u00e9clamer l\u2019application des augmentations de salaire aux contractuels des \u00c9tablissements Publics de sant\u00e9 et aux travailleurs des collectivit\u00e9s territoriales, l\u2019ASAS And Gueusseum a mis en \u0153uvre 11 plans d\u2019actions jalonn\u00e9s de gr\u00e8ves et de boycott de tous les programmes de sant\u00e9. A la faveur d\u2019une audience avec le Premier Ministre Amadou Ba, l\u2019Alliance avait accept\u00e9 la tr\u00eave demand\u00e9e par l\u2019autorit\u00e9 tout en maintenant le mot d\u2019ordre de r\u00e9tention des donn\u00e9es sanitaires et sociales \u00bb a renseign\u00e9 la source. Et d\u2019ajouter : \u00ab ce faisant, l\u2019Asas avait d\u00e9cid\u00e9 d\u2019abr\u00e9ger les souffrances et d\u00e9sagr\u00e9ments caus\u00e9s aux usagers qui n\u2019avaient aucun tort pour s\u2019attaquer au syst\u00e8me sanitaire et social dans sa partie la plus vuln\u00e9rable \u00bb.<\/p>\n\n\n\n<p><strong>DENISE ZAROUR MEDANG<\/strong><br>SUDQUOTIDIEN<\/p>\n","protected":false},"excerpt":{"rendered":"<p>L\u2019alliance And Gueusseum a annonc\u00e9 hier, jeudi, dans un communiqu\u00e9 la lev\u00e9e totale du mot d\u2019ordre de r\u00e9tention des donn\u00e9es<\/p>\n","protected":false},"author":1,"featured_media":2904,"comment_status":"open","ping_status":"open","sticky":false,"template":"","format":"standard","meta":{"footnotes":""},"categories":[26],"tags":[],"class_list":["post-50181","post","type-post","status-publish","format-standard","has-post-thumbnail","hentry","category-fait-divers"],"_links":{"self":[{"href":"https:\/\/dekkbi.com\/index.php?rest_route=\/wp\/v2\/posts\/50181","targetHints":{"allow":["GET"]}}],"collection":[{"href":"https:\/\/dekkbi.com\/index.php?rest_route=\/wp\/v2\/posts"}],"about":[{"href":"https:\/\/dekkbi.com\/index.php?rest_route=\/wp\/v2\/types\/post"}],"author":[{"embeddable":true,"href":"https:\/\/dekkbi.com\/index.php?rest_route=\/wp\/v2\/users\/1"}],"replies":[{"embeddable":true,"href":"https:\/\/dekkbi.com\/index.php?rest_route=%2Fwp%2Fv2%2Fcomments&post=50181"}],"version-history":[{"count":1,"href":"https:\/\/dekkbi.com\/index.php?rest_route=\/wp\/v2\/posts\/50181\/revisions"}],"predecessor-version":[{"id":50182,"href":"https:\/\/dekkbi.com\/index.php?rest_route=\/wp\/v2\/posts\/50181\/revisions\/50182"}],"wp:featuredmedia":[{"embeddable":true,"href":"https:\/\/dekkbi.com\/index.php?rest_route=\/wp\/v2\/media\/2904"}],"wp:attachment":[{"href":"https:\/\/dekkbi.com\/index.php?rest_route=%2Fwp%2Fv2%2Fmedia&parent=50181"}],"wp:term":[{"taxonomy":"category","embeddable":true,"href":"https:\/\/dekkbi.com\/index.php?rest_route=%2Fwp%2Fv2%2Fcategories&post=50181"},{"taxonomy":"post_tag","embeddable":true,"href":"https:\/\/dekkbi.com\/index.php?rest_route=%2Fwp%2Fv2%2Ftags&post=50181"}],"curies":[{"name":"wp","href":"https:\/\/api.w.org\/{rel}","templated":true}]}}