{"id":50172,"date":"2025-01-10T12:20:43","date_gmt":"2025-01-10T12:20:43","guid":{"rendered":"https:\/\/dekkbi.com\/?p=50172"},"modified":"2025-01-10T12:20:44","modified_gmt":"2025-01-10T12:20:44","slug":"adama-lam-president-de-la-cnes-lendettement-doit-etre-base-sur-des-projets-prives","status":"publish","type":"post","link":"https:\/\/dekkbi.com\/?p=50172","title":{"rendered":"Adama Lam, pr\u00e9sident de la Cnes : \u00abL\u2019endettement doit \u00eatre bas\u00e9 sur des projets priv\u00e9s\u00bb"},"content":{"rendered":"\n<p><strong>Le nouveau r\u00e9gime doit s\u2019appuyer sur le secteur priv\u00e9 pour cr\u00e9er de la valeur ajout\u00e9e, financer le d\u00e9veloppement du S\u00e9n\u00e9gal. Cela constitue une alternative, plaide le pr\u00e9sident de la Conf\u00e9d\u00e9ration nationale des employeurs du S\u00e9n\u00e9gal (Cnes), Adama Lam.\u00a0<\/strong><\/p>\n\n\n\n<p>\u00abL\u2019Etat n\u2019aura plus de marge de man\u0153uvre dans les ann\u00e9es \u00e0 venir pour aller rechercher de l\u2019argent. Face \u00e0 cette situation, il doit s\u2019appuyer sur le\u00a0 secteur priv\u00e9 pour cr\u00e9er de la valeur ajout\u00e9e. Il faut que l\u2019on fasse confiance au secteur priv\u00e9 national\u00bb, recommande le pr\u00e9sident de la Conf\u00e9\u00add\u00e9ration nationale des emplo\u00adyeurs du S\u00e9n\u00e9gal (Cnes). Adama Lam intervenait hier \u00e0 un panel organis\u00e9 par \u00abR\u00e9ussir business Magazine\u00bb dans le cadre de ses 18 ans d\u2019existence. Le th\u00e8me de cette rencontre est\u00a0: \u00abLe S\u00e9n\u00e9gal \u00e0 l\u2019heure du d\u00e9veloppement endog\u00e8ne : les principaux leviers d\u2019une rupture syst\u00e9matique.\u00bb<\/p>\n\n\n\n<p>\u00abIl faut dire les choses exactement telles qu\u2019elles sont\u00bb, mart\u00e8le le patron de la Cnes, qui reconna\u00eet qu\u2019il y a des lenteurs dans la mise en \u0153uvre des projets pour d\u00e9velopper le pays. \u00abIl faut que l\u2019on commence \u00e0 structurer les projets.\u00a0Il faut que l\u2019on parle des secteurs d\u2019activit\u00e9 sur lesquels les cha\u00eenes de valeur peuvent \u00eatre d\u00e9velopp\u00e9es.\u00a0 C\u2019est cela qui sortira le pays de cette situation\u00bb, plaide-t-il. Avant de lancer un appel aux nouvelles autorit\u00e9s pour accompagner le secteur priv\u00e9 pour lui permettre de disposer d\u2019opportunit\u00e9s d\u2019investissement.<\/p>\n\n\n\n<p>\u00abL\u2019endettement doit \u00eatre bas\u00e9 sur des projets pri\u00adv\u00e9s.&nbsp;L\u2019Etat doit accompagner ce secteur priv\u00e9. Je suis tout \u00e0 fait r\u00e9volt\u00e9 quand j\u2019entends dire que le secteur priv\u00e9 n\u2019a pas les moyens.&nbsp;Mais qu\u2019est-ce qui a permis pendant 60 ans de payer les fonctionnaires, l\u2019Arm\u00e9e, la police, la gendarmerie, les h\u00f4pitaux,&nbsp;&nbsp;de faire des routes, de faire des \u00e9coles, de faire une diplomatie ?&nbsp;Eh bien, c\u2019est de l\u2019argent qui est tir\u00e9 du secteur priv\u00e9\u00bb, d\u00e9clare M. Lam. Le d\u00e9veloppement endog\u00e8ne, selon lui, peut \u00eatre concr\u00e9tis\u00e9 avec l\u2019implication du secteur priv\u00e9.&nbsp;\u00abC\u2019est cela la r\u00e9alit\u00e9.&nbsp;Donc, le secteur priv\u00e9, il faut l\u2019accompagner.&nbsp;Il faut le soutenir. Il faut croire \u00e0 sa capacit\u00e9 de faire en sorte que ce d\u00e9veloppement endog\u00e8ne soit une r\u00e9alit\u00e9.&nbsp;C\u2019est cela qu\u2019on attend de notre Etat.&nbsp;&nbsp;Il faut qu\u2019on ait beaucoup plus de synergie, beaucoup plus d\u2019\u00e9coute.&nbsp; Ces autorit\u00e9s, nous leur demandons moins d\u2019enfermement\u00bb, lance-t-il.&nbsp; Il d\u00e9plore ainsi, l\u2019acc\u00e8s difficile aux autorit\u00e9s.&nbsp;\u00abIl faut \u00e9couter les gens pour qu\u2019on vous donne les solutions par lesquelles nous pouvons d\u00e9velopper ce pays.&nbsp;&nbsp;Ces solutions se trouvent dans le secteur priv\u00e9. Ces comp\u00e9tences se trouvent dans le secteur priv\u00e9.&nbsp;Il n\u2019y a pas d\u2019autres solutions\u00bb, insiste le pr\u00e9sident de la Cnes.<\/p>\n\n\n\n<p>Le nouveau r\u00e9f\u00e9rentiel des politiques publiques, \u00abS\u00e9n\u00e9gal 2025\u00bb, vise un pays souverain, juste et prosp\u00e8re. Ce qui implique, d\u2019apr\u00e8s lui, de rompre avec les sch\u00e9mas du pass\u00e9.<br><strong>&nbsp;ambodji@lequotidien.sn<\/strong><\/p>\n","protected":false},"excerpt":{"rendered":"<p>Le nouveau r\u00e9gime doit s\u2019appuyer sur le secteur priv\u00e9 pour cr\u00e9er de la valeur ajout\u00e9e, financer le d\u00e9veloppement du S\u00e9n\u00e9gal.<\/p>\n","protected":false},"author":1,"featured_media":50173,"comment_status":"open","ping_status":"open","sticky":false,"template":"","format":"standard","meta":{"footnotes":""},"categories":[3],"tags":[],"class_list":["post-50172","post","type-post","status-publish","format-standard","has-post-thumbnail","hentry","category-event-more-news"],"_links":{"self":[{"href":"https:\/\/dekkbi.com\/index.php?rest_route=\/wp\/v2\/posts\/50172","targetHints":{"allow":["GET"]}}],"collection":[{"href":"https:\/\/dekkbi.com\/index.php?rest_route=\/wp\/v2\/posts"}],"about":[{"href":"https:\/\/dekkbi.com\/index.php?rest_route=\/wp\/v2\/types\/post"}],"author":[{"embeddable":true,"href":"https:\/\/dekkbi.com\/index.php?rest_route=\/wp\/v2\/users\/1"}],"replies":[{"embeddable":true,"href":"https:\/\/dekkbi.com\/index.php?rest_route=%2Fwp%2Fv2%2Fcomments&post=50172"}],"version-history":[{"count":1,"href":"https:\/\/dekkbi.com\/index.php?rest_route=\/wp\/v2\/posts\/50172\/revisions"}],"predecessor-version":[{"id":50174,"href":"https:\/\/dekkbi.com\/index.php?rest_route=\/wp\/v2\/posts\/50172\/revisions\/50174"}],"wp:featuredmedia":[{"embeddable":true,"href":"https:\/\/dekkbi.com\/index.php?rest_route=\/wp\/v2\/media\/50173"}],"wp:attachment":[{"href":"https:\/\/dekkbi.com\/index.php?rest_route=%2Fwp%2Fv2%2Fmedia&parent=50172"}],"wp:term":[{"taxonomy":"category","embeddable":true,"href":"https:\/\/dekkbi.com\/index.php?rest_route=%2Fwp%2Fv2%2Fcategories&post=50172"},{"taxonomy":"post_tag","embeddable":true,"href":"https:\/\/dekkbi.com\/index.php?rest_route=%2Fwp%2Fv2%2Ftags&post=50172"}],"curies":[{"name":"wp","href":"https:\/\/api.w.org\/{rel}","templated":true}]}}