{"id":50166,"date":"2025-01-10T12:04:17","date_gmt":"2025-01-10T12:04:17","guid":{"rendered":"https:\/\/dekkbi.com\/?p=50166"},"modified":"2025-01-10T13:12:44","modified_gmt":"2025-01-10T13:12:44","slug":"mobilite-transport-durable-2025-dakar-remporte-le-prix-international","status":"publish","type":"post","link":"https:\/\/dekkbi.com\/?p=50166","title":{"rendered":"Mobilit\u00e9 \u2013 Transport durable 2025 : Dakar remporte le Prix international"},"content":{"rendered":"\n<p><strong>La capitale s\u00e9n\u00e9galaise est la laur\u00e9ate du Prix du transport durable 2025 (Sta), en reconnaissance des efforts du Conseil ex\u00e9cutif des transports urbains durables (Cetud) pour promouvoir \u00abune mobilit\u00e9 durable et inclusive, centr\u00e9e sur le lancement de son syst\u00e8me de Bus rapid transit (Brt) enti\u00e8rement \u00e9lectrique\u00bb.<\/strong><\/p>\n\n\n\n<p>Parmi les finalistes du programme relatif au Prix du transport durable 2025 (Sta, sigle en anglais), Dakar a remport\u00e9 la palme. La capitale s\u00e9n\u00e9galaise a \u00e9t\u00e9 d\u00e9sign\u00e9e laur\u00e9ate du Sta 2025, par Institute for transportation and development policy (Itdp) et le Comit\u00e9 du Sta, en reconnaissance des efforts consentis par l\u2019Etat, via le Conseil ex\u00e9cutif des trans\u00adports urbains durables (Cetud), pour promouvoir \u00abune mobilit\u00e9 durable et inclusive, centr\u00e9e sur le lancement de son syst\u00e8me de Bus rapid transit (Brt) enti\u00e8rement \u00e9lectrique\u00bb.<\/p>\n\n\n\n<p>Cette distinction sera re\u00e7ue par le Cetud lors d\u2019une c\u00e9r\u00e9monie diffus\u00e9e en direct en f\u00e9vrier 2025, selon un communiqu\u00e9. Lequel rappelle que le syst\u00e8me Brt, qui \u00abs\u2019\u00e9tend sur 18 kilom\u00e8tres de couloirs, dessert 23 stations, avec une flotte de 121 bus \u00e9lectriques articul\u00e9s (e-bus). Le lancement du syst\u00e8me est particuli\u00e8rement important pour le S\u00e9n\u00e9gal, car une \u00e9tude r\u00e9alis\u00e9e en 2021 par le Cetud a r\u00e9v\u00e9l\u00e9 que l\u2019\u00e9conomie nationale perdait pr\u00e8s de 900 milliards de francs Cfa, soit 1, 4 milliard de dollars, par an, en raison de probl\u00e8mes li\u00e9s \u00e0 la mauvaise qualit\u00e9 de l\u2019air, aux embouteillages, \u00e0 l\u2019ins\u00e9curit\u00e9 des routes et \u00e0 la pollution sonore. Cela repr\u00e9sente pr\u00e8s de 6% du Pib national annuel\u00bb. Le Brt de Dakar, note le document, \u00abdevrait b\u00e9n\u00e9ficier \u00e0 300 000 passagers par jour et r\u00e9duire la dur\u00e9e des trajets de 95 \u00e0 45 minutes, ce qui se traduira par un gain de temps consid\u00e9rable pour les usagers. En outre, le syst\u00e8me devrait contribuer \u00e0 r\u00e9duire les \u00e9missions de CO2 de plus de 53 000 tonnes par an, gr\u00e2ce \u00e0 une flotte enti\u00e8rement \u00e9lectrique\u00bb.<\/p>\n\n\n\n<p>Le Cetud estime que \u00able Brt permettra \u00e0 69% des quatre millions d\u2019habitants de Dakar de rejoindre le centre-ville en moins d\u2019une heure par les transports publics, contre seulement 57% auparavant, tout en rendant 180 000 emplois plus accessibles aux communaut\u00e9s \u00e0 faible revenu\u00bb.<\/p>\n\n\n\n<p>Aussi, ajoutent les collaborateurs de Dr Thierno Birahim Aw, Directeur g\u00e9n\u00e9ral du Cetud, \u00able Brt a \u00e9t\u00e9 d\u00e9velopp\u00e9 dans le cadre d\u2019un partenariat public-priv\u00e9 innovant qui a \u00e9galement cr\u00e9\u00e9 1000 emplois directs dont 45% pour des femmes, afin de renforcer l\u2019\u00e9quit\u00e9 dans le secteur des transports locaux.<br>Parall\u00e8lement au Brt, le gouvernement local a lanc\u00e9 une restructuration globale du r\u00e9seau de transport public de la ville avec une flotte de bus \u00e0 faible \u00e9mission de carbone et de nouveaux ateliers-d\u00e9p\u00f4ts\u00bb.<\/p>\n\n\n\n<p>Suffisant pour que le Comit\u00e9 du Sta applaudisse \u00able changement transformateur de Dakar vers un transport \u00e0 z\u00e9ro \u00e9mission combin\u00e9 avec les nombreuses nouvelles politiques prometteuses pour une mobilit\u00e9 accessible, inclusive et connect\u00e9e\u00bb.<\/p>\n\n\n\n<p>La capitale du Mexique, Mexico, a re\u00e7u la mention honorable du Sta pour avoir mis l\u2019accent sur l\u2019expansion et l\u2019int\u00e9gration des r\u00e9seaux de transports publics et de v\u00e9los en libre-service. Entre autres finalistes, le document cite le Br\u00e9sil, l\u2019Inde.<\/p>\n\n\n\n<p>Le programme Sta 2025 c\u00e9l\u00e8bre deux d\u00e9cennies d\u2019hommage aux r\u00e9alisations en mati\u00e8re de mobilit\u00e9 urbaine durable et \u00e9quitable dans le monde entier.<\/p>\n\n\n\n<p><strong> Par Dialigu\u00e9 FAYE \u2013<\/strong> <strong>dialigue@lequotidien.sn<\/strong><\/p>\n","protected":false},"excerpt":{"rendered":"<p>La capitale s\u00e9n\u00e9galaise est la laur\u00e9ate du Prix du transport durable 2025 (Sta), en reconnaissance des efforts du Conseil ex\u00e9cutif<\/p>\n","protected":false},"author":1,"featured_media":50167,"comment_status":"open","ping_status":"open","sticky":false,"template":"","format":"standard","meta":{"footnotes":""},"categories":[21],"tags":[],"class_list":["post-50166","post","type-post","status-publish","format-standard","has-post-thumbnail","hentry","category-societe"],"_links":{"self":[{"href":"https:\/\/dekkbi.com\/index.php?rest_route=\/wp\/v2\/posts\/50166","targetHints":{"allow":["GET"]}}],"collection":[{"href":"https:\/\/dekkbi.com\/index.php?rest_route=\/wp\/v2\/posts"}],"about":[{"href":"https:\/\/dekkbi.com\/index.php?rest_route=\/wp\/v2\/types\/post"}],"author":[{"embeddable":true,"href":"https:\/\/dekkbi.com\/index.php?rest_route=\/wp\/v2\/users\/1"}],"replies":[{"embeddable":true,"href":"https:\/\/dekkbi.com\/index.php?rest_route=%2Fwp%2Fv2%2Fcomments&post=50166"}],"version-history":[{"count":1,"href":"https:\/\/dekkbi.com\/index.php?rest_route=\/wp\/v2\/posts\/50166\/revisions"}],"predecessor-version":[{"id":50168,"href":"https:\/\/dekkbi.com\/index.php?rest_route=\/wp\/v2\/posts\/50166\/revisions\/50168"}],"wp:featuredmedia":[{"embeddable":true,"href":"https:\/\/dekkbi.com\/index.php?rest_route=\/wp\/v2\/media\/50167"}],"wp:attachment":[{"href":"https:\/\/dekkbi.com\/index.php?rest_route=%2Fwp%2Fv2%2Fmedia&parent=50166"}],"wp:term":[{"taxonomy":"category","embeddable":true,"href":"https:\/\/dekkbi.com\/index.php?rest_route=%2Fwp%2Fv2%2Fcategories&post=50166"},{"taxonomy":"post_tag","embeddable":true,"href":"https:\/\/dekkbi.com\/index.php?rest_route=%2Fwp%2Fv2%2Ftags&post=50166"}],"curies":[{"name":"wp","href":"https:\/\/api.w.org\/{rel}","templated":true}]}}