{"id":50162,"date":"2025-01-10T11:56:28","date_gmt":"2025-01-10T11:56:28","guid":{"rendered":"https:\/\/dekkbi.com\/?p=50162"},"modified":"2025-01-10T12:02:04","modified_gmt":"2025-01-10T12:02:04","slug":"reaction-de-guy-marius-sagna-sur-la-sortie-de-fadilou-keita-cest-une-erreur-il-sest-trompe","status":"publish","type":"post","link":"https:\/\/dekkbi.com\/?p=50162","title":{"rendered":"R\u00e9action de Guy Marius Sagna sur la sortie de Fadilou Ke\u00efta : \u00abC\u2019est une erreur, il s\u2019est tromp\u00e9\u00bb"},"content":{"rendered":"\n<p><strong>Le d\u00e9put\u00e9 du parti Pastef, Guy Marius Sagna, range la derni\u00e8re sortie de Fadilou Ke\u00efta, un des responsables de leur formation politique, dans le rayon des erreurs. Le parlementaire estime que son camarade de parti s\u2019est tout simplement tromp\u00e9, apr\u00e8s la sortie de leur chef du gouvernement, Ousmane Sonko, apportant des clarifications, suite aux contestations par les militants de Pastef de la nomination de Dr Aoua Bocar Ly-Tall au Cnra.<\/strong><\/p>\n\n\n\n<p>La derni\u00e8re sortie de Fadilou Ke\u00efta, responsable politique du parti Pastef, relative aux contestations de la nomination de Dr Aoua Bocar Ly-Tall au Conseil national de r\u00e9gulation de l\u2019audiovisuel (Cnra),\u00a0 est une erreur. C\u2019est l\u2019avis de Mohamed Sagna, plus connu sous le nom de Guy Marius Sagna. \u00abJe pense que c\u2019est une erreur, Fadilou s\u2019est tromp\u00e9\u00bb, a d\u00e9clar\u00e9, hier, le d\u00e9put\u00e9 du parti Pastef \u00e0 l\u2019\u00e9mission Ndekili de la radio priv\u00e9e Sud Fm.<\/p>\n\n\n\n<p>A son avis, cette\u00a0 sortie ne se justifiait pas\u00a0 en ce sens que\u00a0 le Premier ministre Ousmane Sonko a apport\u00e9 des clarifications sur la nomination de Madame\u00a0 Aoua Bocar Ly, titulaire d\u2019un Doctorat en sociologie, au titre des personnalit\u00e9s qualifi\u00e9es du milieu des Lettres, poste vacant, au niveau du Conseil national de r\u00e9gulation de l\u2019audiovisuel (Cnra).\u00a0 Comme cette derni\u00e8re s\u2019attaquait au Premier ministre dans l\u2019affaire Adji Sarr, de nombreux \u00abPatriotes\u00bb ont r\u00e9cus\u00e9 sa nomination \u00e0 ce poste.\u00a0Ainsi, ceux qui\u00a0 se sont battus pour la victoire du parti Pastef se sont braqu\u00e9s pour que cette dame ne figure pas parmi les 9 membres du Coll\u00e8ge des d\u00e9l\u00e9gu\u00e9s du Cnra. Parmi ces voix discordantes,\u00a0 figure celle de Fadilou Ke\u00efta, responsable du parti Pastef et par ailleurs Directeur g\u00e9n\u00e9ral de la Caisse des d\u00e9p\u00f4ts et consignations (Cdc). Ce dernier, au lendemain de la sortie du chef du gouvernement et leader du parti au pouvoir, Pastef, qui consid\u00e8re sa m\u00e8re, l\u2019ancienne V\u00e9rificatrice g\u00e9n\u00e9rale du S\u00e9n\u00e9gal, Nafy Ngom Ke\u00efta, comme sa r\u00e9f\u00e9rence, avait \u00e9crit, entre autres critiques, sur sa page Facebook, que le \u00abProjet\u00bb ne s\u2019articule pas autour de la personne de Ousmane Sonko\u00a0; que de nombreux militants et responsables du parti Pastef ont \u00e9t\u00e9 envoy\u00e9s en prison en d\u00e9fendant le \u00abProjet\u00bb.<\/p>\n\n\n\n<p>Par Justin GOMIS &#8211; <strong>justin@lequotidien.sn<\/strong><\/p>\n","protected":false},"excerpt":{"rendered":"<p>Le d\u00e9put\u00e9 du parti Pastef, Guy Marius Sagna, range la derni\u00e8re sortie de Fadilou Ke\u00efta, un des responsables de leur<\/p>\n","protected":false},"author":1,"featured_media":13068,"comment_status":"open","ping_status":"open","sticky":false,"template":"","format":"standard","meta":{"footnotes":""},"categories":[21],"tags":[],"class_list":["post-50162","post","type-post","status-publish","format-standard","has-post-thumbnail","hentry","category-societe"],"_links":{"self":[{"href":"https:\/\/dekkbi.com\/index.php?rest_route=\/wp\/v2\/posts\/50162","targetHints":{"allow":["GET"]}}],"collection":[{"href":"https:\/\/dekkbi.com\/index.php?rest_route=\/wp\/v2\/posts"}],"about":[{"href":"https:\/\/dekkbi.com\/index.php?rest_route=\/wp\/v2\/types\/post"}],"author":[{"embeddable":true,"href":"https:\/\/dekkbi.com\/index.php?rest_route=\/wp\/v2\/users\/1"}],"replies":[{"embeddable":true,"href":"https:\/\/dekkbi.com\/index.php?rest_route=%2Fwp%2Fv2%2Fcomments&post=50162"}],"version-history":[{"count":2,"href":"https:\/\/dekkbi.com\/index.php?rest_route=\/wp\/v2\/posts\/50162\/revisions"}],"predecessor-version":[{"id":50165,"href":"https:\/\/dekkbi.com\/index.php?rest_route=\/wp\/v2\/posts\/50162\/revisions\/50165"}],"wp:featuredmedia":[{"embeddable":true,"href":"https:\/\/dekkbi.com\/index.php?rest_route=\/wp\/v2\/media\/13068"}],"wp:attachment":[{"href":"https:\/\/dekkbi.com\/index.php?rest_route=%2Fwp%2Fv2%2Fmedia&parent=50162"}],"wp:term":[{"taxonomy":"category","embeddable":true,"href":"https:\/\/dekkbi.com\/index.php?rest_route=%2Fwp%2Fv2%2Fcategories&post=50162"},{"taxonomy":"post_tag","embeddable":true,"href":"https:\/\/dekkbi.com\/index.php?rest_route=%2Fwp%2Fv2%2Ftags&post=50162"}],"curies":[{"name":"wp","href":"https:\/\/api.w.org\/{rel}","templated":true}]}}