{"id":50156,"date":"2025-01-10T11:49:51","date_gmt":"2025-01-10T11:49:51","guid":{"rendered":"https:\/\/dekkbi.com\/?p=50156"},"modified":"2025-01-10T11:49:52","modified_gmt":"2025-01-10T11:49:52","slug":"malick-ndiaye-rend-visite-a-des-guides-religieux-a-dakar","status":"publish","type":"post","link":"https:\/\/dekkbi.com\/?p=50156","title":{"rendered":"Malick Ndiaye rend visite \u00e0 des guides religieux \u00e0 Dakar"},"content":{"rendered":"\n<p>Dakar,  (APS) \u2013 Le pr\u00e9sident de l\u2019Assembl\u00e9e nationale, Malick Ndiaye, a rendu visite, ce jeudi, au khalife de la famille Omarienne, \u00e0 celui de M\u00e9dina Gounass et \u00e0 l\u2019Archev\u00eaque de Dakar, pour dit-il, recueillir leurs pri\u00e8res pour la r\u00e9ussite de sa mission.<\/p>\n\n\n\n<p>Le pr\u00e9sident de l\u2019Assembl\u00e9e nationale, accompagn\u00e9 de plusieurs d\u00e9put\u00e9s, dont la pr\u00e9sidente du groupe parlementaire Takku Wallu S\u00e9n\u00e9gal, A\u00efssata Tall Sall, ainsi que la premi\u00e8re questeur, A\u00efcha Tour\u00e9, a entam\u00e9 sa visite \u00e0 la M\u00e9dina, o\u00f9 il a \u00e9t\u00e9 re\u00e7u par Thierno Madani Tall, khalife de la famille omarienne \u00e0 Dakar.<\/p>\n\n\n\n<p>Il s\u2019est ensuite rendu \u00e0 la r\u00e9sidence de Monseigneur Benjamin Ndiaye, Archev\u00eaque de Dakar, situ\u00e9e \u00e0 Fann R\u00e9sidence, avant de terminer sa tourn\u00e9e chez Thierno Amadou Tidiane Ba, Khalife g\u00e9n\u00e9ral de M\u00e9dina Gounass, dans le quartier Bopp.<\/p>\n","protected":false},"excerpt":{"rendered":"<p>Dakar, (APS) \u2013 Le pr\u00e9sident de l\u2019Assembl\u00e9e nationale, Malick Ndiaye, a rendu visite, ce jeudi, au khalife de la famille<\/p>\n","protected":false},"author":1,"featured_media":50157,"comment_status":"open","ping_status":"open","sticky":false,"template":"","format":"standard","meta":{"footnotes":""},"categories":[6],"tags":[],"class_list":["post-50156","post","type-post","status-publish","format-standard","has-post-thumbnail","hentry","category-politics"],"_links":{"self":[{"href":"https:\/\/dekkbi.com\/index.php?rest_route=\/wp\/v2\/posts\/50156","targetHints":{"allow":["GET"]}}],"collection":[{"href":"https:\/\/dekkbi.com\/index.php?rest_route=\/wp\/v2\/posts"}],"about":[{"href":"https:\/\/dekkbi.com\/index.php?rest_route=\/wp\/v2\/types\/post"}],"author":[{"embeddable":true,"href":"https:\/\/dekkbi.com\/index.php?rest_route=\/wp\/v2\/users\/1"}],"replies":[{"embeddable":true,"href":"https:\/\/dekkbi.com\/index.php?rest_route=%2Fwp%2Fv2%2Fcomments&post=50156"}],"version-history":[{"count":1,"href":"https:\/\/dekkbi.com\/index.php?rest_route=\/wp\/v2\/posts\/50156\/revisions"}],"predecessor-version":[{"id":50158,"href":"https:\/\/dekkbi.com\/index.php?rest_route=\/wp\/v2\/posts\/50156\/revisions\/50158"}],"wp:featuredmedia":[{"embeddable":true,"href":"https:\/\/dekkbi.com\/index.php?rest_route=\/wp\/v2\/media\/50157"}],"wp:attachment":[{"href":"https:\/\/dekkbi.com\/index.php?rest_route=%2Fwp%2Fv2%2Fmedia&parent=50156"}],"wp:term":[{"taxonomy":"category","embeddable":true,"href":"https:\/\/dekkbi.com\/index.php?rest_route=%2Fwp%2Fv2%2Fcategories&post=50156"},{"taxonomy":"post_tag","embeddable":true,"href":"https:\/\/dekkbi.com\/index.php?rest_route=%2Fwp%2Fv2%2Ftags&post=50156"}],"curies":[{"name":"wp","href":"https:\/\/api.w.org\/{rel}","templated":true}]}}