{"id":50153,"date":"2025-01-10T11:44:42","date_gmt":"2025-01-10T11:44:42","guid":{"rendered":"https:\/\/dekkbi.com\/?p=50153"},"modified":"2025-01-10T11:44:43","modified_gmt":"2025-01-10T11:44:43","slug":"marie-khone-faye-promet-detre-le-porte-etendard-de-lacces-et-du-maintien-des-filles-a-lecole","status":"publish","type":"post","link":"https:\/\/dekkbi.com\/?p=50153","title":{"rendered":"Marie Khone Faye promet d\u2019\u00eatre \u00ab\u00a0le porte-\u00e9tendard\u00a0\u00bb de l\u2019acc\u00e8s et du maintien des filles \u00e0 l\u2019\u00e9cole"},"content":{"rendered":"\n<p>Diamniadio, (APS) \u2013 La Premi\u00e8re Dame, Marie Khone Faye, a promis, jeudi, \u00e0 Diamniadio, dans le d\u00e9partement de Rufisque, de se faire \u2018\u2019le porte-\u00e9tendard\u2019\u2019 de l\u2019acc\u00e8s et du maintien des filles \u00e0 l\u2019\u00e9cole dans un environnement scolaire s\u00fbr, s\u00e9cure et inclusif.<\/p>\n\n\n\n<p>\u2018\u2019Je lance un vibrant appel \u00e0 l\u2019action collective pour l\u2019acc\u00e8s des filles et le maintien de toutes les filles \u00e0 l\u2019\u00e9cole qui est par ailleurs un droit consacr\u00e9 par notre Constitution. Je me fais le porte-\u00e9tendard de cette noble cause et je m\u2019engage pour que toutes les filles soient \u00e0 l\u2019\u00e9cole et s\u2019\u00e9panouissent dans un environnement scolaire s\u00fbr, s\u00e9cure et inclusif\u2019\u2019, a-t-elle d\u00e9clar\u00e9.<\/p>\n\n\n\n<p>L\u2019\u00e9pouse du chef de l\u2019Etat s\u2019exprimait lors de la Journ\u00e9e nationale de l\u2019\u00c9ducation des filles, dont elle est la marraine, au Centre International de Conf\u00e9rences Abdou Diouf (CICAD) de Diamniadio.&nbsp;<\/p>\n\n\n\n<p>La rencontre organis\u00e9e par le minist\u00e8re de l\u2019Education nationale a servi de cadre pour le lancement officiel des campagnes : \u2018\u2019Le S\u00e9n\u00e9gal \u00e9duque ses filles\u2019\u2019 et \u2018\u2019l\u2019Initiative Priorit\u00e9 \u00e0 l\u2019\u00c9galit\u00e9.<\/p>\n\n\n\n<p>Dans sa prise de parole, Mme Faye a adress\u00e9, en ce d\u00e9but d\u2019ann\u00e9e, ses v\u0153ux \u2018\u2019les plus sinc\u00e8res\u2019\u2019 de bonne sant\u00e9, de paix et de prosp\u00e9rit\u00e9 \u00e0 toute la communaut\u00e9 et aux filles.<\/p>\n\n\n\n<p>Elle a signal\u00e9 que ces derni\u00e8res sont au c\u0153ur de l\u2019Agenda de transformation nationale &nbsp;\u00bbS\u00e9n\u00e9gal 2050&nbsp;\u00bb, le nouveau r\u00e9f\u00e9rentiel des politiques publiques.<\/p>\n\n\n\n<p>\u2018\u2019L\u2019unit\u00e9, la tol\u00e9rance et le partage constituent la voie vers un avenir inclusif et prosp\u00e8re. Le bien-\u00eatre des femmes et des enfants demeure une pr\u00e9occupation majeure pour notre pays\u2019\u2019, a-t-elle soulign\u00e9.<\/p>\n\n\n\n<p>Selon elle, le S\u00e9n\u00e9gal a tous les atouts pour devenir un exemple de progr\u00e8s et de solidarit\u00e9 sur la sc\u00e8ne internationale. \u2018\u2019Pour ce faire, nous devons ensemble mobiliser toutes les forces vives afin de surmonter les d\u00e9fis et de b\u00e2tir un avenir rayonnant pour toutes et tous\u2019\u2019, a soutenu la Premi\u00e8re Dame.<\/p>\n\n\n\n<p>\u2018\u2019Ainsi, nous contribuerons \u00e0 la construction d\u2019une soci\u00e9t\u00e9 plus juste et plus \u00e9quitable tel que pr\u00e9conis\u00e9 par l\u2019Agenda de transformation national S\u00e9n\u00e9gal 2050\u2019\u2019, a ajout\u00e9 Marie Khone Faye.<\/p>\n","protected":false},"excerpt":{"rendered":"<p>Diamniadio, (APS) \u2013 La Premi\u00e8re Dame, Marie Khone Faye, a promis, jeudi, \u00e0 Diamniadio, dans le d\u00e9partement de Rufisque, de<\/p>\n","protected":false},"author":1,"featured_media":50154,"comment_status":"open","ping_status":"open","sticky":false,"template":"","format":"standard","meta":{"footnotes":""},"categories":[21],"tags":[],"class_list":["post-50153","post","type-post","status-publish","format-standard","has-post-thumbnail","hentry","category-societe"],"_links":{"self":[{"href":"https:\/\/dekkbi.com\/index.php?rest_route=\/wp\/v2\/posts\/50153","targetHints":{"allow":["GET"]}}],"collection":[{"href":"https:\/\/dekkbi.com\/index.php?rest_route=\/wp\/v2\/posts"}],"about":[{"href":"https:\/\/dekkbi.com\/index.php?rest_route=\/wp\/v2\/types\/post"}],"author":[{"embeddable":true,"href":"https:\/\/dekkbi.com\/index.php?rest_route=\/wp\/v2\/users\/1"}],"replies":[{"embeddable":true,"href":"https:\/\/dekkbi.com\/index.php?rest_route=%2Fwp%2Fv2%2Fcomments&post=50153"}],"version-history":[{"count":1,"href":"https:\/\/dekkbi.com\/index.php?rest_route=\/wp\/v2\/posts\/50153\/revisions"}],"predecessor-version":[{"id":50155,"href":"https:\/\/dekkbi.com\/index.php?rest_route=\/wp\/v2\/posts\/50153\/revisions\/50155"}],"wp:featuredmedia":[{"embeddable":true,"href":"https:\/\/dekkbi.com\/index.php?rest_route=\/wp\/v2\/media\/50154"}],"wp:attachment":[{"href":"https:\/\/dekkbi.com\/index.php?rest_route=%2Fwp%2Fv2%2Fmedia&parent=50153"}],"wp:term":[{"taxonomy":"category","embeddable":true,"href":"https:\/\/dekkbi.com\/index.php?rest_route=%2Fwp%2Fv2%2Fcategories&post=50153"},{"taxonomy":"post_tag","embeddable":true,"href":"https:\/\/dekkbi.com\/index.php?rest_route=%2Fwp%2Fv2%2Ftags&post=50153"}],"curies":[{"name":"wp","href":"https:\/\/api.w.org\/{rel}","templated":true}]}}