{"id":50124,"date":"2025-01-09T12:19:58","date_gmt":"2025-01-09T12:19:58","guid":{"rendered":"https:\/\/dekkbi.com\/?p=50124"},"modified":"2025-01-09T12:29:55","modified_gmt":"2025-01-09T12:29:55","slug":"incendies-en-californie-los-angeles-cernee-par-les-flammes-le-centre-dhollywood-evacue","status":"publish","type":"post","link":"https:\/\/dekkbi.com\/?p=50124","title":{"rendered":"Los Angeles cern\u00e9e par les flammes, le centre d&rsquo;Hollywood \u00e9vacu\u00e9"},"content":{"rendered":"\n<p>Los Angeles est toujours sous la menace des flammes et les d\u00e9g\u00e2ts sont gigantesques. Plus de 1&nbsp;000 structures ont \u00e9t\u00e9 d\u00e9truites par le Palisades Fire, au bord de l\u2019oc\u00e9an Pacifique et le Eaton Fire \u00e0 Altadena, \u00e0 l\u2019est de la ville. Des incendies qui ont fait au moins cinq morts et forc\u00e9 des dizaines de milliers d&rsquo;habitants \u00e0 fuir.&nbsp;Le pr\u00e9sident am\u00e9ricain Joe Biden a annul\u00e9 le voyage qui devait le conduire ce jeudi en Italie en raison des incendies qui font rage autour de Los Angeles, a annonc\u00e9 mercredi la Maison Blanche.<\/p>\n\n\n\n<p><\/p>\n\n\n\n<figure class=\"wp-block-image is-resized\"><img decoding=\"async\" src=\"https:\/\/s.rfi.fr\/media\/display\/bcd3d2f0-ce46-11ef-a0bf-005056a90284\/w:980\/p:16x9\/AP25009141344680.jpg\" alt=\"Un homme arrose les points chauds d'une propri\u00e9t\u00e9 ravag\u00e9e par les flammes apr\u00e8s l'incendie de Palisades dans le quartier de Pacific Palisades \u00e0 Los Angeles, le 8 janvier 2025.\" style=\"width:646px;height:auto\"\/><figcaption class=\"wp-element-caption\">Un homme arrose les points chauds d&rsquo;une propri\u00e9t\u00e9 ravag\u00e9e par les flammes apr\u00e8s l&rsquo;incendie de Palisades dans le quartier de Pacific Palisades \u00e0 Los Angeles, le 8 janvier 2025.&nbsp;\u00a9 AP\/Eugene Garcia<\/figcaption><\/figure>\n\n\n\n<p>Par :<a href=\"https:\/\/www.rfi.fr\/fr\/auteur\/rfi\/\">RFI<\/a><a href=\"https:\/\/x.com\/intent\/follow?screen_name=rfi\" target=\"_blank\" rel=\"noreferrer noopener\">Suivre<\/a><\/p>\n\n\n\n<p>Publicit\u00e9<\/p>\n\n\n\n<p>&nbsp;Le pr\u00e9sident am\u00e9ricain Joe Biden a annul\u00e9 le voyage qui devait le conduire ce jeudi en Italie en raison des incendies qui font rage autour de Los Angeles, a annonc\u00e9 mercredi la Maison Blanche. Le pr\u00e9sident sortant, qui s&rsquo;est rendu \u00e0 Los Angeles pour rencontrer les services de secours, \u00ab a pris la d\u00e9cision d&rsquo;annuler son prochain voyage en Italie afin de se concentrer sur la gestion de l&rsquo;ensemble de la r\u00e9ponse f\u00e9d\u00e9rale dans les jours \u00e0 venir \u00bb, a d\u00e9clar\u00e9 la porte-parole de la Maison Blanche, Karine Jean-Pierre dans un communiqu\u00e9.<\/p>\n\n\n\n<p>\u00c0 Los Angeles, les autorit\u00e9s ont ordonn\u00e9 aux habitants du quartier historique de Hollywood d&rsquo;\u00e9vacuer, en raison d&rsquo;un nouvel incendie qui s&rsquo;est d\u00e9clar\u00e9 \u00e0 quelques centaines de m\u00e8tres de Hollywood Boulevard. \u00ab&nbsp;<em>Menace imm\u00e9diate pour la vie. Il s&rsquo;agit d&rsquo;un ordre l\u00e9gal de PARTIR MAINTENANT. La zone est l\u00e9galement interdite d&rsquo;acc\u00e8s au public&nbsp;<\/em>\u00bb, ont indiqu\u00e9 les pompiers de Los Angeles \u00e0 c\u00f4t\u00e9 d&rsquo;une carte montrant des sections du c\u00e9l\u00e8bre quartier du cin\u00e9ma.<\/p>\n\n\n\n<figure class=\"wp-block-image\"><img decoding=\"async\" src=\"https:\/\/s.rfi.fr\/media\/display\/00ff9c06-ce4d-11ef-8a77-005056bfb2b6\/carte%20feu%20californie.jpg\" alt=\"Situation des incendies qui ravagent des quartiers de Los Angeles, le 9 janvier 2025.\"\/><figcaption class=\"wp-element-caption\">Situation des incendies qui ravagent des quartiers de Los Angeles, le 9 janvier 2025.&nbsp;\u00a9 Capture d&rsquo;\u00e9cran\/Calfire<\/figcaption><\/figure>\n\n\n\n<p>\u00c0 Altadena, au nord-est de la m\u00e9tropole californienne, masque N95 sur le visage, Mark regarde les dizaines de voitures calcin\u00e9es dans le garage au bout de sa rue.\u00a0Une rue aux maisons d\u00e9vast\u00e9es, dont la sienne.\u00a0Elle n\u2019a pas r\u00e9sist\u00e9 au\u00a0<strong>Eaton Fire, aliment\u00e9 par des vents de 80 km par heure<\/strong>.\u00a0\u00ab\u00a0<em>Si le feu s&rsquo;est propag\u00e9 aussi vite, c&rsquo;est \u00e0 cause des vents de type ouragan. Avant m\u00eame que les flammes arrivent, un tas de choses volaient dans les airs. C&rsquo;\u00e9tait terrifiant\u00a0<\/em>\u00bb, confie-t-il \u00e0\u00a0<strong>Lo\u00efc Pialat<\/strong>, envoy\u00e9 sp\u00e9cial.<\/p>\n\n\n\n<p>Des quartiers entiers d&rsquo;Altedena sont des champs de ruine. Au pied de la montagne et plus loin encore. Peter marche dans ce qu\u2019il reste de la maison dans laquelle il vivait depuis 50 ans&nbsp;: \u00ab&nbsp;<em>Au moment de l&rsquo;\u00e9vacuation, j&rsquo;ai eu peur de mourir. Parce qu&rsquo;il y avait des bouchons et les gens conduisaient n&rsquo;importe comment.<\/em>&nbsp;\u00bb&nbsp;Un peu plus haut, sur cette route qui monte vers la montagne, Jason photographie les ruines de sa maison. Il ne sait pas trop pourquoi. Il se dit que les assurances en demanderont. Il a \u00e9vacu\u00e9 avec sa femme et ses deux enfants quand les flammes \u00e9taient encore loin. \u00ab&nbsp;<em>Quand vous vivez dans le sud de la Californie, vous savez qu&rsquo;il y a un risque d&rsquo;incendie. Surtout aussi pr\u00e8s des montagnes. Mais m\u00eame quand l&rsquo;incendie a d\u00e9marr\u00e9, je ne m&rsquo;imaginais pas une telle destruction.<\/em>&nbsp;\u00bb<\/p>\n\n\n\n<p>Pour afficher ce contenu X (Twitter), il est n\u00e9cessaire d&rsquo;autoriser les cookies de mesure d&rsquo;audience et de publicit\u00e9.AccepterG\u00e9rer mes choix<\/p>\n\n\n\n<h2 class=\"wp-block-heading\">Incendies favoris\u00e9s par le changement climatique<\/h2>\n\n\n\n<p>Au total, les pompiers luttent contre trois incendies simultan\u00e9s dans l&rsquo;agglom\u00e9ration californienne. L&rsquo;un d&rsquo;eux a d\u00e9j\u00e0 parcouru 2&nbsp;000 hectares \u00e0 Pacific Palisades, un quartier hupp\u00e9 o\u00f9 r\u00e9sident des c\u00e9l\u00e9brit\u00e9s hollywoodiennes. Un autre br\u00fble pr\u00e8s de Pasadena.&nbsp;<\/p>\n\n\n\n<p>Ces incendies sont favoris\u00e9s par les conditions m\u00e9t\u00e9orologiques, souligne David Acuna, porte-parole de&nbsp;<a href=\"https:\/\/www.fire.ca.gov\/\" target=\"_blank\" rel=\"noreferrer noopener\"><strong>Calfire<\/strong><\/a>, le d\u00e9partement de la protection des for\u00eats et des incendies de Californie.<\/p>\n\n\n\n<p>\u00ab&nbsp;<em>Actuellement, c&rsquo;est tr\u00e8s, tr\u00e8s sec. Et ce n&rsquo;est pas habituel. En g\u00e9n\u00e9ral, en Californie, en hiver, on a de la pluie et m\u00eame de la neige dans certaines r\u00e9gions. Mais pour l\u2019instant, il n\u2019a pas beaucoup plu,<\/em>&nbsp;pr\u00e9cise&nbsp;David Acuna \u00e0&nbsp;<strong>Pauline Gleize<\/strong>, du service environnement de RFI.&nbsp;<em>Et puis, Los Angeles et le sud de la Californie sont confront\u00e9s \u00e0 un \u00e9v\u00e9nement m\u00e9t\u00e9orologique s\u00e9v\u00e8re avec des vents de 95 \u00e0 160 km\/h. C&rsquo;est pour cela que chacun de ces feux se d\u00e9veloppe si rapidement. Ce sont des vents exceptionnels. Il est courant qu\u2019il y ait des vents \u00e0 la fin de l\u2019automne dans le sud de la Californie, mais en janvier, c&rsquo;est inhabituel<\/em>.<\/p>\n\n\n\n<p><em>L&rsquo;expansion aussi rapide du feu est aussi li\u00e9e au fait qu\u2019il se trouve au milieu des collines. Quand le vent passe dans les gorges, il acc\u00e9l\u00e8re et ass\u00e8che, donc le feu avance plus vite,<\/em>&nbsp;poursuit-il.&nbsp;<em>Et dans la plupart de ces zones \u00e0 flanc de collines, les routes qui m\u00e8nent aux maisons sont tr\u00e8s \u00e9troites. Alors quand tout le monde essaie d\u2019\u00e9vacuer en m\u00eame temps, il est tr\u00e8s difficile pour eux de quitter la zone. Nous recommandons donc aux gens de partir le plus t\u00f4t possible.<\/em>&nbsp;\u00bb<\/p>\n\n\n\n<p>SOURCE RFI<\/p>\n","protected":false},"excerpt":{"rendered":"<p>Los Angeles est toujours sous la menace des flammes et les d\u00e9g\u00e2ts sont gigantesques. Plus de 1&nbsp;000 structures ont \u00e9t\u00e9<\/p>\n","protected":false},"author":1,"featured_media":50126,"comment_status":"open","ping_status":"open","sticky":false,"template":"","format":"standard","meta":{"footnotes":""},"categories":[51],"tags":[],"class_list":["post-50124","post","type-post","status-publish","format-standard","has-post-thumbnail","hentry","category-general"],"_links":{"self":[{"href":"https:\/\/dekkbi.com\/index.php?rest_route=\/wp\/v2\/posts\/50124","targetHints":{"allow":["GET"]}}],"collection":[{"href":"https:\/\/dekkbi.com\/index.php?rest_route=\/wp\/v2\/posts"}],"about":[{"href":"https:\/\/dekkbi.com\/index.php?rest_route=\/wp\/v2\/types\/post"}],"author":[{"embeddable":true,"href":"https:\/\/dekkbi.com\/index.php?rest_route=\/wp\/v2\/users\/1"}],"replies":[{"embeddable":true,"href":"https:\/\/dekkbi.com\/index.php?rest_route=%2Fwp%2Fv2%2Fcomments&post=50124"}],"version-history":[{"count":3,"href":"https:\/\/dekkbi.com\/index.php?rest_route=\/wp\/v2\/posts\/50124\/revisions"}],"predecessor-version":[{"id":50136,"href":"https:\/\/dekkbi.com\/index.php?rest_route=\/wp\/v2\/posts\/50124\/revisions\/50136"}],"wp:featuredmedia":[{"embeddable":true,"href":"https:\/\/dekkbi.com\/index.php?rest_route=\/wp\/v2\/media\/50126"}],"wp:attachment":[{"href":"https:\/\/dekkbi.com\/index.php?rest_route=%2Fwp%2Fv2%2Fmedia&parent=50124"}],"wp:term":[{"taxonomy":"category","embeddable":true,"href":"https:\/\/dekkbi.com\/index.php?rest_route=%2Fwp%2Fv2%2Fcategories&post=50124"},{"taxonomy":"post_tag","embeddable":true,"href":"https:\/\/dekkbi.com\/index.php?rest_route=%2Fwp%2Fv2%2Ftags&post=50124"}],"curies":[{"name":"wp","href":"https:\/\/api.w.org\/{rel}","templated":true}]}}