{"id":50113,"date":"2025-01-09T12:00:24","date_gmt":"2025-01-09T12:00:24","guid":{"rendered":"https:\/\/dekkbi.com\/?p=50113"},"modified":"2025-01-09T12:00:24","modified_gmt":"2025-01-09T12:00:24","slug":"secteur-primaire-le-syndicat-des-travailleurs-du-secteur-primaire-depose-un-preavis-de-greve","status":"publish","type":"post","link":"https:\/\/dekkbi.com\/?p=50113","title":{"rendered":"Secteur primaire: le Syndicat des travailleurs du secteur primaire d\u00e9pose un pr\u00e9avis de gr\u00e8ve"},"content":{"rendered":"\n<p><strong>Le syndicat des travailleurs du secteur primaire a d\u00e9pos\u00e9 hier, mercredi 8 janvier, un pr\u00e9avis de gr\u00e8ve afin d\u2019exiger le respect du protocole d\u2019accord sign\u00e9 le 1er d\u00e9cembre 2022 par le minist\u00e8re de la Fonction publique. Selon un communiqu\u00e9 qui nous est parvenu, ce syndicat d\u00e9nonce, entre autres, les disparit\u00e9s, entre les agents du secteur des p\u00eaches et les autres agents de la Fonction publique, dans la r\u00e9mun\u00e9ration ainsi que l\u2019absence de perspectives de carri\u00e8re pour les contractuels et l\u2019insuffisance des moyens logistiques dans tout le d\u00e9partement.<\/strong><\/p>\n\n\n\n<p>Pour ce premier plan d\u2019actions de l\u2019ann\u00e9e 2025, ces travailleurs du secteur primaire exigent notamment l\u2019am\u00e9lioration de leurs conditions de travail. Ainsi, ils demandent la mise en place d\u2019un fonds commun des agents du Minist\u00e8re des P\u00eaches, des Infrastructures Maritimes et Portuaires (MPIMP) et du secteur primaire, la g\u00e9n\u00e9ralisation de l\u2019indemnit\u00e9 de logement, l\u2019octroi d\u2019une indemnit\u00e9 de risque \u00e0 tous les agents du Minist\u00e8re en charge des P\u00eaches et l\u2019int\u00e9gration des contractuels dans la Fonction publique. S\u2019il n\u2019obtient pas satisfaction d\u2019ici le 7 f\u00e9vrier prochain, le syndicat des travailleurs du secteur primaire menace de passer \u00e0 la vitesse sup\u00e9rieure.<\/p>\n\n\n\n<p>Pour rappel, le 1er d\u00e9cembre 2022, le minist\u00e8re de la Fonction publique et les syndicats du secteur primaire avaient sign\u00e9 un accord portant sur 60% du montant initial des indemnit\u00e9s avec la cr\u00e9ation d\u2019un comit\u00e9 technique charg\u00e9 d\u2019\u00e9tudier la possibilit\u00e9 de mettre en place un fonds commun dans le secteur primaire afin d\u2019am\u00e9liorer les conditions de travail des agents.<\/p>\n\n\n\n<p><strong>\u00a0NDEYE AMINATA CISSE<\/strong><br>SUDQUOTIDIEN<\/p>\n","protected":false},"excerpt":{"rendered":"<p>Le syndicat des travailleurs du secteur primaire a d\u00e9pos\u00e9 hier, mercredi 8 janvier, un pr\u00e9avis de gr\u00e8ve afin d\u2019exiger le<\/p>\n","protected":false},"author":1,"featured_media":50114,"comment_status":"open","ping_status":"open","sticky":false,"template":"","format":"standard","meta":{"footnotes":""},"categories":[26],"tags":[],"class_list":["post-50113","post","type-post","status-publish","format-standard","has-post-thumbnail","hentry","category-fait-divers"],"_links":{"self":[{"href":"https:\/\/dekkbi.com\/index.php?rest_route=\/wp\/v2\/posts\/50113","targetHints":{"allow":["GET"]}}],"collection":[{"href":"https:\/\/dekkbi.com\/index.php?rest_route=\/wp\/v2\/posts"}],"about":[{"href":"https:\/\/dekkbi.com\/index.php?rest_route=\/wp\/v2\/types\/post"}],"author":[{"embeddable":true,"href":"https:\/\/dekkbi.com\/index.php?rest_route=\/wp\/v2\/users\/1"}],"replies":[{"embeddable":true,"href":"https:\/\/dekkbi.com\/index.php?rest_route=%2Fwp%2Fv2%2Fcomments&post=50113"}],"version-history":[{"count":1,"href":"https:\/\/dekkbi.com\/index.php?rest_route=\/wp\/v2\/posts\/50113\/revisions"}],"predecessor-version":[{"id":50115,"href":"https:\/\/dekkbi.com\/index.php?rest_route=\/wp\/v2\/posts\/50113\/revisions\/50115"}],"wp:featuredmedia":[{"embeddable":true,"href":"https:\/\/dekkbi.com\/index.php?rest_route=\/wp\/v2\/media\/50114"}],"wp:attachment":[{"href":"https:\/\/dekkbi.com\/index.php?rest_route=%2Fwp%2Fv2%2Fmedia&parent=50113"}],"wp:term":[{"taxonomy":"category","embeddable":true,"href":"https:\/\/dekkbi.com\/index.php?rest_route=%2Fwp%2Fv2%2Fcategories&post=50113"},{"taxonomy":"post_tag","embeddable":true,"href":"https:\/\/dekkbi.com\/index.php?rest_route=%2Fwp%2Fv2%2Ftags&post=50113"}],"curies":[{"name":"wp","href":"https:\/\/api.w.org\/{rel}","templated":true}]}}