{"id":50079,"date":"2025-01-09T10:56:06","date_gmt":"2025-01-09T10:56:06","guid":{"rendered":"https:\/\/dekkbi.com\/?p=50079"},"modified":"2025-01-09T10:56:06","modified_gmt":"2025-01-09T10:56:06","slug":"audience-de-lambassadeur-de-palestine-au-senegal-malick-ndiaye-appelle-a-la-fin-des-hostilites-dans-la-bande-de-gaza","status":"publish","type":"post","link":"https:\/\/dekkbi.com\/?p=50079","title":{"rendered":"Audience de l\u2019ambassadeur de Palestine au S\u00e9n\u00e9gal: Malick Ndiaye appelle \u00e0 la fin des hostilit\u00e9s dans la Bande de Gaza"},"content":{"rendered":"\n<p>Le S\u00e9n\u00e9gal, qui pr\u00e9side depuis 1975 le comit\u00e9 des droits inali\u00e9nables du peuple palestinien, entend toujours \u0153uvrer pour la cr\u00e9ation d\u2019un \u00c9tat palestinien souverain et ind\u00e9pendant. <\/p>\n\n\n\n<p>Dans ce cadre, le pr\u00e9sident de l\u2019Assembl\u00e9e nationale, Malick Ndiaye, \u00e0 la suite d\u2019une audience accord\u00e9e \u00e0 Nasser Jaddalah, ambassadeur de la Palestine au S\u00e9n\u00e9gal, a tenu \u00e0 \u00abr\u00e9affirmer la solidarit\u00e9 du S\u00e9n\u00e9gal envers le peuple palestinien et renouvel\u00e9 le soutien de l\u2019As- sembl\u00e9e nationale aux efforts internationaux visant \u00e0 instaurer la paix et la stabilit\u00e9 dans la r\u00e9gion \u00bb, peut-on lire dans un communiqu\u00e9 dont le \u00ab Soleil \u00bb d\u00e9tient une copie. <\/p>\n\n\n\n<p>Cette rencontre a aussi permis au pr\u00e9sident du parlement de aire part de ses vives pr\u00e9occupations face \u00e0 l\u2019aggravation de la crise humanitaire \u00e0 Gaza, qu\u2019il a qualifi\u00e9e de \u00abmassacre\u00bb. M. Ndiaye a appel\u00e9 \u00e0 la fin des hostilit\u00e9s dans la bande de Gaza. Toujours dans le texte, l\u2019ancien ministre charg\u00e9 des Transports a plaid\u00e9 pour un \u00ab retour rapide \u00e0 la paix et \u00e0 la mise en place d\u2019une solution durable \u00e0 cette situation\u00bb.<\/p>\n\n\n\n<p><strong>Mamadou Makhfouse NGOM<\/strong><\/p>\n\n\n\n<p>LESOLEIL<\/p>\n","protected":false},"excerpt":{"rendered":"<p>Le S\u00e9n\u00e9gal, qui pr\u00e9side depuis 1975 le comit\u00e9 des droits inali\u00e9nables du peuple palestinien, entend toujours \u0153uvrer pour la cr\u00e9ation<\/p>\n","protected":false},"author":1,"featured_media":50080,"comment_status":"open","ping_status":"open","sticky":false,"template":"","format":"standard","meta":{"footnotes":""},"categories":[6],"tags":[],"class_list":["post-50079","post","type-post","status-publish","format-standard","has-post-thumbnail","hentry","category-politics"],"_links":{"self":[{"href":"https:\/\/dekkbi.com\/index.php?rest_route=\/wp\/v2\/posts\/50079","targetHints":{"allow":["GET"]}}],"collection":[{"href":"https:\/\/dekkbi.com\/index.php?rest_route=\/wp\/v2\/posts"}],"about":[{"href":"https:\/\/dekkbi.com\/index.php?rest_route=\/wp\/v2\/types\/post"}],"author":[{"embeddable":true,"href":"https:\/\/dekkbi.com\/index.php?rest_route=\/wp\/v2\/users\/1"}],"replies":[{"embeddable":true,"href":"https:\/\/dekkbi.com\/index.php?rest_route=%2Fwp%2Fv2%2Fcomments&post=50079"}],"version-history":[{"count":1,"href":"https:\/\/dekkbi.com\/index.php?rest_route=\/wp\/v2\/posts\/50079\/revisions"}],"predecessor-version":[{"id":50081,"href":"https:\/\/dekkbi.com\/index.php?rest_route=\/wp\/v2\/posts\/50079\/revisions\/50081"}],"wp:featuredmedia":[{"embeddable":true,"href":"https:\/\/dekkbi.com\/index.php?rest_route=\/wp\/v2\/media\/50080"}],"wp:attachment":[{"href":"https:\/\/dekkbi.com\/index.php?rest_route=%2Fwp%2Fv2%2Fmedia&parent=50079"}],"wp:term":[{"taxonomy":"category","embeddable":true,"href":"https:\/\/dekkbi.com\/index.php?rest_route=%2Fwp%2Fv2%2Fcategories&post=50079"},{"taxonomy":"post_tag","embeddable":true,"href":"https:\/\/dekkbi.com\/index.php?rest_route=%2Fwp%2Fv2%2Ftags&post=50079"}],"curies":[{"name":"wp","href":"https:\/\/api.w.org\/{rel}","templated":true}]}}