{"id":50061,"date":"2025-01-09T10:34:10","date_gmt":"2025-01-09T10:34:10","guid":{"rendered":"https:\/\/dekkbi.com\/?p=50061"},"modified":"2025-01-09T11:02:01","modified_gmt":"2025-01-09T11:02:01","slug":"le-communique-du-conseil-des-ministres-du-8-janvier-2025","status":"publish","type":"post","link":"https:\/\/dekkbi.com\/?p=50061","title":{"rendered":"Le communiqu\u00e9 du Conseil des ministres du 8 janvier 2025"},"content":{"rendered":"\n<p>Le Chef de l\u2019Etat, Son Excellence, Monsieur Bassirou Diomaye Diakhar FAYE a pr\u00e9sid\u00e9, ce mercredi 08 janvier 2025, la r\u00e9union hebdomadaire du Conseil des Ministres, au Palais de la R\u00e9publique.<\/p>\n\n\n\n<p>Ce premier Conseil des Ministres de l\u2019ann\u00e9e 2025 a \u00e9t\u00e9 l\u2019occasion, pour le Pr\u00e9sident de la R\u00e9publique, d\u2019adresser ses meilleurs voeux de sant\u00e9 et de succ\u00e8s au Premier Ministre, aux membres du Conseil et \u00e0 toutes les forces vives de la Nation. L\u2019ann\u00e9e 2025 doit \u00eatre plac\u00e9e sous le sceau de l\u2019engagement, du travail, des r\u00e9formes (institutionnelles, \u00e9conomiques, sociales et sectorielles), des transformations et des r\u00e9sultats.<\/p>\n\n\n\n<p>Le Chef de l\u2019Etat a f\u00e9licit\u00e9 le Premier Ministre pour le travail remarquable accompli par le Gouvernement ces huit (8) derniers mois pour redresser la situation globale du pays. Il a particuli\u00e8rement salu\u00e9 la mise en oeuvre de mesures sectorielles de rectification et de relance des activit\u00e9s \u00e9conomiques et sociales, ainsi que la pr\u00e9sentation, le 27 d\u00e9cembre 2024, de sa D\u00e9claration de Politique g\u00e9n\u00e9rale (DPG) et l\u2019adoption, dans des conditions exceptionnelles, de la Loi de Finances rectificative 2024 et du projet de Loi de Finances pour l\u2019ann\u00e9e 2025 garantissant ainsi la continuit\u00e9 de l\u2019Etat. Il a demand\u00e9 au Premier Ministre de pr\u00e9senter en relation avec tous les Ministres et Secr\u00e9taires d\u2019Etat, le Plan d\u2019Action du Gouvernement pour l\u2019ann\u00e9e 2025, int\u00e9grant l\u2019agenda l\u00e9gislatif et r\u00e9glementaire tout en veillant au fonctionnement ad\u00e9quat du syst\u00e8me \u00e9ducatif, des universit\u00e9s et \u00e9tablissements d\u2019enseignement sup\u00e9rieur.<\/p>\n\n\n\n<p>Le Pr\u00e9sident de la R\u00e9publique a \u00e9galement demand\u00e9 au Premier Ministre d\u2019accorder une priorit\u00e9 sp\u00e9ciale au secteur sanitaire et au renforcement de la protection sociale des S\u00e9n\u00e9galaises et des S\u00e9n\u00e9galais avec le d\u00e9veloppement de la couverture sanitaire universelle et la restructuration des programmes de filets sociaux et du Fonds de Solidarit\u00e9 nationale autour de l\u2019actualisation du Registre national unique (RNU), \u00e0 valider avant la fin du 1er trimestre 2025. Dans cette dynamique, il a invit\u00e9 le Gouvernement \u00e0 asseoir une stabilit\u00e9 sociale dans tous les secteurs en \u00e9valuant avec les parties prenantes les dol\u00e9ances syndicales et patronales. A ce sujet, il a indiqu\u00e9 la n\u00e9cessit\u00e9 de la conclusion, avant la prochaine f\u00eate du travail, d\u2019un nouveau pacte social avec les Centrales syndicales et les organisations d\u2019employeurs.<\/p>\n\n\n\n<p>Le Chef de l\u2019Etat a exhort\u00e9 le Gouvernement \u00e0 poursuivre les efforts d\u2019assainissement des finances publiques, de maitrise des d\u00e9penses publiques et, surtout, de lutte contre la vie ch\u00e8re et contre la hausse des prix des produits homologu\u00e9s. Ce qui passe par le renforcement de l\u2019option de souverainet\u00e9 alimentaire et la r\u00e9vision de la politique de gestion des approvisionnements nationaux notamment en hydrocarbures, denr\u00e9es et produits de consommation courante. Par ailleurs, une importance primordiale sera accord\u00e9e \u00e0 la relance de l\u2019\u00e9conomie nationale \u00e0 travers :<\/p>\n\n\n\n<p>1- l\u2019am\u00e9lioration de l\u2019environnement des affaires ;<\/p>\n\n\n\n<p>2- le d\u00e9veloppement du secteur priv\u00e9 local avec la promotion de \u00abchampions industriels nationaux\u00bb ;<\/p>\n\n\n\n<p>3- la mont\u00e9e en puissance de l\u2019investissement productif avec le financement innovant et l\u2019ex\u00e9cution rapide des projets prioritaires dans tous les secteurs conform\u00e9ment \u00e0 l\u2019Agenda national de Transformation.<\/p>\n\n\n\n<p>A ce titre, le Pr\u00e9sident de la R\u00e9publique a invit\u00e9 le Premier Ministre \u00e0 finaliser le processus de validation du projet de loi sur la souverainet\u00e9 \u00e9conomique, assorti de ses diff\u00e9rents textes, instruments et m\u00e9canismes d\u2019op\u00e9rationnalisation dans le contexte de l\u2019exploitation de nos ressources mini\u00e8res, p\u00e9troli\u00e8res et gazi\u00e8res. Il a demand\u00e9 au Gouvernement de veiller au renforcement de la transparence dans les industries extractives et de garantir une gouvernance inclusive des ressources naturelles du pays au service exclusif du peuple s\u00e9n\u00e9galais. A cet \u00e9gard, il a indiqu\u00e9 au Gouvernement, l\u2019urgence d\u2019activer les dispositifs institutionnels et financiers relatifs au Fonds de stabilisation et au Fonds interg\u00e9n\u00e9rationnel mis en place par la loi n\u00b0 2022-09 du 19 avril 2022 relative \u00e0 la r\u00e9partition et \u00e0 l\u2019encadrement de la gestion des recettes issues de l\u2019exploitation des hydrocarbures. Il a, en outre, instruit le Premier Ministre de pr\u00e9parer en relation avec le Ministre de l\u2019Energie, du P\u00e9trole et des Mines, le Ministre de l\u2019Economie, du Plan et de la Coop\u00e9ration, le Ministre des Finances et du Budget et le Secr\u00e9tariat du COS \u2013 PETROGAZ, la tenue de la prochaine session dudit Comit\u00e9, dans sa nouvelle composition, avant fin avril 2025.<\/p>\n\n\n\n<p>Le Chef de l\u2019Etat a \u00e9galement soulign\u00e9 l\u2019urgence de pr\u00e9parer la mise en place op\u00e9rationnelle des P\u00f4les territoires, \u00e9picentres du succ\u00e8s de la politique \u00e9conomique et sociale du S\u00e9n\u00e9gal, avec des projets embl\u00e9matiques \u00e0 lancer dans chaque entit\u00e9, en coh\u00e9rence avec l\u2019Agenda national de Transformation. Dans cette perspective de revitalisation des territoires, l\u2019employabilit\u00e9 et l\u2019emploi des jeunes devront constituer des priorit\u00e9s. Il s\u2019agira d\u2019acc\u00e9l\u00e9rer la r\u00e9alisation des centres de formation professionnelle ainsi que l\u2019optimisation des dispositifs de promotion de l\u2019entreprenariat et de l\u2019emploi des jeunes et des femmes. D\u00e8s lors, il a engag\u00e9 le Gouvernement \u00e0 intensifier le d\u00e9veloppement de l\u2019\u00e9conomie sociale et solidaire, mais aussi de traduire sa volont\u00e9 de promouvoir les femmes du S\u00e9n\u00e9gal et de la diaspora par l\u2019adoption urgente du projet de Loi d\u2019orientation sur l\u2019autonomisation \u00e9conomique des femmes.<\/p>\n\n\n\n<p>Le Pr\u00e9sident de la R\u00e9publique a, en outre, appel\u00e9 \u00e0 la mise en place effective d\u2019un cadre innovant de suivi-\u00e9valuation de la mise en oeuvre de la Vision S\u00e9n\u00e9gal 2050 avec ses d\u00e9clinaisons sectorielles et temporelles afin d\u2019asseoir une gouvernance de r\u00e9alisations et de r\u00e9sultats.<\/p>\n\n\n\n<p>Evoquant l\u2019organisation et la pr\u00e9paration des Jeux olympiques de la Jeunesse, le Chef de l\u2019Etat a soulign\u00e9 que les JOJ Dakar 2026 constituent au regard de ses dimensions sportives, \u00e9conomiques, infrastructurelles, culturelles et logistiques, un d\u00e9fi majeur pour le S\u00e9n\u00e9gal dans toutes ses composantes. Ce qui justifie l\u2019imp\u00e9ratif de classer cet \u00e9v\u00e9nement parmi les actions prioritaires du Gouvernement en 2025. Il a demand\u00e9 au Premier Ministre d\u2019assurer, d\u00e9sormais, la supervision permanente (avec le Ministre charg\u00e9 des Sports) de toutes les activit\u00e9s, projets et financements relatifs aux JOJ Dakar 2026. Il a insist\u00e9 sur la n\u00e9cessit\u00e9 de veiller, notamment, \u00e0 la r\u00e9ception \u00e0 date de toutes les infrastructures li\u00e9es \u00e0 la tenue, pour la premi\u00e8re fois en Afrique, des Jeux qui rassemblent les jeunesses du monde.&nbsp;<\/p>\n\n\n\n<p>Le Pr\u00e9sident de la R\u00e9publique a aussi abord\u00e9 la 8\u00e8me \u00e9dition de \u00ab Setal Sunu Rew\u00bb qu\u2019il a pr\u00e9sid\u00e9e le samedi 04 janvier 2025 \u00e0 la cit\u00e9 Comico de la commune de Yeumbeul Nord. Il a salu\u00e9 la r\u00e9gularit\u00e9 de la tenue de l\u2019activit\u00e9 nationale plac\u00e9e, chaque premier samedi du mois, sous un th\u00e8me d\u2019actualit\u00e9 valorisant l\u2019investissement humain, la propret\u00e9, le cadre de vie, le civisme, l\u2019appropriation individuelle et collective des politiques publiques. Il a f\u00e9licit\u00e9 le Ministre des Forces arm\u00e9es, le Chef d\u2019Etat-major g\u00e9n\u00e9ral des Arm\u00e9es, le Haut Commandant de la Gendarmerie nationale et Directeur de la Justice militaire et l\u2019ensemble des Forces de D\u00e9fense et de S\u00e9curit\u00e9 pour leur mobilisation exceptionnelle qui a permis le succ\u00e8s de cette journ\u00e9e d\u2019investissement citoyen. Cette manifestation est le symbole de l\u2019ancrage institutionnel et social du concept Arm\u00e9e-Nation, indispensable pour le d\u00e9veloppement inclusif d\u2019un S\u00e9n\u00e9gal souverain, juste et prosp\u00e8re.<\/p>\n\n\n\n<p>Au titre de son agenda diplomatique, le Chef de l\u2019Etat est revenu sur sa participation, le mardi 07 janvier 2025 \u00e0 Accra, \u00e0 la c\u00e9r\u00e9monie d\u2019investiture du nouveau Pr\u00e9sident du Ghana, Son Excellence Monsieur John Dramani Mahama.<\/p>\n\n\n\n<p>Dans sa communication, le Premier Ministre a mis l\u2019accent sur la feuille de route gouvernementale pour l\u2019ann\u00e9e 2025, dans le sillage du discours \u00e0 la Nation du Chef de l\u2019Etat, le 31 d\u00e9cembre 2024 et de sa D\u00e9claration de Politique g\u00e9n\u00e9rale, le 27 d\u00e9cembre 2024. \u00c0 cet \u00e9gard, il a fait part du dispositif de pilotage de l\u2019Agenda national de Transformation S\u00e9n\u00e9gal 2050, en insistant notamment sur les m\u00e9canismes de suivi de la mise en oeuvre des programmes, projets et r\u00e9formes.<\/p>\n\n\n\n<p>Dans ce cadre, il a insist\u00e9 sur l\u2019exploitation diligente des conclusions et recommandations de l\u2019atelier en cours avec les experts des minist\u00e8res, consacr\u00e9 \u00e0 la mise en oeuvre op\u00e9rationnelle de l\u2019Agenda, notamment sur les programmes, projets et r\u00e9formes prioritaires sur la p\u00e9riode 2025-2029. Au titre des facteurs de succ\u00e8s de la r\u00e9alisation de la Vision S\u00e9n\u00e9gal 2050, \u00e0 savoir la transformation syst\u00e9mique du pays, le Premier Ministre a exhort\u00e9 les membres du Gouvernement \u00e0 accorder une priorit\u00e9 absolue \u00e0 l\u2019appropriation, par leurs collaborateurs, des sept (7) ruptures qu\u2019il a mises en exergue dans sa DPG. Ces ruptures doivent constituer le gouvernail du management op\u00e9rationnel sur la p\u00e9riode 2025-2029, en veillant \u00e0 la mise en place, avec rigueur et pr\u00e9cision, d\u2019une ligne hi\u00e9rarchique coh\u00e9rente et performante au sein des diff\u00e9rents d\u00e9partements minist\u00e9riels.<\/p>\n\n\n\n<p>Par ailleurs, le Premier Ministre a soulign\u00e9 l\u2019approche s\u00e9lective dont les Ministres doivent faire preuve en mati\u00e8re d\u2019engagement, par leurs services, au cours du premier semestre 2025, de d\u00e9penses relatives aux projets et programmes en cours, en vue de garantir la coh\u00e9rence avec la d\u00e9clinaison des objectifs strat\u00e9giques du nouveau plan quinquennal. Il a \u00e9galement relev\u00e9 l\u2019importance \u00e0 accorder au suivi de la r\u00e9alisation des actions r\u00e9siduelles ou continues du Plan d\u2019action d\u2019urgence gouvernementale initi\u00e9 en 2024.<\/p>\n\n\n\n<p>Enfin, le Premier Ministre a demand\u00e9 au Ministre des Finances et du Budget de veiller \u00e0 la mise en oeuvre diligente du processus de liquidation du Haut Conseil des Collectivit\u00e9s territoriales (HCCT) et du Conseil \u00e9conomique, sociale et environnementale (CESE) \u00e0 la suite de la suppression de ces institutions.<\/p>\n\n\n\n<p><strong>AU TITRE DES COMMUNICATIONS DES MINISTRES :<\/strong><\/p>\n\n\n\n<p>\u00b0 Le Ministre de l\u2019Hydraulique et de l\u2019Assainissement a fait une communication sur le suivi des dossiers d\u2019hydraulique et d\u2019assainissement urgents et prioritaires.<\/p>\n\n\n\n<p>\u00b0 Le Secr\u00e9taire g\u00e9n\u00e9ral de la Pr\u00e9sidence de la R\u00e9publique a pr\u00e9sent\u00e9 les termes des r\u00e9f\u00e9rences de la Conf\u00e9rence des Administrateurs et Managers publics (CAMP) du 20 janvier 2025.<\/p>\n\n\n\n<p><strong>AU TITRES DES TEXTES LEGISLATIFS ET REGLEMENTAIRES,<\/strong><\/p>\n\n\n\n<p><strong>Le Conseil a examin\u00e9 et adopt\u00e9 :<\/strong><\/p>\n\n\n\n<p>\u00b0 L e Projet de loi portant r\u00e8glementation de la microfinance&nbsp;;<\/p>\n\n\n\n<p>\u00b0 Le Projet de loi portant r\u00e8glementation bancaire<\/p>\n\n\n\n<p><strong>AU TITRE DES MESURES INDIVIDUELLES,<\/strong><\/p>\n\n\n\n<p><strong>Le Pr\u00e9sident de la R\u00e9publique a pris les d\u00e9cisions suivantes :<\/strong><\/p>\n\n\n\n<p><strong>\u2013 Pr\u00e9sidence de la R\u00e9publique<\/strong><\/p>\n\n\n\n<p>Madame Nd\u00e8ye A\u00efssatou Tabara TOURE, pr\u00e9c\u00e9demment pr\u00e9fet du d\u00e9partement de Bamb\u00e8ye est nomm\u00e9e Secr\u00e9taire g\u00e9n\u00e9ral de la D\u00e9l\u00e9gation g\u00e9n\u00e9rale de l\u2019Entrepreneuriat rapide des Femmes et des Jeunes (DER\/FJ), en remplacement de Monsieur Cheikh Ahmadou Bamba FALL.<\/p>\n\n\n\n<p>Monsieur Cheikh Aliou BEYE, Ing\u00e9nieur en gestion de d\u00e9veloppement urbain, est nomm\u00e9 Pr\u00e9sident du Conseil de surveillance de la D\u00e9l\u00e9gation g\u00e9n\u00e9rale \u00e0 la Promotion des P\u00f4les urbains de Diamniadio et du Lac Rose (DGPU) en remplacement de Monsieur Adama BA.<\/p>\n\n\n\n<p><strong>\u2013 Primature<\/strong><\/p>\n\n\n\n<p>Monsieur Ibrahima FALL, contr\u00f4leur de gestion, est nomm\u00e9 Directeur g\u00e9n\u00e9ral de l\u2019observatoire national sur l\u2019investissement, en remplacement de Monsieur Mamadou Lamine KEITA.<\/p>\n\n\n\n<p><strong>\u2013 Minist\u00e8re de l\u2019Int\u00e9gration africaine et des Affaires \u00e9trang\u00e8res<\/strong><\/p>\n\n\n\n<p>Monsieur Khouraichi Abdoulaye THIAM, titulaire d\u2019un master en management de l\u2019Administration est nomm\u00e9 Administrateur du Fonds d\u2019Appui \u00e0 l\u2019Investissement des S\u00e9n\u00e9galais de l\u2019Ext\u00e9rieur (FAISE), en remplacement de madame Sokhna Nata Samb.<\/p>\n\n\n\n<p><strong>\u2013 Minist\u00e8re des Finances et du Budget (MFB)<\/strong><\/p>\n\n\n\n<p>Monsieur Ahmed Lamine ATHIE, pr\u00e9c\u00e9demment Directeur des Waqf et des partenariats \u00e0 Haute Autorit\u00e9 du WAQF, est nomm\u00e9 Directeur g\u00e9n\u00e9ral du Waqf, en remplacement de Monsieur Racine BA ;<\/p>\n\n\n\n<p>Monsieur Cheikh Sidiya El Moctar BEYE, inspecteur g\u00e9n\u00e9ral d\u2019Etat \u00e0 la retraite, est nomm\u00e9 Pr\u00e9sident du Conseil d\u2019Administration du Fonds souverain d\u2019investissement strat\u00e9giques en remplacement de Madame Nafissatou DIOP.<\/p>\n\n\n\n<p><strong>Direction g\u00e9n\u00e9rale des imp\u00f4ts et Domaines (DGID).<\/strong><\/p>\n\n\n\n<p>Monsieur Jean KONE, inspecteur principal des imp\u00f4ts de classe exceptionnelle, matricule de solde n\u00b0 608855\/F, pr\u00e9c\u00e9demment Directeur du renseignement et des strat\u00e9gies de contr\u00f4le fiscal, est nomm\u00e9 Directeur G\u00e9n\u00e9ral des imp\u00f4ts et Domaines, en remplacement de Monsieur Abdoulaye DIAGNE ;<\/p>\n\n\n\n<p>Monsieur Cheikh Mouhamed Hady DIEYE, inspecteur principal des imp\u00f4ts de classe exceptionnelle, matricule de solde n\u00b0 515385\/J, pr\u00e9c\u00e9demment Directeur des Grandes entreprises, est nomm\u00e9 coordonnateur de la Direction G\u00e9n\u00e9rale des imp\u00f4ts et des Domaines, en remplacement de Monsieur Abdou Aziz GUEYE, admis \u00e0 faire valoir ses droits \u00e0 une pension de retraite ;<\/p>\n\n\n\n<p>Monsieur Makhaly FAYE, inspecteur principal des imp\u00f4ts de classe exceptionnelle, matricule de solde n\u00b0 606893\/J, pr\u00e9c\u00e9demment en service \u00e0 l\u2019inspection g\u00e9n\u00e9ral des finances, est nomm\u00e9 Directeur des grandes entreprises \u00e0 la Direction G\u00e9n\u00e9rale des imp\u00f4ts et des Domaines, en remplacement de Monsieur Hady DIEYE, appel\u00e9 \u00e0 d\u2019autres fonctions ;<\/p>\n\n\n\n<p>Madame Nd\u00e8ye Aissatou NDAO, inspecteur principal des imp\u00f4ts de classe exceptionnelle, matricule de solde n\u00b0606886\/J, pr\u00e9c\u00e9demment Directeur des moyennes entreprises, est nomm\u00e9e Directeur du renseignement et des strat\u00e9gies de contr\u00f4le fiscal \u00e0 la Direction G\u00e9n\u00e9rale des imp\u00f4ts et Domaines, en remplacement de Monsieur Jean KONE, appel\u00e9 \u00e0 d\u2019autres fonctions ;<\/p>\n\n\n\n<p>Madame Yama Kouyat\u00e9, inspecteur principal des imp\u00f4ts de classe exceptionnelle, matricule de solde n\u00b0 606885\/G, pr\u00e9c\u00e9demment Directeur du recouvrement, est nomm\u00e9e Directeur des moyennes entreprises \u00e0 la Direction G\u00e9n\u00e9rale des imp\u00f4ts et des Domaines, en remplacement de Madame Nd\u00e8ye A\u00efssatou NDAO, appel\u00e9e \u00e0 d\u2019autres fonctions ;<\/p>\n\n\n\n<p>Monsieur Mamadou NDIAYE, inspecteur principal des imp\u00f4ts de classe exceptionnelle, matricule de solde n\u00b0602574\/F, pr\u00e9c\u00e9demment en service \u00e0 l\u2019inspection g\u00e9n\u00e9ral des finances, est nomm\u00e9 Directeur du Recouvrement \u00e0 la Direction G\u00e9n\u00e9rale des imp\u00f4ts et des Domaines, en remplacement de Madame Yama Kouyat\u00e9, appel\u00e9 \u00e0 d\u2019autres fonctions ;<\/p>\n\n\n\n<p>Monsieur Ibrahima NDIAYE, inspecteur principal des imp\u00f4ts de classe exceptionnelle, matricule de solde n\u00b0 611438\/C, pr\u00e9c\u00e9demment en service \u00e0 la direction du Contr\u00f4le interne, est nomm\u00e9 Directeur de l\u2019Administration et du personnel \u00e0 la Direction G\u00e9n\u00e9rale des imp\u00f4ts et des Domaines, en remplacement de Monsieur Abdou Ben Jenkins SAMBOU.<\/p>\n\n\n\n<p><strong>\u2013 Minist\u00e8re de l\u2019Hydraulique et de l\u2019Assainissement<\/strong><\/p>\n\n\n\n<p>Monsieur Seydou Mandiang est nomm\u00e9 Pr\u00e9sident du Conseil d\u2019Administration de l\u2019Office des Forages ruraux (OFOR), en remplacement de Monsieur Alpha Bayla GUEYE ;<\/p>\n\n\n\n<p>Monsieur Serigne Mback\u00e9 Dieng, Ing\u00e9nieur, sp\u00e9cialiste en gestion des projets en infrastructures hydraulique est nomm\u00e9 Directeur g\u00e9n\u00e9ral de l\u2019Office des Forages ruraux (OFOR), en remplacement de Monsieur Hamade NDIAYE.<\/p>\n\n\n\n<p>\u2013&nbsp;<strong>Minist\u00e8re des P\u00eaches, des Infrastructures Maritimes et Portuaires<\/strong><\/p>\n\n\n\n<p>Monsieur Mamadou Abibou Diagne, docteur v\u00e9t\u00e9rinaire de classe exceptionnelle, matricule de solde n\u00b0600694\/E est nomm\u00e9 Secr\u00e9taire G\u00e9n\u00e9ral du Minist\u00e8re des P\u00eaches, des Infrastructures Maritimes et Portuaires, en remplacement de Monsieur Bassirou NDIAYE ;<\/p>\n\n\n\n<p>Monsieur Babacar FAYE, est nomm\u00e9 Directeur G\u00e9n\u00e9ral de la Soci\u00e9t\u00e9 des Infrastructures de R\u00e9paration Navale (SIRN), en remplacement de Monsieur Saliou SAMB.<\/p>\n\n\n\n<p><strong>\u2013 Minist\u00e8re des Infrastructures et des Transports Terrestres et A\u00e9riens<\/strong><\/p>\n\n\n\n<p>Monsieur Moctar BA, Manager logistique est nomm\u00e9 Directeur g\u00e9n\u00e9ral de la Soci\u00e9t\u00e9 les Grands Trains du S\u00e9n\u00e9gal (GTS) en remplacement de Monsieur Oumar Amadou SOW ;<\/p>\n\n\n\n<p>Monsieur Bassirou Coly, est nomm\u00e9 Pr\u00e9sident du Conseil d\u2019Administration de la Soci\u00e9t\u00e9 les Grands Trains du S\u00e9n\u00e9gal (GTS), en remplacement de Madame Seynabou NDIEGUENE.<\/p>\n\n\n\n<p><strong>\u2013 Minist\u00e8re de la Communication, des T\u00e9l\u00e9communications et du Num\u00e9rique<\/strong><\/p>\n\n\n\n<p>Monsieur Mouhamadou THIOMBANE, Ing\u00e9nieur en T\u00e9l\u00e9communication et Electronique \u2013 Expert en Management de Projets est nomm\u00e9 Directeur g\u00e9n\u00e9ral de S\u00e9n\u00e9gal Connect Park (SCP), en remplacement de Monsieur Bassirou Abdoul BA.<\/p>\n\n\n\n<p>\u2013&nbsp;<strong>Minist\u00e8re de la Famille et des Solidarit\u00e9s<\/strong><\/p>\n\n\n\n<p>Madame A\u00efda Bodian, enseignante est nomm\u00e9e Pr\u00e9sident du Conseil de surveillance du Commissariat \u00e0 la S\u00e9curit\u00e9 alimentaire et \u00e0 la r\u00e9silience (CSAR) en remplacement de Monsieur Ernest Ndigue Ngom ;<\/p>\n\n\n\n<p><strong>\u2013 Minist\u00e8re de l\u2019Industrie et du Commerce<\/strong><\/p>\n\n\n\n<p>Monsieur Matar Ndiaga SYLLA, expert agr\u00e9\u00e9 industrie est nomm\u00e9 Pr\u00e9sident du Conseil de surveillance de l\u2019Agence de Promotion des sites industriels (APROSI), en remplacement de Monsieur S\u00e9mou DIOUF ;<\/p>\n\n\n\n<p><strong>\u2013 Minist\u00e8re de l\u2019Enseignement sup\u00e9rieur, de la Recherche et de l\u2019Innovation<\/strong><\/p>\n\n\n\n<p>Monsieur Lamine SANE, enseignant-chercheur en t\u00e9l\u00e9communications, est nomm\u00e9 Directeur g\u00e9n\u00e9ral de l\u2019Agence Nationale de Recherche Scientifique Appliqu\u00e9e, en remplacement de Monsieur Cheikh Mouhamadou Mback\u00e9 LO ;<\/p>\n\n\n\n<p><strong>\u2013 Minist\u00e8re de l\u2019Urbanisme, des Collectivit\u00e9s Territoriales et de l\u2019Am\u00e9nagement des<\/strong>&nbsp;<strong>Territoires<\/strong><\/p>\n\n\n\n<p>Monsieur Sidy Alboury NDIAYE est nomm\u00e9 Pr\u00e9sident du Conseil d\u2019Administration de l\u2019Agence Nationale de l\u2019Am\u00e9nagement du Territoire (ANAT), en remplacement de Monsieur Mamadou GASSAMA ;<\/p>\n\n\n\n<p>Monsieur Alioune KEBE administrateur de soci\u00e9t\u00e9 titulaire d\u2019un master en fiscalit\u00e9 et droit des affaires est nomm\u00e9 Directeur du Centre national de la Fonction publique locale et de la Formation, en remplacement de Monsieur Abdou Khadre NDIAYE.<\/p>\n\n\n\n<p>Le Ministre de la Formation Professionnelle et Technique, Porte-Parole du Gouvernement<\/p>\n\n\n\n<p>Amadou Moustapha Njekk SARRE<\/p>\n","protected":false},"excerpt":{"rendered":"<p>Le Chef de l\u2019Etat, Son Excellence, Monsieur Bassirou Diomaye Diakhar FAYE a pr\u00e9sid\u00e9, ce mercredi 08 janvier 2025, la r\u00e9union<\/p>\n","protected":false},"author":1,"featured_media":43464,"comment_status":"open","ping_status":"open","sticky":false,"template":"","format":"standard","meta":{"footnotes":""},"categories":[6],"tags":[],"class_list":["post-50061","post","type-post","status-publish","format-standard","has-post-thumbnail","hentry","category-politics"],"_links":{"self":[{"href":"https:\/\/dekkbi.com\/index.php?rest_route=\/wp\/v2\/posts\/50061","targetHints":{"allow":["GET"]}}],"collection":[{"href":"https:\/\/dekkbi.com\/index.php?rest_route=\/wp\/v2\/posts"}],"about":[{"href":"https:\/\/dekkbi.com\/index.php?rest_route=\/wp\/v2\/types\/post"}],"author":[{"embeddable":true,"href":"https:\/\/dekkbi.com\/index.php?rest_route=\/wp\/v2\/users\/1"}],"replies":[{"embeddable":true,"href":"https:\/\/dekkbi.com\/index.php?rest_route=%2Fwp%2Fv2%2Fcomments&post=50061"}],"version-history":[{"count":1,"href":"https:\/\/dekkbi.com\/index.php?rest_route=\/wp\/v2\/posts\/50061\/revisions"}],"predecessor-version":[{"id":50062,"href":"https:\/\/dekkbi.com\/index.php?rest_route=\/wp\/v2\/posts\/50061\/revisions\/50062"}],"wp:featuredmedia":[{"embeddable":true,"href":"https:\/\/dekkbi.com\/index.php?rest_route=\/wp\/v2\/media\/43464"}],"wp:attachment":[{"href":"https:\/\/dekkbi.com\/index.php?rest_route=%2Fwp%2Fv2%2Fmedia&parent=50061"}],"wp:term":[{"taxonomy":"category","embeddable":true,"href":"https:\/\/dekkbi.com\/index.php?rest_route=%2Fwp%2Fv2%2Fcategories&post=50061"},{"taxonomy":"post_tag","embeddable":true,"href":"https:\/\/dekkbi.com\/index.php?rest_route=%2Fwp%2Fv2%2Ftags&post=50061"}],"curies":[{"name":"wp","href":"https:\/\/api.w.org\/{rel}","templated":true}]}}