{"id":50056,"date":"2025-01-08T15:19:10","date_gmt":"2025-01-08T15:19:10","guid":{"rendered":"https:\/\/dekkbi.com\/?p=50056"},"modified":"2025-01-08T15:19:10","modified_gmt":"2025-01-08T15:19:10","slug":"equipe-de-france-deschamps-sarretera-en-2026-zidane-attend-son-heure","status":"publish","type":"post","link":"https:\/\/dekkbi.com\/?p=50056","title":{"rendered":"Equipe de France: Deschamps s&rsquo;arr\u00eatera en 2026, Zidane attend son heure"},"content":{"rendered":"\n<p>Par Keyvan NARAGHI  \u00a9 2025 AFP  &#8211; Le s\u00e9lectionneur de l&rsquo;\u00e9quipe de France de football, Didier Deschamps, sur le plateau de la cha\u00eene de t\u00e9l\u00e9vision TF1 pour le pr\u00e9-enregistrement d&rsquo;une s\u00e9quence du \u00ab\u00a013h\u00a0\u00bb du 8 janvier 2025, \u00e0 Boulogne-Billancourt, le 6 janvier 2025<\/p>\n\n\n\n<p>\u00ab\u00a0Il faut que \u00e7a s&rsquo;arr\u00eate \u00e0 un moment\u00a0\u00bb. Didier Deschamps a justifi\u00e9 mercredi son d\u00e9part de l&rsquo;\u00e9quipe de France au terme de son contrat en 2026, estimant dans un entretien diffus\u00e9 sur TF1 avoir \u00ab\u00a0fait son temps\u00a0\u00bb, une d\u00e9cision qui ouvre la voie \u00e0 Zin\u00e9dine Zidane, le grandissime favori pour lui succ\u00e9der.<\/p>\n\n\n\n<p>Le s\u00e9lectionneur, nomm\u00e9 \u00e0 son poste apr\u00e8s l&rsquo;Euro-2012 en remplacement de Laurent blanc, rendra donc bel et bien son tablier apr\u00e8s le Mondial-2026 organis\u00e9 aux Etats-Unis, au Canada et au Mexique pour lequel les Bleus ne sont pas encore qualifi\u00e9s. La nouvelle, confirm\u00e9e \u00e0 l&rsquo;AFP mardi par une source proche des Tricolores, est devenue officielle apr\u00e8s la diffusion par LCI d&rsquo;un extrait de l&rsquo;entretien r\u00e9alis\u00e9 avec Brigitte Macron dans le cadre de l&rsquo;op\u00e9ration \u00ab\u00a0Pi\u00e8ces Jaunes\u00a0\u00bb.<\/p>\n\n\n\n<p>\u00ab\u00a0\u00c7a sera 2026. Je suis l\u00e0 depuis 2012, je suis pr\u00e9vu jusqu&rsquo;en 2026&#8230; la prochaine Coupe du monde. Ca s&rsquo;arr\u00eatera l\u00e0, parce qu&rsquo;il faut que \u00e7a s&rsquo;arr\u00eate \u00e0 un moment. Dans ma t\u00eate c&rsquo;est bien clair. J&rsquo;ai fait mon temps aussi, avec la m\u00eame envie, la m\u00eame passion pour maintenir l&rsquo;\u00e9quipe de France au plus haut niveau, mais 2026 c&rsquo;est tr\u00e8s bien\u00a0\u00bb, a d\u00e9clar\u00e9 le technicien de 56 ans \u00e0 la long\u00e9vit\u00e9 record \u00e0 son poste (160 matches).<\/p>\n\n\n\n<p>En d\u00e9pit d&rsquo;une certaine usure du pouvoir, des soubresauts de ces derniers mois (Euro-2024 rat\u00e9 malgr\u00e9 une place en demi-finales, d\u00e9boires du capitaine Kylian Mbapp\u00e9, retraite internationale du pilier Antoine Griezmann) et quelle que doit l&rsquo;issue de la Coupe du monde 2026, Deschamps partira en laissant derri\u00e8re lui un palmar\u00e8s hors-normes en tant que s\u00e9lectionneur avec un titre mondial en 2018 en Russie, la Ligue des nations en 2021 et deux finales (Euro-2016, Mondial-2022).<\/p>\n\n\n\n<p>Deschamps, dont la prolongation de quatre ans juste apr\u00e8s la finale de la Coupe du monde 2022 perdue face \u00e0 l&rsquo;Argentine avait fait beaucoup jaser \u00e0 l&rsquo;\u00e9poque, en avait pr\u00e9alablement inform\u00e9 le pr\u00e9sident de la F\u00e9d\u00e9ration fran\u00e7aise du football juste avant les f\u00eates, comme l&rsquo;a expliqu\u00e9 Philippe Diallo \u00e0 L&rsquo;Equipe.<\/p>\n\n\n\n<p>\u00ab\u00a0C&rsquo;est une d\u00e9cision personnelle, responsable et \u00e9l\u00e9gante, \u00e0 l&rsquo;image du personnage qu&rsquo;il est. Il a peut-\u00eatre ressenti qu&rsquo;en 2026, il aura pass\u00e9 plus d&rsquo;une dizaine d&rsquo;ann\u00e9es \u00e0 la t\u00eate des Bleus, ce qui est en soi assez exceptionnel, et qu&rsquo;il \u00e9tait temps de passer \u00e0 autre chose\u00a0\u00bb, a indiqu\u00e9 le dirigeant.<\/p>\n\n\n\n<h2 class=\"wp-block-heading\">Zidane pr\u00e9tendant N.1<\/h2>\n\n\n\n<p>Le s\u00e9lectionneur des Bleus Didier Deschamps (g.) et l&rsquo;\u00e9pouse du pr\u00e9sident fran\u00e7ais Brigitte Macron dans un bureau de poste de Bordeaux, le 8 janvier 2025<\/p>\n\n\n\n<p>Il faudra toutefois guetter comment le groupe r\u00e9agira au retrait futur du s\u00e9lectionneur alors que des \u00e9ch\u00e9ances importantes attendent les Tricolores d&rsquo;ici la date-couperet de 2026 avec les quarts de finale de la Ligue des nations, les 20 et 23 mars contre la Croatie, un \u00e9ventuel \u00ab\u00a0Final Four\u00a0\u00bb en juin avant les qualifications pour le Mondial nord-am\u00e9ricain.<\/p>\n\n\n\n<p>\u00ab\u00a0Cela va lib\u00e9rer tout le monde, \u00e0 commencer par lui, parce qu&rsquo;il subit des critiques tr\u00e8s injustes depuis des ann\u00e9es. Il a le souhait de prot\u00e9ger les joueurs. Cela va clarifier la situation\u00a0\u00bb, a assur\u00e9 Philippe Diallo \u00e0 L&rsquo;Equipe.<\/p>\n\n\n\n<p>Avec la fin programm\u00e9e du long chapitre Deschamps, les sp\u00e9culations vont d\u00e9sormais aller bon train concernant l&rsquo;identit\u00e9 de son successeur. Un nom revient fatalement et naturellement \u00e0 l&rsquo;esprit, celui de Zin\u00e9dine Zidane.<\/p>\n\n\n\n<p>Ic\u00f4ne du football et du sport fran\u00e7ais, l&rsquo;ancien N.10, \u00e2g\u00e9 de 52 ans, n&rsquo;a jamais cach\u00e9 qu&rsquo;il r\u00eavait de la fonction. En r\u00e9serve de la R\u00e9publique depuis qu&rsquo;il a termin\u00e9 son deuxi\u00e8me passage au Real Madrid en 2021, le triple vainqueur de la Ligue des champions sur le banc des Merengue (2016, 2017, 2018) fait logiquement office de pr\u00e9tendant N.1.<\/p>\n\n\n\n<p>\u00ab\u00a0Avec les Bleus, ce n&rsquo;est pas fini. J&rsquo;en ai envie, bien s\u00fbr. Je le serai, je l&rsquo;esp\u00e8re, un jour. J&rsquo;ai envie de boucler la boucle avec l&rsquo;\u00e9quipe de France\u00a0\u00bb, avait dit \u00e0 L&rsquo;Equipe en 2022 le double buteur de la finale du Mondial-98.<\/p>\n\n\n\n<p>Thierry Henry, aur\u00e9ol\u00e9 de son beau parcours aux Jeux Olympiques de Paris (finale), est un autre recours possible parmi les anciens champions du monde (1998) et d&rsquo;Europe (2000). Mais malgr\u00e9 sa bonne image et son pass\u00e9 glorieux de joueur, l&rsquo;ex-l\u00e9gende d&rsquo;Arsenal aura tout de m\u00eame du mal \u00e0 faire le poids avec la superstar \u00ab\u00a0Zizou\u00a0\u00bb.<\/p>\n","protected":false},"excerpt":{"rendered":"<p>Par Keyvan NARAGHI \u00a9 2025 AFP &#8211; Le s\u00e9lectionneur de l&rsquo;\u00e9quipe de France de football, Didier Deschamps, sur le plateau<\/p>\n","protected":false},"author":1,"featured_media":50057,"comment_status":"open","ping_status":"open","sticky":false,"template":"","format":"standard","meta":{"footnotes":""},"categories":[9],"tags":[],"class_list":["post-50056","post","type-post","status-publish","format-standard","has-post-thumbnail","hentry","category-sports"],"_links":{"self":[{"href":"https:\/\/dekkbi.com\/index.php?rest_route=\/wp\/v2\/posts\/50056","targetHints":{"allow":["GET"]}}],"collection":[{"href":"https:\/\/dekkbi.com\/index.php?rest_route=\/wp\/v2\/posts"}],"about":[{"href":"https:\/\/dekkbi.com\/index.php?rest_route=\/wp\/v2\/types\/post"}],"author":[{"embeddable":true,"href":"https:\/\/dekkbi.com\/index.php?rest_route=\/wp\/v2\/users\/1"}],"replies":[{"embeddable":true,"href":"https:\/\/dekkbi.com\/index.php?rest_route=%2Fwp%2Fv2%2Fcomments&post=50056"}],"version-history":[{"count":1,"href":"https:\/\/dekkbi.com\/index.php?rest_route=\/wp\/v2\/posts\/50056\/revisions"}],"predecessor-version":[{"id":50058,"href":"https:\/\/dekkbi.com\/index.php?rest_route=\/wp\/v2\/posts\/50056\/revisions\/50058"}],"wp:featuredmedia":[{"embeddable":true,"href":"https:\/\/dekkbi.com\/index.php?rest_route=\/wp\/v2\/media\/50057"}],"wp:attachment":[{"href":"https:\/\/dekkbi.com\/index.php?rest_route=%2Fwp%2Fv2%2Fmedia&parent=50056"}],"wp:term":[{"taxonomy":"category","embeddable":true,"href":"https:\/\/dekkbi.com\/index.php?rest_route=%2Fwp%2Fv2%2Fcategories&post=50056"},{"taxonomy":"post_tag","embeddable":true,"href":"https:\/\/dekkbi.com\/index.php?rest_route=%2Fwp%2Fv2%2Ftags&post=50056"}],"curies":[{"name":"wp","href":"https:\/\/api.w.org\/{rel}","templated":true}]}}