{"id":50037,"date":"2025-01-08T13:06:33","date_gmt":"2025-01-08T13:06:33","guid":{"rendered":"https:\/\/dekkbi.com\/?p=50037"},"modified":"2025-01-08T15:09:45","modified_gmt":"2025-01-08T15:09:45","slug":"ou-en-est-la-syrie-un-mois-apres-la-chute-de-bachar-el-assad","status":"publish","type":"post","link":"https:\/\/dekkbi.com\/?p=50037","title":{"rendered":"O\u00f9 en est la Syrie apr\u00e8s la chute de Bachar el-Assad?"},"content":{"rendered":"\n<p><strong>Par : RFI &#8211; <\/strong>Ce 8 d\u00e9cembre 2024, le monde apprenait incr\u00e9dule la fin du r\u00e9gime autoritaire et sanguinaire de Bachar el-Assad.\u00a0Un mois apr\u00e8s, jour pour jour, que peut on dire de cette nouvelle Syrie\u00a0? La chute de Bachar el-Assad a tout chang\u00e9 ou presque. Le pays vit une lib\u00e9ration et l&rsquo;enthousiasme dure, m\u00eame si percent les inqui\u00e9tudes autour des nouvelles autorit\u00e9s et de l&rsquo;avenir politique du pays. RFI est en \u00e9dition sp\u00e9ciale depuis Damas pour faire le point.\u00a0<\/p>\n\n\n\n<p>Apr\u00e8s un premier mois de libert\u00e9 et d&rsquo;effervescence, et alors que la population sort peu \u00e0 peu du silence sur les crimes commis sous le r\u00e9gime de Bachar el-Assad, cette nouvelle Syrie s&rsquo;interroge sur son pr\u00e9sent et sur son avenir, sur la question de sa&nbsp;gouvernance&nbsp;et ses attentes vis-\u00e0-vis du nouveau pouvoir.&nbsp;<\/p>\n\n\n\n<p>Pour tenter de r\u00e9pondre \u00e0 ces questions et faire le point sur la situation, RFI a d\u00e9plac\u00e9 ses studios \u00e0 Damas.<\/p>\n\n\n\n<p>\u25ba&nbsp;<strong>La Syrie un mois apr\u00e8s, lib\u00e9ration, effervescence,&nbsp;<\/strong>pr\u00e9sent\u00e9e par&nbsp;Julien Coquelle-Ro\u00ebhm&nbsp;<\/p>\n\n\n\n<p><strong><u>Avec nos invit\u00e9s :<\/u><\/strong>&nbsp;<\/p>\n\n\n\n<ul class=\"wp-block-list\">\n<li><strong>Caroline Hayek<\/strong>, grand reporter au quotidien franco-libanais\u00a0<em>L&rsquo;Orient-Le Jour\u00a0<\/em><\/li>\n\n\n\n<li><strong>Rola Al-Rukabi,\u00a0<\/strong>militante f\u00e9ministe, activiste politique, directrice de l\u2019ONG Women Now for DevelopmentLebanon. \u00a0<\/li>\n\n\n\n<li><strong>Abdulmonam Eassa,<\/strong>\u00a0photographe franco-syrien, en exil depuis 2018.<\/li>\n\n\n\n<li><strong>Bisher Najjar<\/strong>,cr\u00e9ateur de contenus \u00e0 destination des jeunes sur les r\u00e9seaux sociaux, de retour en Syrie pour la premi\u00e8re fois depuis 2012.\u00a0<\/li>\n<\/ul>\n\n\n\n<p>49:27<\/p>\n\n\n\n<p>Edition sp\u00e9ciale 7H10 &#8211; 8H TU<\/p>\n\n\n\n<p><strong>\u25ba&nbsp; Un Etat et une soci\u00e9t\u00e9 \u00e0 reconstruire,&nbsp;<\/strong>pr\u00e9sent\u00e9e par&nbsp;Julien Coquelle-Ro\u00ebhm&nbsp;<\/p>\n\n\n\n<p><strong><u>Avec nos invit\u00e9s :<\/u><\/strong>&nbsp;<\/p>\n\n\n\n<ul class=\"wp-block-list\">\n<li><strong>Oussama Chourbaji\u00a0<\/strong>: pharmacien, ancien d\u00e9tenu du r\u00e9gime Assad, ancien co-fondateur du Conseil national Syrien, et directeur de l\u2019ONG MARS qui intervient dans le nord-est et dans le nord-ouest de la Syrie.<\/li>\n\n\n\n<li><strong>Boulos Alhallaq,\u00a0<\/strong>activiste syrien, membre de la soci\u00e9t\u00e9 civile, co-fondateur de l\u2019initiative Bidayatuna \u00a0<\/li>\n\n\n\n<li><strong>Noor Salam<\/strong>, membre de l\u2019ONG Beytna, membre du Mouvement politique f\u00e9ministe syrien (SWPM).\u00a0<\/li>\n<\/ul>\n","protected":false},"excerpt":{"rendered":"<p>Par : RFI &#8211; Ce 8 d\u00e9cembre 2024, le monde apprenait incr\u00e9dule la fin du r\u00e9gime autoritaire et sanguinaire de<\/p>\n","protected":false},"author":1,"featured_media":19055,"comment_status":"open","ping_status":"open","sticky":false,"template":"","format":"standard","meta":{"footnotes":""},"categories":[51],"tags":[],"class_list":["post-50037","post","type-post","status-publish","format-standard","has-post-thumbnail","hentry","category-general"],"_links":{"self":[{"href":"https:\/\/dekkbi.com\/index.php?rest_route=\/wp\/v2\/posts\/50037","targetHints":{"allow":["GET"]}}],"collection":[{"href":"https:\/\/dekkbi.com\/index.php?rest_route=\/wp\/v2\/posts"}],"about":[{"href":"https:\/\/dekkbi.com\/index.php?rest_route=\/wp\/v2\/types\/post"}],"author":[{"embeddable":true,"href":"https:\/\/dekkbi.com\/index.php?rest_route=\/wp\/v2\/users\/1"}],"replies":[{"embeddable":true,"href":"https:\/\/dekkbi.com\/index.php?rest_route=%2Fwp%2Fv2%2Fcomments&post=50037"}],"version-history":[{"count":3,"href":"https:\/\/dekkbi.com\/index.php?rest_route=\/wp\/v2\/posts\/50037\/revisions"}],"predecessor-version":[{"id":50052,"href":"https:\/\/dekkbi.com\/index.php?rest_route=\/wp\/v2\/posts\/50037\/revisions\/50052"}],"wp:featuredmedia":[{"embeddable":true,"href":"https:\/\/dekkbi.com\/index.php?rest_route=\/wp\/v2\/media\/19055"}],"wp:attachment":[{"href":"https:\/\/dekkbi.com\/index.php?rest_route=%2Fwp%2Fv2%2Fmedia&parent=50037"}],"wp:term":[{"taxonomy":"category","embeddable":true,"href":"https:\/\/dekkbi.com\/index.php?rest_route=%2Fwp%2Fv2%2Fcategories&post=50037"},{"taxonomy":"post_tag","embeddable":true,"href":"https:\/\/dekkbi.com\/index.php?rest_route=%2Fwp%2Fv2%2Ftags&post=50037"}],"curies":[{"name":"wp","href":"https:\/\/api.w.org\/{rel}","templated":true}]}}