{"id":50034,"date":"2025-01-08T13:05:25","date_gmt":"2025-01-08T13:05:25","guid":{"rendered":"https:\/\/dekkbi.com\/?p=50034"},"modified":"2025-01-08T15:09:30","modified_gmt":"2025-01-08T15:09:30","slug":"elle-va-trainer-ca-tout-le-temps-dans-loise-des-electeurs-du-rn-partages-sur-la-capacite-de-marine-le-pen-a-se-detacher-de-limage-de-son-pere","status":"publish","type":"post","link":"https:\/\/dekkbi.com\/?p=50034","title":{"rendered":"\u00ab\u00a0Elle va tra\u00eener \u00e7a tout le temps\u00a0\u00bb: dans l&rsquo;Oise, des \u00e9lecteurs du RN partag\u00e9s sur la capacit\u00e9 de Marine Le Pen \u00e0 se d\u00e9tacher de l&rsquo;image de son p\u00e8re"},"content":{"rendered":"\n<p>Jean-Marie Le Pen, figure de l&rsquo;extr\u00eame droite fran\u00e7aise, est mort mardi. Les \u00e9lecteurs du Rassemblement national rencontr\u00e9s \u00e0 Beauvais ne sont pas tous certains que sa fille parvienne \u00e0 faire oublier l&rsquo;image de son p\u00e8re.<\/p>\n\n\n\n<p>Les r\u00e9actions sont nombreuses mais empreintes de g\u00eane du c\u00f4t\u00e9 de l&rsquo;extr\u00eame droite, apr\u00e8s la&nbsp;mort de Jean-Marie Le Pen. Le fondateur du Front national&nbsp;s&rsquo;est \u00e9teint mardi 7 janvier&nbsp;\u00e0 l&rsquo;\u00e2ge de 96 ans dans un \u00e9tablissement de sant\u00e9 \u00e0 Garches (Hauts-de-Seine). H\u00e9ritier du FN, le Rassemblement national salue un homme<em>&nbsp;\u00ab\u00a0visionnaire\u00a0\u00bb, \u00ab\u00a0talentueux et courageux\u00a0\u00bb&nbsp;<\/em>et ses<em>&nbsp;\u00ab\u00a0six d\u00e9cennies de combats politiques\u00a0\u00bb,<\/em>&nbsp;mais reste silencieux&nbsp;sur les d\u00e9clarations sulfureuses de Jean-Marie Le Pen&nbsp;et surtout sur ses condamnations, notamment pour contestation de crime contre l\u2019humanit\u00e9.<\/p>\n\n\n\n<p><br>Une figure contest\u00e9e aussi par des \u00e9lecteurs du Rassemblement national rencontr\u00e9s \u00e0 Beauvais, dans l&rsquo;Oise. Assises au comptoir, Jennifer et Delphine commentent les images d&rsquo;archives de Jean-Marie Le Pen diffus\u00e9es \u00e0 la t\u00e9l\u00e9vision au fond du bar.&nbsp;<em>\u00ab\u00a0Je ne l&rsquo;aimais pas du tout, je ne vais pas vous mentir. Pour moi, c&rsquo;est un deuxi\u00e8me Hitler\u00a0\u00bb,<\/em>&nbsp;estime la premi\u00e8re.<em>&nbsp;\u00ab\u00a0C&rsquo;est une page qui se tourne, et tant mieux\u00a0\u00bb,<\/em>&nbsp;lance la seconde. Parce que pour elle, Marine Le Pen, c&rsquo;est diff\u00e9rent :&nbsp;<em>\u00ab\u00a0Il \u00e9tait tr\u00e8s m\u00e9chant et n&rsquo;a jamais chang\u00e9. Elle, elle a \u00e9volu\u00e9 et je lui souhaite de continuer.\u00a0\u00bb<\/em><\/p>\n\n\n\n<blockquote class=\"wp-block-quote is-layout-flow wp-block-quote-is-layout-flow\">\n<p>\u00ab\u00a0J&rsquo;esp\u00e8re pour elle que les gens vont se rendre compte qu&rsquo;elle, c&rsquo;est elle et que son p\u00e8re, c&rsquo;\u00e9tait son p\u00e8re tout simplement. \u00ab\u00a0Delphine, une \u00e9lectrice du RN<\/p>\n\n\n\n<p>\u00e0 franceinfo<\/p>\n<\/blockquote>\n\n\n\n<p>Tony esp\u00e8re aussi que le d\u00e9c\u00e8s de Jean-Marie Le Pen permettra \u00e0 son parti &#8211;&nbsp;le RN&nbsp;&#8211; de rompre symboliquement avec un h\u00e9ritage encombrant. Il confie m\u00eame ressentir<em>&nbsp;\u00ab\u00a0un soulagement. On dit le RN, le Rassemblement national, on pense &lsquo;raciste&rsquo;, on pense &lsquo;facho&rsquo;. C&rsquo;est compl\u00e8tement faux&nbsp;! On pense \u00e0 Jean-Marie Le Pen, \u00e7a revient toujours en arri\u00e8re. C&rsquo;est une \u00e9poque r\u00e9volue, et maintenant Marine Le Pen reprend le flambeau. Elle a tir\u00e9 parti de son p\u00e8re bien s\u00fbr, mais elle n&rsquo;a pas des partis pris comme son p\u00e8re. Et il faut avancer dans la vie, et Marine Le Pen avance, \u00e7a va faire un grand pas en avant.\u00a0\u00bb<\/em><\/p>\n\n\n\n<h2 class=\"wp-block-heading\">Une \u00e9tiquette Le Pen tenace<\/h2>\n\n\n\n<p>Mais reste le nom Le Pen et pour Sylvie et Claude, c&rsquo;est un frein, m\u00eame s&rsquo;ils aimeraient que le RN remporte la prochaine pr\u00e9sidentielle.&nbsp;<em>\u00ab\u00a0Marine Le Pen ne passera jamais, par rapport \u00e0 son p\u00e8re et tout ce qui s&rsquo;est pass\u00e9. Je pense qu&rsquo;elle va tra\u00eener \u00e7a tout le temps parce que les gens n&rsquo;oublient pas facilement\u00a0\u00bb<\/em>, estime Sylvie.<em>&nbsp;\u00ab\u00a0Il y aura toujours le nom Le Pen, elle ne pourra pas s&rsquo;en d\u00e9tacher,&nbsp;<\/em>balaie Claude.<em>&nbsp;Pour le Rassemblement national, tant qu&rsquo;elle sera l\u00e0, il y aura encore un peu cette \u00e9tiquette. Peut-\u00eatre que si Jordan Bardella continue et qu&rsquo;elle arr\u00eate, \u00e7a changera, mais on ne peut pas le savoir \u00e0 l&rsquo;avance.\u00a0\u00bb<\/em><\/p>\n\n\n\n<p>Pour lui, m\u00eame si le RN op\u00e8re un travail de d\u00e9diabolisation depuis des ann\u00e9es, le parti restera associ\u00e9 encore un bon bout de temps \u00e0 Jean-Marie Le Pen, figure embl\u00e9matique de l&rsquo;extr\u00eame droite fran\u00e7aise.<\/p>\n\n\n\n<p>Article r\u00e9dig\u00e9 par Sonia Ghobri &#8211; Radio France<\/p>\n","protected":false},"excerpt":{"rendered":"<p>Jean-Marie Le Pen, figure de l&rsquo;extr\u00eame droite fran\u00e7aise, est mort mardi. Les \u00e9lecteurs du Rassemblement national rencontr\u00e9s \u00e0 Beauvais ne<\/p>\n","protected":false},"author":1,"featured_media":50035,"comment_status":"open","ping_status":"open","sticky":false,"template":"","format":"standard","meta":{"footnotes":""},"categories":[51],"tags":[],"class_list":["post-50034","post","type-post","status-publish","format-standard","has-post-thumbnail","hentry","category-general"],"_links":{"self":[{"href":"https:\/\/dekkbi.com\/index.php?rest_route=\/wp\/v2\/posts\/50034","targetHints":{"allow":["GET"]}}],"collection":[{"href":"https:\/\/dekkbi.com\/index.php?rest_route=\/wp\/v2\/posts"}],"about":[{"href":"https:\/\/dekkbi.com\/index.php?rest_route=\/wp\/v2\/types\/post"}],"author":[{"embeddable":true,"href":"https:\/\/dekkbi.com\/index.php?rest_route=\/wp\/v2\/users\/1"}],"replies":[{"embeddable":true,"href":"https:\/\/dekkbi.com\/index.php?rest_route=%2Fwp%2Fv2%2Fcomments&post=50034"}],"version-history":[{"count":2,"href":"https:\/\/dekkbi.com\/index.php?rest_route=\/wp\/v2\/posts\/50034\/revisions"}],"predecessor-version":[{"id":50051,"href":"https:\/\/dekkbi.com\/index.php?rest_route=\/wp\/v2\/posts\/50034\/revisions\/50051"}],"wp:featuredmedia":[{"embeddable":true,"href":"https:\/\/dekkbi.com\/index.php?rest_route=\/wp\/v2\/media\/50035"}],"wp:attachment":[{"href":"https:\/\/dekkbi.com\/index.php?rest_route=%2Fwp%2Fv2%2Fmedia&parent=50034"}],"wp:term":[{"taxonomy":"category","embeddable":true,"href":"https:\/\/dekkbi.com\/index.php?rest_route=%2Fwp%2Fv2%2Fcategories&post=50034"},{"taxonomy":"post_tag","embeddable":true,"href":"https:\/\/dekkbi.com\/index.php?rest_route=%2Fwp%2Fv2%2Ftags&post=50034"}],"curies":[{"name":"wp","href":"https:\/\/api.w.org\/{rel}","templated":true}]}}