{"id":49996,"date":"2025-01-08T12:10:31","date_gmt":"2025-01-08T12:10:31","guid":{"rendered":"https:\/\/dekkbi.com\/?p=49996"},"modified":"2025-01-08T12:10:31","modified_gmt":"2025-01-08T12:10:31","slug":"mathematiques-sciences-et-technologies-le-chef-de-letat-decide-de-lorganisation-dun-concours-national","status":"publish","type":"post","link":"https:\/\/dekkbi.com\/?p=49996","title":{"rendered":"Math\u00e9matiques, sciences et technologies: Le chef de l\u2019\u00c9tat d\u00e9cide de l\u2019organisation d\u2019un concours national"},"content":{"rendered":"\n<p><em>Le pr\u00e9sident de la R\u00e9publique, Bassirou Diomaye Faye, a instruit le ministre de l\u2019\u00c9ducation nationale, Moustapha Guirassy, d\u2019organiser un Concours national pour les math\u00e9matiques, les sciences et les technologies.<\/em><\/p>\n\n\n\n<p>Bient\u00f4t un concours national pour les math\u00e9matiques, les sciences et les technologies, du CM2 \u00e0 la Terminale. L\u2019annonce a \u00e9t\u00e9 faite, mardi, lors d\u2019une rencontre entre le ministre Moustapha Guirassy et une d\u00e9l\u00e9gation de la SSPP \u00ab Le Soleil \u00bb conduite par son Directeur g\u00e9n\u00e9ral, Lamine Niang, en pr\u00e9sence du Directeur des R\u00e9dactions, Daouda Man\u00e9, et de Moustapha L\u00f4, membre de l\u2019administration.<br>Selon le ministre, cette d\u00e9cision a \u00e9t\u00e9 prise par le chef de l\u2019\u00c9tat qui, apr\u00e8s analyse, a constat\u00e9 \u00ab de moins en moins d\u2019engouement des \u00e9l\u00e8ves et des populations de fa\u00e7on g\u00e9n\u00e9rale pour les math\u00e9matiques notamment \u00bb. Or, poursuit le ministre de l\u2019\u00c9ducation nationale, \u00ab pour l\u2019agenda de transformation du S\u00e9n\u00e9gal \u00e0 l\u2019horizon 2050, les math\u00e9matiques devraient occuper une place \u00ab extr\u00eamement importante li\u00e9e aux questions de d\u00e9veloppement technologique, aux sciences en g\u00e9n\u00e9ral.<\/p>\n\n\n\n<figure class=\"wp-block-embed is-type-rich is-provider-prise-en-charge-des-contenus-embarqu-s wp-block-embed-prise-en-charge-des-contenus-embarqu-s wp-embed-aspect-16-9 wp-has-aspect-ratio\"><div class=\"wp-block-embed__wrapper\">\n<iframe loading=\"lazy\" title=\"Un concours national pour promouvoir les math\u00e9matiques, les sciences et la technologie\" width=\"800\" height=\"450\" src=\"https:\/\/www.youtube.com\/embed\/fF1On00D5AE?feature=oembed\" frameborder=\"0\" allow=\"accelerometer; autoplay; clipboard-write; encrypted-media; gyroscope; picture-in-picture; web-share\" referrerpolicy=\"strict-origin-when-cross-origin\" allowfullscreen><\/iframe>\n<\/div><\/figure>\n\n\n\n<p>D\u00e8s lors, les math\u00e9matiques devraient \u00eatre repositionn\u00e9es afin d\u2019amener \u00e9l\u00e8ves, \u00e9tudiants et populations \u00e0 s\u2019int\u00e9resser davantage \u00e0 cette mati\u00e8re \u00bb. Appr\u00e9ciant cette d\u00e9cision, Moustapha Guirassy a promis de mobiliser toute son \u00e9quipe pour pr\u00e9parer les textes qui organiseront le concours national, la note conceptuelle en y associant les acteurs et figures fortes des domaines des math\u00e9matiques, des sciences et des technologies afin de bien outiller les enfants. D\u2019apr\u00e8s le ministre, ce concours national ne serait que le prolongement de ce qui existait d\u00e9j\u00e0, notamment les Olympiades, Miss math\u00e9matiques et les diff\u00e9rents programmes qui aident \u00e0 encourager nos \u00e9l\u00e8ves \u00e0 performer.<\/p>\n\n\n\n<p>Le concours national donnera une autre dimension (comme le Concours g\u00e9n\u00e9ral s\u00e9n\u00e9galais et d\u2019autres types de concours nationaux) \u00e0 toutes ces initiatives afin de donner plus d\u2019importance aux math\u00e9matiques, sciences et technologies.<\/p>\n\n\n\n<p>Le ministre de l\u2019\u00c9ducation nationale dit compter sur l\u2019accompagnement du quotidien national \u00abLe Soleil \u00bb, tr\u00e8s vers\u00e9 dans les questions d\u2019\u00e9ducation, rappelant que l\u2019\u00e9ducation est \u00ab ce qui nous est tous tr\u00e8s cher \u00bb. Il a f\u00e9licit\u00e9 le Directeur g\u00e9n\u00e9ral du Soleil, Lamine Niang, pour son \u00ab style de management unique \u00bb. \u00c0 l\u2019en croire, Le Soleil vit \u00ab un renouveau \u00bb.<\/p>\n\n\n\n<p><strong>Daouda Man\u00e9 et Pape Abdoulaye Sy<\/strong><\/p>\n","protected":false},"excerpt":{"rendered":"<p>Le pr\u00e9sident de la R\u00e9publique, Bassirou Diomaye Faye, a instruit le ministre de l\u2019\u00c9ducation nationale, Moustapha Guirassy, d\u2019organiser un Concours<\/p>\n","protected":false},"author":1,"featured_media":39656,"comment_status":"open","ping_status":"open","sticky":false,"template":"","format":"standard","meta":{"footnotes":""},"categories":[21],"tags":[],"class_list":["post-49996","post","type-post","status-publish","format-standard","has-post-thumbnail","hentry","category-societe"],"_links":{"self":[{"href":"https:\/\/dekkbi.com\/index.php?rest_route=\/wp\/v2\/posts\/49996","targetHints":{"allow":["GET"]}}],"collection":[{"href":"https:\/\/dekkbi.com\/index.php?rest_route=\/wp\/v2\/posts"}],"about":[{"href":"https:\/\/dekkbi.com\/index.php?rest_route=\/wp\/v2\/types\/post"}],"author":[{"embeddable":true,"href":"https:\/\/dekkbi.com\/index.php?rest_route=\/wp\/v2\/users\/1"}],"replies":[{"embeddable":true,"href":"https:\/\/dekkbi.com\/index.php?rest_route=%2Fwp%2Fv2%2Fcomments&post=49996"}],"version-history":[{"count":1,"href":"https:\/\/dekkbi.com\/index.php?rest_route=\/wp\/v2\/posts\/49996\/revisions"}],"predecessor-version":[{"id":49999,"href":"https:\/\/dekkbi.com\/index.php?rest_route=\/wp\/v2\/posts\/49996\/revisions\/49999"}],"wp:featuredmedia":[{"embeddable":true,"href":"https:\/\/dekkbi.com\/index.php?rest_route=\/wp\/v2\/media\/39656"}],"wp:attachment":[{"href":"https:\/\/dekkbi.com\/index.php?rest_route=%2Fwp%2Fv2%2Fmedia&parent=49996"}],"wp:term":[{"taxonomy":"category","embeddable":true,"href":"https:\/\/dekkbi.com\/index.php?rest_route=%2Fwp%2Fv2%2Fcategories&post=49996"},{"taxonomy":"post_tag","embeddable":true,"href":"https:\/\/dekkbi.com\/index.php?rest_route=%2Fwp%2Fv2%2Ftags&post=49996"}],"curies":[{"name":"wp","href":"https:\/\/api.w.org\/{rel}","templated":true}]}}