{"id":49994,"date":"2025-01-08T12:08:54","date_gmt":"2025-01-08T12:08:54","guid":{"rendered":"https:\/\/dekkbi.com\/?p=49994"},"modified":"2025-01-08T12:08:55","modified_gmt":"2025-01-08T12:08:55","slug":"la-vague-de-fraicheur-va-persister-jusquen-fevrier-previsionniste","status":"publish","type":"post","link":"https:\/\/dekkbi.com\/?p=49994","title":{"rendered":"La vague de fraicheur va persister jusqu\u2019en f\u00e9vrier (pr\u00e9visionniste)"},"content":{"rendered":"\n<p>Dakar, (APS) \u2013 La vague de fraicheur qui s\u00e9vit sur une bonne partie du pays depuis le mois de d\u00e9cembre va se poursuivre jusqu\u2019en f\u00e9vrier avant d\u2019entamer une transition vers des temp\u00e9ratures de plus en plus chaudes, a indiqu\u00e9, mardi, Diabel Ndiaye, chef du service des Services climatiques de l\u2019Agence nationale de l\u2019aviation civile et de la m\u00e9t\u00e9orologie (ANACIM).<\/p>\n\n\n\n<p>&nbsp;\u2018\u2019Si on fait une \u00e9volution mensuelle des temp\u00e9ratures, nous pouvons dire qu\u2019au cours de ce mois de janvier, on aura la continuit\u00e9 de la fraicheur qui souffle sur une bonne partie du pays depuis d\u00e9cembre 2024\u2019\u2019, a dit M. Ndiaye \u00e0 l\u2019APS.<\/p>\n\n\n\n<p>Il a ajout\u00e9 qu\u2019au cours du mois de janvier, &nbsp;\u00bbnous aurons des temp\u00e9ratures relativement fraiches avec des probabilit\u00e9s mod\u00e9r\u00e9es sur une grande partie du pays\u2019\u2019.<\/p>\n\n\n\n<p>Diabel Ndiaye a indiqu\u00e9 qu\u2019au cours du mois de f\u00e9vrier, \u2018\u2019une l\u00e9g\u00e8re hausse des temp\u00e9ratures, marqu\u00e9es par une transition progressive vers des temp\u00e9ratures de plus en plus chaudes, sera enregistr\u00e9e\u2019\u2019.<\/p>\n\n\n\n<p>M. Ndiaye a toutefois pr\u00e9cis\u00e9 que \u2018\u2019la fraicheur va persister au cours de ce mois jusqu\u2019\u00e0 sa fin dans la moiti\u00e9 ouest du pays, pr\u00e9cis\u00e9ment sur la frange c\u00f4ti\u00e8re entre Dakar et la ville de Mbour dans la r\u00e9gion de Thi\u00e8s\u2019\u2019.<\/p>\n\n\n\n<p>Mais, au mois de mars, &nbsp;\u00bbnous allons assister \u00e0 l\u2019installation progressive de la chaleur qui atteindra des pics surtout dans la partie est du pays\u2019\u2019, a-t-il annonc\u00e9.<\/p>\n\n\n\n<p>Selon Diabel Ndiaye, il s\u2019agit d\u2019une tendance moyenne des temp\u00e9ratures pr\u00e9vues de janvier \u00e0 mars 2025.<\/p>\n\n\n\n<p>Il a indiqu\u00e9 que l\u2019ANACIM continuera \u00e0 fournir des pr\u00e9visions journali\u00e8res et mensuelles pour affiner ces tendances et perspectives trimestrielles des temp\u00e9ratures.<\/p>\n\n\n\n<p>AB\/OID<br>APS.SN<\/p>\n","protected":false},"excerpt":{"rendered":"<p>Dakar, (APS) \u2013 La vague de fraicheur qui s\u00e9vit sur une bonne partie du pays depuis le mois de d\u00e9cembre<\/p>\n","protected":false},"author":1,"featured_media":10795,"comment_status":"open","ping_status":"open","sticky":false,"template":"","format":"standard","meta":{"footnotes":""},"categories":[26],"tags":[],"class_list":["post-49994","post","type-post","status-publish","format-standard","has-post-thumbnail","hentry","category-fait-divers"],"_links":{"self":[{"href":"https:\/\/dekkbi.com\/index.php?rest_route=\/wp\/v2\/posts\/49994","targetHints":{"allow":["GET"]}}],"collection":[{"href":"https:\/\/dekkbi.com\/index.php?rest_route=\/wp\/v2\/posts"}],"about":[{"href":"https:\/\/dekkbi.com\/index.php?rest_route=\/wp\/v2\/types\/post"}],"author":[{"embeddable":true,"href":"https:\/\/dekkbi.com\/index.php?rest_route=\/wp\/v2\/users\/1"}],"replies":[{"embeddable":true,"href":"https:\/\/dekkbi.com\/index.php?rest_route=%2Fwp%2Fv2%2Fcomments&post=49994"}],"version-history":[{"count":1,"href":"https:\/\/dekkbi.com\/index.php?rest_route=\/wp\/v2\/posts\/49994\/revisions"}],"predecessor-version":[{"id":49995,"href":"https:\/\/dekkbi.com\/index.php?rest_route=\/wp\/v2\/posts\/49994\/revisions\/49995"}],"wp:featuredmedia":[{"embeddable":true,"href":"https:\/\/dekkbi.com\/index.php?rest_route=\/wp\/v2\/media\/10795"}],"wp:attachment":[{"href":"https:\/\/dekkbi.com\/index.php?rest_route=%2Fwp%2Fv2%2Fmedia&parent=49994"}],"wp:term":[{"taxonomy":"category","embeddable":true,"href":"https:\/\/dekkbi.com\/index.php?rest_route=%2Fwp%2Fv2%2Fcategories&post=49994"},{"taxonomy":"post_tag","embeddable":true,"href":"https:\/\/dekkbi.com\/index.php?rest_route=%2Fwp%2Fv2%2Ftags&post=49994"}],"curies":[{"name":"wp","href":"https:\/\/api.w.org\/{rel}","templated":true}]}}