{"id":49992,"date":"2025-01-08T12:06:55","date_gmt":"2025-01-08T12:06:55","guid":{"rendered":"https:\/\/dekkbi.com\/?p=49992"},"modified":"2025-01-08T12:06:56","modified_gmt":"2025-01-08T12:06:56","slug":"nomination-de-samba-ndiaye-rien-dofficiel-pour-le-moment","status":"publish","type":"post","link":"https:\/\/dekkbi.com\/?p=49992","title":{"rendered":"Nomination de Samba Ndiaye: Rien d\u2019officiel pour le moment !"},"content":{"rendered":"\n<p><a href=\"https:\/\/lesoleil.sn\/wp-content\/uploads\/2025\/01\/samba-ndiaye-1024x561-1.jpg\"><\/a>Apr\u00e8s les d\u00e9clarations du Premier ministre Ousmane Sonko, dimanche dernier, concernant la nomination de Samba Ndiaye au poste de pr\u00e9sident du Conseil d\u2019administration (Pca) de la Sn Hlm, qui laissaient entendre qu\u2019aucune officialisation n\u2019avait encore eu lieu, Moustapha Ndjek Sarr\u00e9, porte-parole du gouvernement, a apport\u00e9 des \u00e9claircissements sur la situation.<\/p>\n\n\n\n<p>Le ministre de la Formation professionnelle a ainsi pr\u00e9cis\u00e9 que le d\u00e9cret de nomination de M. Ndiaye n\u2019a pas encore \u00e9t\u00e9 publi\u00e9 au Journal officiel. Il a rappel\u00e9 que, bien que plusieurs nominations aient \u00e9t\u00e9 annonc\u00e9es en Conseil des ministres, celles-ci suivent une proc\u00e9dure bien d\u00e9finie : apr\u00e8s la signature du d\u00e9cret, il est notifi\u00e9 \u00e0 la personne concern\u00e9e et au ministre de tutelle, avant d\u2019\u00eatre publi\u00e9 officiellement.<\/p>\n\n\n\n<p>Le porte-parole du gouvernement a ajout\u00e9 que les informations du chef du gouvernement restent la r\u00e9f\u00e9rence, soulignant qu\u2019une proc\u00e9dure est toujours en cours concernant ce dossier.<\/p>\n\n\n\n<p>Interrog\u00e9 sur une possible annulation de la d\u00e9cision par le pr\u00e9sident de la R\u00e9publique, M. Sarr\u00e9 a r\u00e9pondu : \u00ab Je ne peux pas dire si cela a \u00e9t\u00e9 annul\u00e9. Ce que je peux affirmer, c\u2019est que tout d\u00e9cret sign\u00e9 doit suivre une proc\u00e9dure, y compris des notifications et une publication officielle \u00bb.<\/p>\n\n\n\n<p>Il a \u00e9galement pr\u00e9cis\u00e9 sur la Rfm qu\u2019\u00ab\u00e0 ce jour, le d\u00e9cret n\u2019a pas encore \u00e9t\u00e9 publi\u00e9 au Journal officiel. Il n\u2019y a donc rien d\u2019officiel pour le moment\u00bb.<\/p>\n\n\n\n<p>SOURCE LESOLEIL<\/p>\n","protected":false},"excerpt":{"rendered":"<p>Apr\u00e8s les d\u00e9clarations du Premier ministre Ousmane Sonko, dimanche dernier, concernant la nomination de Samba Ndiaye au poste de pr\u00e9sident<\/p>\n","protected":false},"author":1,"featured_media":23125,"comment_status":"open","ping_status":"open","sticky":false,"template":"","format":"standard","meta":{"footnotes":""},"categories":[21],"tags":[],"class_list":["post-49992","post","type-post","status-publish","format-standard","has-post-thumbnail","hentry","category-societe"],"_links":{"self":[{"href":"https:\/\/dekkbi.com\/index.php?rest_route=\/wp\/v2\/posts\/49992","targetHints":{"allow":["GET"]}}],"collection":[{"href":"https:\/\/dekkbi.com\/index.php?rest_route=\/wp\/v2\/posts"}],"about":[{"href":"https:\/\/dekkbi.com\/index.php?rest_route=\/wp\/v2\/types\/post"}],"author":[{"embeddable":true,"href":"https:\/\/dekkbi.com\/index.php?rest_route=\/wp\/v2\/users\/1"}],"replies":[{"embeddable":true,"href":"https:\/\/dekkbi.com\/index.php?rest_route=%2Fwp%2Fv2%2Fcomments&post=49992"}],"version-history":[{"count":1,"href":"https:\/\/dekkbi.com\/index.php?rest_route=\/wp\/v2\/posts\/49992\/revisions"}],"predecessor-version":[{"id":49993,"href":"https:\/\/dekkbi.com\/index.php?rest_route=\/wp\/v2\/posts\/49992\/revisions\/49993"}],"wp:featuredmedia":[{"embeddable":true,"href":"https:\/\/dekkbi.com\/index.php?rest_route=\/wp\/v2\/media\/23125"}],"wp:attachment":[{"href":"https:\/\/dekkbi.com\/index.php?rest_route=%2Fwp%2Fv2%2Fmedia&parent=49992"}],"wp:term":[{"taxonomy":"category","embeddable":true,"href":"https:\/\/dekkbi.com\/index.php?rest_route=%2Fwp%2Fv2%2Fcategories&post=49992"},{"taxonomy":"post_tag","embeddable":true,"href":"https:\/\/dekkbi.com\/index.php?rest_route=%2Fwp%2Fv2%2Ftags&post=49992"}],"curies":[{"name":"wp","href":"https:\/\/api.w.org\/{rel}","templated":true}]}}