{"id":49972,"date":"2025-01-07T12:01:25","date_gmt":"2025-01-07T12:01:25","guid":{"rendered":"https:\/\/dekkbi.com\/?p=49972"},"modified":"2025-01-07T12:05:35","modified_gmt":"2025-01-07T12:05:35","slug":"le-roi-du-danemark-modifie-ses-armoiries-et-cest-un-message-adresse-a-donald-trump","status":"publish","type":"post","link":"https:\/\/dekkbi.com\/?p=49972","title":{"rendered":"Le roi du Danemark, Frederik X,  modifie ses armoiries, et c\u2019est un message adress\u00e9 au pr\u00e9sident Donald Trump"},"content":{"rendered":"\n<p>Les changements sont rares dans le domaine de l\u2019h\u00e9raldique, et sont toujours lourds de sens. Et quand le roi du Danemark d\u00e9cide de mettre en avant sur son blason les symboles repr\u00e9sentant le Groenland et les \u00eeles F\u00e9ro\u00e9, il adresse un message clair \u00e0 Donald Trump. Mais aussi aux habitants de ces territoires, qui ont obtenu une autonomie croissante vis-\u00e0-vis du Danemark.<\/p>\n\n\n\n<p>C\u2019est un double changement important dans le petit monde des experts des dynasties europ\u00e9ennes et de l\u2019h\u00e9raldique, mais qui a sans conteste un message politique. Le roi Frederik X du Danemark, qui est mont\u00e9 sur le tr\u00f4ne en janvier 2024, a d\u00e9cid\u00e9 de retirer un symbole important des armoiries royales. Il s\u2019agit des trois couronnes, pr\u00e9sentes depuis pr\u00e8s de 500 ans et qui symbolisaient l\u2019Union de Kalmar entre le Danemark, la Norv\u00e8ge et la Su\u00e8de, dirig\u00e9e depuis le Danemark entre 1397 et 1523.<\/p>\n\n\n\n<h2 class=\"wp-block-heading\">Un ours et un b\u00e9lier<\/h2>\n\n\n\n<p>Un symbolisme qui n\u2019a plus cours, les trois royaumes nordiques ayant tous pris leur propre chemin. Mais le nouveau blason met aussi bien plus en avant deux autres symboles, auparavant discrets: l\u2019ours polaire d\u2019une part et le b\u00e9lier de l\u2019autre. Qui repr\u00e9sentent respectivement le Groenland et l\u2019archipel de F\u00e9ro\u00e9. Deux territoires autonomes au sein de la couronne danoise, mais qui ont gagn\u00e9 en autonomie ces derni\u00e8res ann\u00e9es.<\/p>\n\n\n\n<p>La maison royale a d\u00e9clar\u00e9 que les armoiries, utilis\u00e9es sur les documents et sceaux officiels et dont certains \u00e9l\u00e9ments remontent au XIIe si\u00e8cle, \u201crenforcent la pro\u00e9minence du Commonwealth\u201d. Les trois couronnes, a-t-elle d\u00e9clar\u00e9, ont \u00e9t\u00e9 supprim\u00e9es \u201ccar elles ne sont plus pertinentes\u201d. Ce changement aurait \u00e9t\u00e9 planifi\u00e9 d\u00e8s l\u2019arriv\u00e9e sur le tr\u00f4ne du roi, l\u2019ann\u00e9e derni\u00e8re, selon The Guardian.<\/p>\n\n\n\n<h2 class=\"wp-block-heading\">Les vues de Trump sur le Groenland<\/h2>\n\n\n\n<p>Mais le contexte est particulier: le pr\u00e9sident am\u00e9ricain \u00e9lu Donald Trump multiplie les sorties \u00e9voquant le rachat par les USA de nouveaux territoires. Et si celles-ci sont plus ou moins s\u00e9rieuses, il a encore r\u00e9it\u00e9r\u00e9 ses vues sur le Groenland cette semaine. \u201cLe Groenland est un endroit incroyable et ses habitants, s\u2019ils deviennent, et quand ils deviendront une partie de notre nation, en tireront un \u00e9norme b\u00e9n\u00e9fice\u201d, a-t-il \u00e9crit sur son r\u00e9seau Truth Social, alors que son fils se trouve en visite officielle sur la grande \u00eele polaire.<\/p>\n\n\n\n<p>Ce changement signifie donc que le Danemark ne compte pas renoncer \u00e0 ses territoires, m\u00eame si les \u00eeles F\u00e9ro\u00e9 et le Groenland dispose d\u2019une large autonomie en politique int\u00e9rieure. Et si le message s\u2019adresse d\u2019abord \u00e0 Trump, il sera aussi re\u00e7u par le Premier ministre groenlandais, M\u00fate Egede. Celui-ci a r\u00e9cemment accus\u00e9 le Danemark de g\u00e9nocide en r\u00e9ponse \u00e0 des enqu\u00eates sur le scandale des contraceptifs forc\u00e9s des ann\u00e9es 1960 et 1970, rappelle le quotidien britannique. Egede avait \u00e9galement soulign\u00e9 la semaine derni\u00e8re que son objectif restait l\u2019ind\u00e9pendance du Groenland &#8211; ou Kalaallit Nunaat, en langue groenlandaise, reconnue comme officielle en 2009 seulement.<\/p>\n\n\n\n<h2 class=\"wp-block-heading\">Un Groenland autonome, mais pas ind\u00e9pendant<\/h2>\n\n\n\n<p>Depuis 2008, les Groenlandais b\u00e9n\u00e9ficient d\u2019une autonomie renforc\u00e9e, Copenhague ne gardant le contr\u00f4le que de la politique mon\u00e9taire, la d\u00e9fense et la politique \u00e9trang\u00e8re. Les \u00eeles F\u00e9ro\u00e9 profitent aussi d\u2019un statut semblable de pays autonome au sein de la couronne danoise. Mais des deux c\u00f4t\u00e9s, la cause ind\u00e9pendantiste reste pr\u00e9gnante, mettant en avant les diff\u00e9rences culturelles et linguistiques, ainsi que le pass\u00e9 colonial danois.<\/p>\n\n\n\n<p>Or, le nouveau roi met, lui, en avant l\u2019union du royaume. Lors de son discours du Nouvel An, Frederik X a rappel\u00e9 que \u201cNous sommes tous unis et chacun de nous est engag\u00e9 pour le royaume du Danemark. De la minorit\u00e9 danoise du Schleswig du Sud \u2013 qui se trouve m\u00eame en dehors du royaume [en Allemagne, NDLR] \u2013 jusqu\u2019au Groenland. Nous appartenons \u00e0 la m\u00eame famille.\u201d Un message qui n\u2019avait rien d\u2019anodin.<\/p>\n\n\n\n<h2 class=\"wp-block-heading\">source 7\/7.be<\/h2>\n","protected":false},"excerpt":{"rendered":"<p>Les changements sont rares dans le domaine de l\u2019h\u00e9raldique, et sont toujours lourds de sens. Et quand le roi du<\/p>\n","protected":false},"author":1,"featured_media":49973,"comment_status":"open","ping_status":"open","sticky":false,"template":"","format":"standard","meta":{"footnotes":""},"categories":[51],"tags":[],"class_list":["post-49972","post","type-post","status-publish","format-standard","has-post-thumbnail","hentry","category-general"],"_links":{"self":[{"href":"https:\/\/dekkbi.com\/index.php?rest_route=\/wp\/v2\/posts\/49972","targetHints":{"allow":["GET"]}}],"collection":[{"href":"https:\/\/dekkbi.com\/index.php?rest_route=\/wp\/v2\/posts"}],"about":[{"href":"https:\/\/dekkbi.com\/index.php?rest_route=\/wp\/v2\/types\/post"}],"author":[{"embeddable":true,"href":"https:\/\/dekkbi.com\/index.php?rest_route=\/wp\/v2\/users\/1"}],"replies":[{"embeddable":true,"href":"https:\/\/dekkbi.com\/index.php?rest_route=%2Fwp%2Fv2%2Fcomments&post=49972"}],"version-history":[{"count":3,"href":"https:\/\/dekkbi.com\/index.php?rest_route=\/wp\/v2\/posts\/49972\/revisions"}],"predecessor-version":[{"id":49978,"href":"https:\/\/dekkbi.com\/index.php?rest_route=\/wp\/v2\/posts\/49972\/revisions\/49978"}],"wp:featuredmedia":[{"embeddable":true,"href":"https:\/\/dekkbi.com\/index.php?rest_route=\/wp\/v2\/media\/49973"}],"wp:attachment":[{"href":"https:\/\/dekkbi.com\/index.php?rest_route=%2Fwp%2Fv2%2Fmedia&parent=49972"}],"wp:term":[{"taxonomy":"category","embeddable":true,"href":"https:\/\/dekkbi.com\/index.php?rest_route=%2Fwp%2Fv2%2Fcategories&post=49972"},{"taxonomy":"post_tag","embeddable":true,"href":"https:\/\/dekkbi.com\/index.php?rest_route=%2Fwp%2Fv2%2Ftags&post=49972"}],"curies":[{"name":"wp","href":"https:\/\/api.w.org\/{rel}","templated":true}]}}