{"id":49966,"date":"2025-01-07T11:47:45","date_gmt":"2025-01-07T11:47:45","guid":{"rendered":"https:\/\/dekkbi.com\/?p=49966"},"modified":"2025-01-07T11:47:45","modified_gmt":"2025-01-07T11:47:45","slug":"charlie-hebdo-7-janvier-2015-le-jour-de-la-tuerie","status":"publish","type":"post","link":"https:\/\/dekkbi.com\/?p=49966","title":{"rendered":"Charlie Hebdo, 7 janvier 2015: le jour de la tuerie"},"content":{"rendered":"\n<p>Il y a dix ans jour pour jour, le 7 janvier 2015, la r\u00e9daction du journal satirique Charlie Hebdo \u00e9tait la cible d&rsquo;un attentat perp\u00e9tr\u00e9 par deux terroristes.&nbsp;<\/p>\n\n\n\n<p>Par :Baptiste Condominas &#8211; RFI<\/p>\n\n\n\n<p>7 janvier 2015, 11h30. Dans un immeuble du 11<sup>e<\/sup>\u00a0arrondissement de Paris, la conf\u00e9rence de r\u00e9daction du journal satirique\u00a0<em><strong>Charlie Hebdo<\/strong>\u00a0<\/em>s\u2019ach\u00e8ve. Les journalistes discutent et rient encore. Dans la rue, deux hommes en noir, cagoul\u00e9s, kalachnikovs en main, p\u00e9n\u00e8trent dans le hall du b\u00e2timent et abattent froidement Fr\u00e9d\u00e9ric Boisseau, un agent de maintenance.<\/p>\n\n\n\n<p>Le commando poursuit sa route jusque dans les locaux du journal, prenant en joue la dessinatrice Coco. Sous la menace, elle tape le code de la porte blind\u00e9e qui prot\u00e8ge la r\u00e9daction. Sur place, les terroristes tuent dix personnes, dont huit membres de la r\u00e9daction. Ils s\u2019appelaient Cabu, Charb, Tignous, Honor\u00e9, Wolinski, Bernard Maris, Mustapha Ourrad, Elsa Cayat, Michel Renaud et Franck Brinsolaro.<\/p>\n\n\n\n<p>Les assaillants prennent la fuite. Leur voiture fend les rues et brise des barrages de police. Boulevard Richard-Lenoir, les deux hommes abattent \u00e0 bout portant Ahmed Merabet, un policier \u00e0 v\u00e9lo qui tentait de les arr\u00eater. Contraints d\u2019abandonner pr\u00e9cipitamment leur voiture &#8211; encastr\u00e9e dans un plot &#8211; les terroristes braquent un automobiliste, s\u2019emparent de son v\u00e9hicule et disparaissent. La police perd la trace des deux hommes aux portes de Paris. Le soir du 7 janvier, la fouille de leur Citro\u00ebn permet d\u2019identifier deux personnes. Deux fr\u00e8res&nbsp;: Ch\u00e9rif et Sa\u00efd Kouachi. La chasse \u00e0 l\u2019homme est lanc\u00e9e.<\/p>\n\n\n\n<p><\/p>\n","protected":false},"excerpt":{"rendered":"<p>Il y a dix ans jour pour jour, le 7 janvier 2015, la r\u00e9daction du journal satirique Charlie Hebdo \u00e9tait<\/p>\n","protected":false},"author":1,"featured_media":49967,"comment_status":"open","ping_status":"open","sticky":false,"template":"","format":"standard","meta":{"footnotes":""},"categories":[51],"tags":[],"class_list":["post-49966","post","type-post","status-publish","format-standard","has-post-thumbnail","hentry","category-general"],"_links":{"self":[{"href":"https:\/\/dekkbi.com\/index.php?rest_route=\/wp\/v2\/posts\/49966","targetHints":{"allow":["GET"]}}],"collection":[{"href":"https:\/\/dekkbi.com\/index.php?rest_route=\/wp\/v2\/posts"}],"about":[{"href":"https:\/\/dekkbi.com\/index.php?rest_route=\/wp\/v2\/types\/post"}],"author":[{"embeddable":true,"href":"https:\/\/dekkbi.com\/index.php?rest_route=\/wp\/v2\/users\/1"}],"replies":[{"embeddable":true,"href":"https:\/\/dekkbi.com\/index.php?rest_route=%2Fwp%2Fv2%2Fcomments&post=49966"}],"version-history":[{"count":1,"href":"https:\/\/dekkbi.com\/index.php?rest_route=\/wp\/v2\/posts\/49966\/revisions"}],"predecessor-version":[{"id":49968,"href":"https:\/\/dekkbi.com\/index.php?rest_route=\/wp\/v2\/posts\/49966\/revisions\/49968"}],"wp:featuredmedia":[{"embeddable":true,"href":"https:\/\/dekkbi.com\/index.php?rest_route=\/wp\/v2\/media\/49967"}],"wp:attachment":[{"href":"https:\/\/dekkbi.com\/index.php?rest_route=%2Fwp%2Fv2%2Fmedia&parent=49966"}],"wp:term":[{"taxonomy":"category","embeddable":true,"href":"https:\/\/dekkbi.com\/index.php?rest_route=%2Fwp%2Fv2%2Fcategories&post=49966"},{"taxonomy":"post_tag","embeddable":true,"href":"https:\/\/dekkbi.com\/index.php?rest_route=%2Fwp%2Fv2%2Ftags&post=49966"}],"curies":[{"name":"wp","href":"https:\/\/api.w.org\/{rel}","templated":true}]}}