{"id":49952,"date":"2025-01-07T11:34:57","date_gmt":"2025-01-07T11:34:57","guid":{"rendered":"https:\/\/dekkbi.com\/?p=49952"},"modified":"2025-01-07T11:34:58","modified_gmt":"2025-01-07T11:34:58","slug":"la-reponse-du-gouvernement-tchadien-a-emmanuel-macron","status":"publish","type":"post","link":"https:\/\/dekkbi.com\/?p=49952","title":{"rendered":"La r\u00e9ponse du gouvernement tchadien \u00e0 Emmanuel Macron"},"content":{"rendered":"\n<p>Le Gouvernement de la R\u00e9publique du Tchad exprime sa vive pr\u00e9occupation suite aux propos tenus r\u00e9cemment par le Pr\u00e9sident de la R\u00e9publique fran\u00e7aise, Emmanuel Macron, qui refl\u00e8tent une attitude m\u00e9prisante \u00e0 l&rsquo;\u00e9gard de l&rsquo;Afrique et des Africains.<\/p>\n\n\n\n<p>Le Tchad tient \u00e0 rappeler qu&rsquo;il n&rsquo;a aucun probl\u00e8me avec la France en tant que nation ni avec le peuple fran\u00e7ais, avec lequel il partage une histoire marqu\u00e9e par des relations humaines et culturelles. Cependant, les dirigeants fran\u00e7ais doivent apprendre \u00e0 respecter le peuple africain et reconna\u00eetre la valeur de ses sacrifices.<\/p>\n\n\n\n<p>L&rsquo;Histoire atteste que l&rsquo;Afrique, y compris le Tchad, a jou\u00e9 un r\u00f4le d\u00e9terminant dans la lib\u00e9ration de la France lors des deux guerres mondiales, un fait que la France n&rsquo;a jamais v\u00e9ritablement reconnu. Les sacrifices immenses consentis par les soldats africains pour d\u00e9fendre la libert\u00e9 ont \u00e9t\u00e9 minimis\u00e9s, et aucun remerciement digne de ce nom n&rsquo;a \u00e9t\u00e9 exprim\u00e9.<\/p>\n\n\n\n<p>En ce qui concerne le Tchad, il convient de souligner que la construction de notre arm\u00e9e n&rsquo;est pas l&rsquo;\u0153uvre de la France. Notre arm\u00e9e, forte et r\u00e9siliente, est le fruit de la bravoure du peuple tchadien et des sacrifices consentis avec des moyens modestes. La France n&rsquo;a jamais dot\u00e9 l&rsquo;arm\u00e9e tchadienne de mani\u00e8re significative ni contribu\u00e9 \u00e0 son d\u00e9veloppement structurel. En 60 ans de pr\u00e9sence, marqu\u00e9s par des guerres civiles, des r\u00e9bellions et une instabilit\u00e9 politique prolong\u00e9e, la contribution fran\u00e7aise a souvent \u00e9t\u00e9 limit\u00e9e \u00e0 des int\u00e9r\u00eats strat\u00e9giques propres, sans v\u00e9ritable impact durable pour le d\u00e9veloppement du peuple tchadien.<\/p>\n\n\n\n<p>Au lieu de s&rsquo;en prendre \u00e0 l&rsquo;Afrique, le Pr\u00e9sident Macron devrait concentrer ses efforts sur la r\u00e9solution des probl\u00e8mes qui pr\u00e9occupent le peuple fran\u00e7ais.<\/p>\n\n\n\n<p>Le peuple tchadien aspire \u00e0 une souverainet\u00e9 pleine et enti\u00e8re, \u00e0 une v\u00e9ritable ind\u00e9pendance, et \u00e0 la construction d&rsquo;un \u00c9tat fort et autonome, acquis au prix de sacrifices inestimables. Nous invitons nos partenaires, y compris la France, \u00e0 int\u00e9grer cette aspiration l\u00e9gitime dans leur approche des relations avec l&rsquo;Afrique.<\/p>\n\n\n\n<p>N&rsquo;djamena le 6 janvier 2025<\/p>\n\n\n\n<p>Le Ministre d&rsquo;Etat, ministre des affaires \u00e9trang\u00e8res, de l&rsquo;Integration Africaine, des Tchadiens de l&rsquo;Etranger, de la Coop\u00e9ration Internationale<\/p>\n\n\n\n<p>Porte-Parole du Gouvernement<br>ABDERAMAN KOULAMALLAH<\/p>\n","protected":false},"excerpt":{"rendered":"<p>Le Gouvernement de la R\u00e9publique du Tchad exprime sa vive pr\u00e9occupation suite aux propos tenus r\u00e9cemment par le Pr\u00e9sident de<\/p>\n","protected":false},"author":1,"featured_media":49953,"comment_status":"open","ping_status":"open","sticky":false,"template":"","format":"standard","meta":{"footnotes":""},"categories":[6],"tags":[],"class_list":["post-49952","post","type-post","status-publish","format-standard","has-post-thumbnail","hentry","category-politics"],"_links":{"self":[{"href":"https:\/\/dekkbi.com\/index.php?rest_route=\/wp\/v2\/posts\/49952","targetHints":{"allow":["GET"]}}],"collection":[{"href":"https:\/\/dekkbi.com\/index.php?rest_route=\/wp\/v2\/posts"}],"about":[{"href":"https:\/\/dekkbi.com\/index.php?rest_route=\/wp\/v2\/types\/post"}],"author":[{"embeddable":true,"href":"https:\/\/dekkbi.com\/index.php?rest_route=\/wp\/v2\/users\/1"}],"replies":[{"embeddable":true,"href":"https:\/\/dekkbi.com\/index.php?rest_route=%2Fwp%2Fv2%2Fcomments&post=49952"}],"version-history":[{"count":1,"href":"https:\/\/dekkbi.com\/index.php?rest_route=\/wp\/v2\/posts\/49952\/revisions"}],"predecessor-version":[{"id":49954,"href":"https:\/\/dekkbi.com\/index.php?rest_route=\/wp\/v2\/posts\/49952\/revisions\/49954"}],"wp:featuredmedia":[{"embeddable":true,"href":"https:\/\/dekkbi.com\/index.php?rest_route=\/wp\/v2\/media\/49953"}],"wp:attachment":[{"href":"https:\/\/dekkbi.com\/index.php?rest_route=%2Fwp%2Fv2%2Fmedia&parent=49952"}],"wp:term":[{"taxonomy":"category","embeddable":true,"href":"https:\/\/dekkbi.com\/index.php?rest_route=%2Fwp%2Fv2%2Fcategories&post=49952"},{"taxonomy":"post_tag","embeddable":true,"href":"https:\/\/dekkbi.com\/index.php?rest_route=%2Fwp%2Fv2%2Ftags&post=49952"}],"curies":[{"name":"wp","href":"https:\/\/api.w.org\/{rel}","templated":true}]}}