{"id":49945,"date":"2025-01-07T11:24:56","date_gmt":"2025-01-07T11:24:56","guid":{"rendered":"https:\/\/dekkbi.com\/?p=49945"},"modified":"2025-01-07T11:27:02","modified_gmt":"2025-01-07T11:27:02","slug":"le-presume-meurtrier-de-diary-sow-envoye-en-prison-la-marche-des-femmes-interdite","status":"publish","type":"post","link":"https:\/\/dekkbi.com\/?p=49945","title":{"rendered":"Le pr\u00e9sum\u00e9 meurtrier de Diary Sow envoy\u00e9 en prison, la marche des femmes interdite"},"content":{"rendered":"\n<p>El Hadji Modou Fall, principal suspect dans le meurtre de Souadou Sow, surnomm\u00e9e Diary, a \u00e9t\u00e9 inculp\u00e9 et plac\u00e9 sous mandat de d\u00e9p\u00f4t. Une information judiciaire est ouverte pour faire la lumi\u00e8re sur cette affaire qui continue de bouleverser l&rsquo;opinion publique.<\/p>\n\n\n\n<p>El Hadji Modou Fall, pr\u00e9sum\u00e9 meurtrier de Souadou Sow, dite Diary, a \u00e9t\u00e9 pr\u00e9sent\u00e9 devant le juge d\u2019instruction ce lundi 6 janvier 2025. Apr\u00e8s son audition, il a \u00e9t\u00e9 inculp\u00e9 et plac\u00e9 sous mandat de d\u00e9p\u00f4t \u00e0 la prison de Reubeuss. Au moment , la f\u00e9d\u00e9ration des femmes de Malika qui voulaient marcher\u00a0 mercredi 7 janvier 2025, n&rsquo;a pas l&rsquo;autorisation pour non respect des trois jours francs avant la tenue de la manifestation selon la note du sous pr\u00e9fet.\u00a0<\/p>\n\n\n\n<p>L&rsquo;affaire de cet assassinat continue de susciter une vive \u00e9motion \u00e0 travers le pays, mobilisant les d\u00e9fenseurs des droits des femmes et une large frange de la soci\u00e9t\u00e9 civile. La justice a d\u00e9cid\u00e9 d\u2019ouvrir une information judiciaire pour \u00e9tablir les circonstances exactes du drame et d\u00e9terminer les responsabilit\u00e9s.<\/p>\n\n\n\n<p>Pour rappel, le meurtre de Souadou Sow, une jeune fillette de 12 ans , a provoqu\u00e9 une vague d\u2019indignation g\u00e9n\u00e9rale, relan\u00e7ant le d\u00e9bat sur la s\u00e9curit\u00e9 des femmes au S\u00e9n\u00e9gal. Les autorit\u00e9s judiciaires, conscientes de l&rsquo;ampleur du choc dans l&rsquo;opinion publique, assurent que l\u2019enqu\u00eate sera men\u00e9e avec toute la rigueur n\u00e9cessaire.<\/p>\n\n\n\n<p>La famille de la victime, les associations et les citoyens attendent d\u00e9sormais que justice soit faite dans cette affaire tragique.<\/p>\n\n\n\n<p><strong>Aminata Ba<\/strong><br>SOURCE IGFM<\/p>\n","protected":false},"excerpt":{"rendered":"<p>El Hadji Modou Fall, principal suspect dans le meurtre de Souadou Sow, surnomm\u00e9e Diary, a \u00e9t\u00e9 inculp\u00e9 et plac\u00e9 sous<\/p>\n","protected":false},"author":1,"featured_media":49946,"comment_status":"open","ping_status":"open","sticky":false,"template":"","format":"standard","meta":{"footnotes":""},"categories":[26],"tags":[],"class_list":["post-49945","post","type-post","status-publish","format-standard","has-post-thumbnail","hentry","category-fait-divers"],"_links":{"self":[{"href":"https:\/\/dekkbi.com\/index.php?rest_route=\/wp\/v2\/posts\/49945","targetHints":{"allow":["GET"]}}],"collection":[{"href":"https:\/\/dekkbi.com\/index.php?rest_route=\/wp\/v2\/posts"}],"about":[{"href":"https:\/\/dekkbi.com\/index.php?rest_route=\/wp\/v2\/types\/post"}],"author":[{"embeddable":true,"href":"https:\/\/dekkbi.com\/index.php?rest_route=\/wp\/v2\/users\/1"}],"replies":[{"embeddable":true,"href":"https:\/\/dekkbi.com\/index.php?rest_route=%2Fwp%2Fv2%2Fcomments&post=49945"}],"version-history":[{"count":2,"href":"https:\/\/dekkbi.com\/index.php?rest_route=\/wp\/v2\/posts\/49945\/revisions"}],"predecessor-version":[{"id":49949,"href":"https:\/\/dekkbi.com\/index.php?rest_route=\/wp\/v2\/posts\/49945\/revisions\/49949"}],"wp:featuredmedia":[{"embeddable":true,"href":"https:\/\/dekkbi.com\/index.php?rest_route=\/wp\/v2\/media\/49946"}],"wp:attachment":[{"href":"https:\/\/dekkbi.com\/index.php?rest_route=%2Fwp%2Fv2%2Fmedia&parent=49945"}],"wp:term":[{"taxonomy":"category","embeddable":true,"href":"https:\/\/dekkbi.com\/index.php?rest_route=%2Fwp%2Fv2%2Fcategories&post=49945"},{"taxonomy":"post_tag","embeddable":true,"href":"https:\/\/dekkbi.com\/index.php?rest_route=%2Fwp%2Fv2%2Ftags&post=49945"}],"curies":[{"name":"wp","href":"https:\/\/api.w.org\/{rel}","templated":true}]}}