{"id":49921,"date":"2025-01-07T10:32:08","date_gmt":"2025-01-07T10:32:08","guid":{"rendered":"https:\/\/dekkbi.com\/?p=49921"},"modified":"2025-01-07T10:32:08","modified_gmt":"2025-01-07T10:32:08","slug":"alioune-sall-et-moustapha-mamba-guirassy-sur-une-nouvelle-strategie-numerique-et-educative-une-collaboration-prometteuse-pour-un-senegal","status":"publish","type":"post","link":"https:\/\/dekkbi.com\/?p=49921","title":{"rendered":"Alioune Sall et Moustapha Mamba Guirassy sur une nouvelle strat\u00e9gie num\u00e9rique et \u00e9ducative: Une collaboration prometteuse pour un S\u00e9n\u00e9gal"},"content":{"rendered":"\n<h3 class=\"wp-block-heading\">Le 2 janvier dernier, le Ministre du Num\u00e9rique, M. Alioune Sall, et son \u00e9quipe ont eu l\u2019honneur de recevoir M. Moustapha Mamba Guirassy, Ministre de l\u2019\u00c9ducation nationale, accompagn\u00e9 de ses collaborateurs, pour une pr\u00e9sentation de la nouvelle Strat\u00e9gie Num\u00e9rique pour l\u2019\u00c9ducation S\u00e9n\u00e9galaise 2025-2029, estim\u00e9e \u00e0 130 milliards de FCFA.<\/h3>\n\n\n\n<p>Selon la note d\u2019information partag\u00e9e, cette initiative ambitieuse s\u2019inscrit dans le cadre du New Deal Technologique du S\u00e9n\u00e9gal et a pour objectif de moderniser notre syst\u00e8me \u00e9ducatif en int\u00e9grant les innovations num\u00e9riques et l\u2019intelligence artificielle.<\/p>\n\n\n\n<p>Une synergie strat\u00e9gique au service de l\u2019\u00e9ducation<\/p>\n\n\n\n<p>Les ministres ont salu\u00e9 les convergences entre leurs visions et ont convenu de cr\u00e9er une task force d\u00e9di\u00e9e pour structurer leur collaboration autour de trois axes majeurs :<\/p>\n\n\n\n<p>1 Organisation d\u2019un atelier d\u2019alignement des deux strat\u00e9gies num\u00e9riques pour assurer une coh\u00e9rence optimale.<\/p>\n\n\n\n<p>2 Formulation, par des experts, de recommandations sur la gouvernance num\u00e9rique et les aspects op\u00e9rationnels.<\/p>\n\n\n\n<p>3 Int\u00e9gration des projets phares du Minist\u00e8re de l\u2019\u00c9ducation dans la phase pilote du Digital Master Plan.<\/p>\n\n\n\n<p>Un engagement pour un \u00e9cosyst\u00e8me num\u00e9rique inclusif<\/p>\n\n\n\n<p>Le minist\u00e8re du Num\u00e9rique a r\u00e9affirm\u00e9 son engagement \u00e0 accompagner les autres secteurs, notamment celui de l\u2019\u00c9ducation, en mettant \u00e0 disposition :<\/p>\n\n\n\n<p>La connectivit\u00e9 des \u00e9tablissements scolaires.<\/p>\n\n\n\n<p>La modernisation des syst\u00e8mes d\u2019information \u00e9ducatifs.<\/p>\n\n\n\n<p>Un socle num\u00e9rique commun incluant :<\/p>\n\n\n\n<p>Une identit\u00e9 num\u00e9rique,<br>La cybers\u00e9curit\u00e9,<br>Des solutions de paiement \u00e9lectronique,<br>Une plateforme d\u2019interop\u00e9rabilit\u00e9,<br>Des outils de big data et analytics, et plus encore.<\/p>\n\n\n\n<p>Tout en remerciant chaleureusement le Ministre Moustapha Guirassy et ses \u00e9quipes, le Ministre Alioune Sall a r\u00e9it\u00e9r\u00e9 sa d\u00e9termination \u00e0 soutenir la gouvernance num\u00e9rique pour un S\u00e9n\u00e9gal connect\u00e9, innovant et \u00e9quitable. Cette alliance, nous dit-on, promet de faire rayonner notre pays \u00e0 travers un syst\u00e8me \u00e9ducatif moderne et inclusif.<br><\/p>\n\n\n\n<p>SOURCE LERAL<\/p>\n\n\n\n<p><\/p>\n","protected":false},"excerpt":{"rendered":"<p>Le 2 janvier dernier, le Ministre du Num\u00e9rique, M. Alioune Sall, et son \u00e9quipe ont eu l\u2019honneur de recevoir M.<\/p>\n","protected":false},"author":1,"featured_media":49922,"comment_status":"open","ping_status":"open","sticky":false,"template":"","format":"standard","meta":{"footnotes":""},"categories":[21],"tags":[],"class_list":["post-49921","post","type-post","status-publish","format-standard","has-post-thumbnail","hentry","category-societe"],"_links":{"self":[{"href":"https:\/\/dekkbi.com\/index.php?rest_route=\/wp\/v2\/posts\/49921","targetHints":{"allow":["GET"]}}],"collection":[{"href":"https:\/\/dekkbi.com\/index.php?rest_route=\/wp\/v2\/posts"}],"about":[{"href":"https:\/\/dekkbi.com\/index.php?rest_route=\/wp\/v2\/types\/post"}],"author":[{"embeddable":true,"href":"https:\/\/dekkbi.com\/index.php?rest_route=\/wp\/v2\/users\/1"}],"replies":[{"embeddable":true,"href":"https:\/\/dekkbi.com\/index.php?rest_route=%2Fwp%2Fv2%2Fcomments&post=49921"}],"version-history":[{"count":1,"href":"https:\/\/dekkbi.com\/index.php?rest_route=\/wp\/v2\/posts\/49921\/revisions"}],"predecessor-version":[{"id":49923,"href":"https:\/\/dekkbi.com\/index.php?rest_route=\/wp\/v2\/posts\/49921\/revisions\/49923"}],"wp:featuredmedia":[{"embeddable":true,"href":"https:\/\/dekkbi.com\/index.php?rest_route=\/wp\/v2\/media\/49922"}],"wp:attachment":[{"href":"https:\/\/dekkbi.com\/index.php?rest_route=%2Fwp%2Fv2%2Fmedia&parent=49921"}],"wp:term":[{"taxonomy":"category","embeddable":true,"href":"https:\/\/dekkbi.com\/index.php?rest_route=%2Fwp%2Fv2%2Fcategories&post=49921"},{"taxonomy":"post_tag","embeddable":true,"href":"https:\/\/dekkbi.com\/index.php?rest_route=%2Fwp%2Fv2%2Ftags&post=49921"}],"curies":[{"name":"wp","href":"https:\/\/api.w.org\/{rel}","templated":true}]}}