{"id":49916,"date":"2025-01-07T09:52:57","date_gmt":"2025-01-07T09:52:57","guid":{"rendered":"https:\/\/dekkbi.com\/?p=49916"},"modified":"2025-01-07T11:30:55","modified_gmt":"2025-01-07T11:30:55","slug":"une-reponse-ferme-a-emmanuel-macron-ousmane-sonko-defend-la-souverainete-du-senegal","status":"publish","type":"post","link":"https:\/\/dekkbi.com\/?p=49916","title":{"rendered":"Une r\u00e9ponse ferme \u00e0 Emmanuel Macron : Ousmane Sonko d\u00e9fend la souverainet\u00e9 du S\u00e9n\u00e9gal"},"content":{"rendered":"\n<h3 class=\"wp-block-heading\">Le Pr\u00e9sident fran\u00e7ais Emmanuel Macron a suscit\u00e9 de vives r\u00e9actions ce mardi, en affirmant que le d\u00e9part des bases militaires fran\u00e7aises des pays africains, aurait \u00e9t\u00e9 n\u00e9goci\u00e9 entre ces \u00c9tats et la France. Il a ajout\u00e9 que la France, par politesse, avait consenti \u00e0 laisser ces nations annoncer elles-m\u00eames leurs d\u00e9cisions. Ces d\u00e9clarations n\u2019ont pas manqu\u00e9 de faire r\u00e9agir, notamment au S\u00e9n\u00e9gal, o\u00f9 le Premier ministre Ousmane Sonko a fermement d\u00e9menti ces propos, tout en d\u00e9fendant la souverainet\u00e9 et l\u2019ind\u00e9pendance du pays.<\/h3>\n\n\n\n<p>Ousmane Sonko a d\u00e9clar\u00e9 sans ambages, qu\u2019aucune discussion ou n\u00e9gociation n\u2019avait eu lieu avec la France concernant cette d\u00e9cision. Il a pr\u00e9cis\u00e9 que le retrait des bases fran\u00e7aises au S\u00e9n\u00e9gal, d\u00e9coule exclusivement de la volont\u00e9 du peuple s\u00e9n\u00e9galais et de son gouvernement, exer\u00e7ant pleinement leur droit \u00e0 l\u2019autod\u00e9termination. Cette position forte r\u00e9affirme la souverainet\u00e9 du S\u00e9n\u00e9gal, en tant que nation libre et ind\u00e9pendante.<\/p>\n\n\n\n<p>Dans sa d\u00e9claration, Ousmane Sonko a \u00e9galement critiqu\u00e9 l\u2019attitude de la France, qui pr\u00e9tend garantir la s\u00e9curit\u00e9 et la souverainet\u00e9 des pays africains. Selon lui, non seulement la France n\u2019a pas la l\u00e9gitimit\u00e9 pour assumer ce r\u00f4le, mais elle a souvent contribu\u00e9 \u00e0 la d\u00e9stabilisation de certains \u00c9tats africains. Il a notamment \u00e9voqu\u00e9 le cas de la Libye, o\u00f9 l\u2019intervention fran\u00e7aise a provoqu\u00e9 un chaos r\u00e9gional, dont les cons\u00e9quences continuent de peser lourdement sur la stabilit\u00e9 et la s\u00e9curit\u00e9 du Sahel.<\/p>\n\n\n\n<p>Le pr\u00e9sident fran\u00e7ais a \u00e9galement affirm\u00e9 qu\u2019aucun pays africain ne serait souverain aujourd\u2019hui, sans le d\u00e9ploiement de la France sur le continent. Une affirmation jug\u00e9e condescendante et erron\u00e9e par Ousmane Sonko, qui a rappel\u00e9 un fait historique souvent pass\u00e9 sous silence : sans la participation des soldats africains durant la Seconde Guerre mondiale, la France elle-m\u00eame aurait pu ne jamais recouvrer sa libert\u00e9. Ces soldats, souvent mobilis\u00e9s de force, ont sacrifi\u00e9 leurs vies pour d\u00e9fendre une nation qui les a ensuite, oubli\u00e9s ou maltrait\u00e9s.<\/p>\n\n\n\n<p>Le Groupe Leral tient \u00e0 saluer cette prise de position ferme et digne du pr\u00e9sident de Pastef, Ousmane Sonko, qui r\u00e9affirme non seulement la souverainet\u00e9 du S\u00e9n\u00e9gal, mais aussi la n\u00e9cessit\u00e9 pour les relations internationales, d\u2019\u00eatre bas\u00e9es sur le respect mutuel et l\u2019\u00e9galit\u00e9 entre les nations.<\/p>\n\n\n\n<p>Ce rappel historique et cette mise au point diplomatique, viennent renforcer l\u2019id\u00e9e que l\u2019Afrique doit s\u2019\u00e9manciper des discours paternalistes pour tracer son propre chemin, en pleine souverainet\u00e9. Le S\u00e9n\u00e9gal, \u00e0 travers cette position, montre la voie.<\/p>\n\n\n\n<p>( Les News )<\/p>\n","protected":false},"excerpt":{"rendered":"<p>Le Pr\u00e9sident fran\u00e7ais Emmanuel Macron a suscit\u00e9 de vives r\u00e9actions ce mardi, en affirmant que le d\u00e9part des bases militaires<\/p>\n","protected":false},"author":1,"featured_media":49951,"comment_status":"open","ping_status":"open","sticky":false,"template":"","format":"standard","meta":{"footnotes":""},"categories":[6],"tags":[],"class_list":["post-49916","post","type-post","status-publish","format-standard","has-post-thumbnail","hentry","category-politics"],"_links":{"self":[{"href":"https:\/\/dekkbi.com\/index.php?rest_route=\/wp\/v2\/posts\/49916","targetHints":{"allow":["GET"]}}],"collection":[{"href":"https:\/\/dekkbi.com\/index.php?rest_route=\/wp\/v2\/posts"}],"about":[{"href":"https:\/\/dekkbi.com\/index.php?rest_route=\/wp\/v2\/types\/post"}],"author":[{"embeddable":true,"href":"https:\/\/dekkbi.com\/index.php?rest_route=\/wp\/v2\/users\/1"}],"replies":[{"embeddable":true,"href":"https:\/\/dekkbi.com\/index.php?rest_route=%2Fwp%2Fv2%2Fcomments&post=49916"}],"version-history":[{"count":1,"href":"https:\/\/dekkbi.com\/index.php?rest_route=\/wp\/v2\/posts\/49916\/revisions"}],"predecessor-version":[{"id":49918,"href":"https:\/\/dekkbi.com\/index.php?rest_route=\/wp\/v2\/posts\/49916\/revisions\/49918"}],"wp:featuredmedia":[{"embeddable":true,"href":"https:\/\/dekkbi.com\/index.php?rest_route=\/wp\/v2\/media\/49951"}],"wp:attachment":[{"href":"https:\/\/dekkbi.com\/index.php?rest_route=%2Fwp%2Fv2%2Fmedia&parent=49916"}],"wp:term":[{"taxonomy":"category","embeddable":true,"href":"https:\/\/dekkbi.com\/index.php?rest_route=%2Fwp%2Fv2%2Fcategories&post=49916"},{"taxonomy":"post_tag","embeddable":true,"href":"https:\/\/dekkbi.com\/index.php?rest_route=%2Fwp%2Fv2%2Ftags&post=49916"}],"curies":[{"name":"wp","href":"https:\/\/api.w.org\/{rel}","templated":true}]}}