{"id":49879,"date":"2025-01-06T11:48:21","date_gmt":"2025-01-06T11:48:21","guid":{"rendered":"https:\/\/dekkbi.com\/?p=49879"},"modified":"2025-01-06T11:48:21","modified_gmt":"2025-01-06T11:48:21","slug":"mali-kouffa-annonce-la-mort-de-thierno-amadou-hady-tall","status":"publish","type":"post","link":"https:\/\/dekkbi.com\/?p=49879","title":{"rendered":"Mali : Kouffa annonce la mort de Thierno Amadou Hady Tall"},"content":{"rendered":"\n<p><strong>Accus\u00e9 de collaboration avec les forces maliennes et leurs alli\u00e9s, le guide spirituel avait \u00e9t\u00e9 enlev\u00e9 fin d\u00e9cembre 2024.<\/strong><\/p>\n\n\n\n<p>Un enregistrement attribu\u00e9 \u00e0 Amadou Kouffa, chef de la Katiba Macina, composante du Groupe de soutien \u00e0 l\u2019islam et aux musulmans (GSM), JNIM selon son acronyme arabe, \u00e9voque le sort de Thierno Amadou Hady Tall, petit-fils de Cheick Oumar Tall et Khalife g\u00e9n\u00e9ral de la confr\u00e9rie omarienne de Nioro du Sahel. Dans ce message audio, le second de la coalition jihdiste affili\u00e9e \u00e0 AQMI, laisse entendre, de mani\u00e8re implicite, que le guide spirituel est d\u00e9c\u00e9d\u00e9.<\/p>\n\n\n\n<p>La date de l\u2019enregistrement reste ind\u00e9termin\u00e9e, mais son contenu suscite une vive \u00e9motion au Mali, alimentant l\u2019inqui\u00e9tude et le doute. Bien qu\u2019aucune confirmation officielle n\u2019ait \u00e9t\u00e9 apport\u00e9e, les propos de Koufa renforcent l\u2019hypoth\u00e8se de la mort de Thierno Tall, plongeant ses disciples et une grande partie de la communaut\u00e9 musulmane dans l\u2019incertitude.<\/p>\n\n\n\n<p>Thierno Amadou Hady Tall a \u00e9t\u00e9 enlev\u00e9 le 26 d\u00e9cembre 2024 dans des conditions encore floues. Koufa justifie cet acte par des accusations de collaboration avec les forces arm\u00e9es maliennes et leurs alli\u00e9s, notamment Wagner, qualifi\u00e9s de \u00ab Taghut \u00bb par les groupes jihadistes. Il affirme \u00e9galement que le Khalife aurait ordonn\u00e9 des repr\u00e9sailles contre des musulmans soup\u00e7onn\u00e9s de soutenir les djihadistes, tout en \u00e9voquant des preuves non divulgu\u00e9es \u00e0 ce jour.<\/p>\n\n\n\n<p>Dans son message, Kouffa indique que Thierno Tall \u00e9tait retenu par leurs forces mais qu\u2019il \u00ab&nbsp;<em>n\u2019\u00e9tait pas arriv\u00e9 \u00e0 destination&nbsp;<\/em>\u00bb, laissant planer l\u2019ambigu\u00eft\u00e9 sur son sort. La mention d\u2019un \u00ab&nbsp;<em>tribunal islamique<\/em>&nbsp;\u00bb pour juger le Khalife soul\u00e8ve des interrogations sur la nature de cette proc\u00e9dure et sa finalit\u00e9. Aucune preuve tangible ne confirme sa survie, et certains passages de l\u2019enregistrement renforcent l\u2019id\u00e9e qu\u2019il pourrait \u00eatre d\u00e9c\u00e9d\u00e9.<\/p>\n\n\n\n<p>Les autorit\u00e9s maliennes n\u2019ont pas encore comment\u00e9 cet incident. Pendant ce temps, la r\u00e9gion de Nioro du Sahel, bastion de la confr\u00e9rie omarienne, traverse une p\u00e9riode de grande instabilit\u00e9, aggrav\u00e9e par la mont\u00e9e en puissance des groupes arm\u00e9s jihadistes qui modifient les \u00e9quilibres locaux et fragilisent les liens traditionnels entre les populations et les autorit\u00e9s religieuses.<\/p>\n\n\n\n<p>Malgr\u00e9 les doutes croissants, une partie de la communaut\u00e9 continue d\u2019esp\u00e9rer que Thierno Amadou Hady Tall soit encore vivant, bien que les d\u00e9clarations de Koufa laissent envisager un d\u00e9nouement tragique.<\/p>\n\n\n\n<p>SOURCE APA<a href=\"http:\/\/www.facebook.com\/sharer.php?u=https%3A%2F%2Fwww.sudquotidien.sn%2Fmali-kouffa-annonce-la-mort-de-thierno-amadou-hady-tall%2F\"><\/a><\/p>\n","protected":false},"excerpt":{"rendered":"<p>Accus\u00e9 de collaboration avec les forces maliennes et leurs alli\u00e9s, le guide spirituel avait \u00e9t\u00e9 enlev\u00e9 fin d\u00e9cembre 2024. Un<\/p>\n","protected":false},"author":1,"featured_media":49880,"comment_status":"open","ping_status":"open","sticky":false,"template":"","format":"standard","meta":{"footnotes":""},"categories":[26],"tags":[],"class_list":["post-49879","post","type-post","status-publish","format-standard","has-post-thumbnail","hentry","category-fait-divers"],"_links":{"self":[{"href":"https:\/\/dekkbi.com\/index.php?rest_route=\/wp\/v2\/posts\/49879","targetHints":{"allow":["GET"]}}],"collection":[{"href":"https:\/\/dekkbi.com\/index.php?rest_route=\/wp\/v2\/posts"}],"about":[{"href":"https:\/\/dekkbi.com\/index.php?rest_route=\/wp\/v2\/types\/post"}],"author":[{"embeddable":true,"href":"https:\/\/dekkbi.com\/index.php?rest_route=\/wp\/v2\/users\/1"}],"replies":[{"embeddable":true,"href":"https:\/\/dekkbi.com\/index.php?rest_route=%2Fwp%2Fv2%2Fcomments&post=49879"}],"version-history":[{"count":1,"href":"https:\/\/dekkbi.com\/index.php?rest_route=\/wp\/v2\/posts\/49879\/revisions"}],"predecessor-version":[{"id":49881,"href":"https:\/\/dekkbi.com\/index.php?rest_route=\/wp\/v2\/posts\/49879\/revisions\/49881"}],"wp:featuredmedia":[{"embeddable":true,"href":"https:\/\/dekkbi.com\/index.php?rest_route=\/wp\/v2\/media\/49880"}],"wp:attachment":[{"href":"https:\/\/dekkbi.com\/index.php?rest_route=%2Fwp%2Fv2%2Fmedia&parent=49879"}],"wp:term":[{"taxonomy":"category","embeddable":true,"href":"https:\/\/dekkbi.com\/index.php?rest_route=%2Fwp%2Fv2%2Fcategories&post=49879"},{"taxonomy":"post_tag","embeddable":true,"href":"https:\/\/dekkbi.com\/index.php?rest_route=%2Fwp%2Fv2%2Ftags&post=49879"}],"curies":[{"name":"wp","href":"https:\/\/api.w.org\/{rel}","templated":true}]}}