{"id":49874,"date":"2025-01-06T11:44:42","date_gmt":"2025-01-06T11:44:42","guid":{"rendered":"https:\/\/dekkbi.com\/?p=49874"},"modified":"2025-01-06T11:44:42","modified_gmt":"2025-01-06T11:44:42","slug":"abbe-roger-gomis-sur-lappel-du-pape-francois-pour-2025-pardon-et-gratuite-doivent-inspirer-nos-relations-personnelles-mais-aussi-internationales","status":"publish","type":"post","link":"https:\/\/dekkbi.com\/?p=49874","title":{"rendered":"Abb\u00e9 Roger Gomis sur l\u2019appel du Pape Fran\u00e7ois pour 2025 : \u00ab Pardon et gratuit\u00e9 doivent inspirer nos relations personnelles mais aussi internationales \u00bb"},"content":{"rendered":"\n<p><strong>Pour la 58e Journ\u00e9e mondiale de la paix, c\u00e9l\u00e9br\u00e9e le 1er janvier 2025, le Pape Fran\u00e7ois a publi\u00e9 son traditionnel message dont le titre est tir\u00e9 de la Pri\u00e8re du Notre P\u00e8re: \u201cRemets-nous nos dettes, donne-nous ta paix\u201d. Selon abb\u00e9 Roger Gomis de l\u2019archidioc\u00e8se de Dakar, le choix est inspir\u00e9 certainement par le contexte du Jubil\u00e9 de l\u2019Esp\u00e9rance mais, comporte \u00e9galement une signification particuli\u00e8re ici au S\u00e9n\u00e9gal, comme dans la plupart de nos pays africains, o\u00f9 les questions de la dette, du d\u00e9veloppement et de la paix en Casamance restent au c\u0153ur de nos pr\u00e9occupations. &nbsp;<\/strong><\/p>\n\n\n\n<p>Le th\u00e8me du Message du Pape pour la journ\u00e9e mondiale de la paix 2025 \u00e9voque, selon Abb\u00e9 Roger Gomis, le sens m\u00eame du jubil\u00e9 comme celui que l\u2019Eglise catholique a c\u00e9l\u00e9br\u00e9 depuis le 24 d\u00e9cembre et qui sera cl\u00f4tur\u00e9 le 6 janvier 2026.&nbsp;<em>\u00ab&nbsp;Le jubil\u00e9 s\u2019enracine en effet dans une tradition mill\u00e9naire. Dans la Bible, tous les 49 ans, le son d\u2019une corne de b\u00e9lier annon\u00e7ait une ann\u00e9e de pardon et de libert\u00e9. Les dettes \u00e9taient alors effac\u00e9es, les terres redistribu\u00e9es, les esclaves retrouvaient leur libert\u00e9. Une pratique qui rappelait quelque chose d\u2019essentielle : chaque \u00eatre humain est n\u00e9 pour \u00eatre libre, chaque personne porte en elle la dignit\u00e9 d\u2019enfant de Dieu&nbsp;<\/em>\u00bb a-t-il dit donnant ainsi le sens de l\u2019ann\u00e9e jubilaire dont le S\u00e9n\u00e9gal a en c\u00e9l\u00e9br\u00e9 l\u2019ouverture le 29 d\u00e9cembre dernier \u00e0 la cath\u00e9drale de Dakar. Pour abb\u00e9 Roger Gomis, cette ann\u00e9e jubilaire 2025 repr\u00e9sente ainsi une occasion propice, un ka\u00efros que saisit le Pape Fran\u00e7ois pour inviter les autorit\u00e9s&nbsp;&nbsp;\u00e0 \u00e9couter \u201c<em>l\u2019appel \u00e0 l\u2019aide d\u00e9sesp\u00e9r\u00e9<\/em>\u201d qui monte de nombreuses r\u00e9gions du monde. Un appel entendu ici m\u00eame, dans les villes et villages, les quartiers, les familles. \u00ab&nbsp;<em>Dans une lecture lucide de la situation, le Pape identifie des probl\u00e8mes li\u00e9s entre eux et qui menacent la paix. Il s\u2019agit, entre autres, de la dette internationale qui p\u00e8se sur les pays du Sud, la dette \u00e9cologique impos\u00e9e par les pays industrialis\u00e9s, les in\u00e9galit\u00e9s croissantes, la situation des migrants, la d\u00e9gradation de l\u2019environnement&nbsp;\u00bb&nbsp;<\/em>a-t-il fait savoir. Et d\u2019attester<em>&nbsp;: \u00ab&nbsp;<\/em>&nbsp;<em>pour nous au S\u00e9n\u00e9gal, ces r\u00e9alit\u00e9s ne sont pas abstraites. Les ressources qui pourraient servir \u00e0 l\u2019\u00e9ducation, \u00e0 la sant\u00e9, au d\u00e9veloppement de nos r\u00e9gions, servent trop souvent \u00e0 rembourser des emprunts&nbsp;\u00bb. &nbsp;<\/em><\/p>\n\n\n\n<p>Face \u00e0 de tels d\u00e9fis, en cette ann\u00e9e sainte, le Saint-P\u00e8re a ainsi&nbsp;propos\u00e9 trois actions concr\u00e8tes qui, selon&nbsp;abb\u00e9 Roger, m\u00e9ritent l\u2019attention de tous particuli\u00e8rement les dirigeants et autres d\u00e9cideurs sur la sc\u00e8ne nationale et internationale. Il s\u2019agit de l\u2019appel \u00e0 un \u201ceffacement total de la dette internationale\u201d. Une mesure qui permettrait, selon le religieux, aux pays comme le n\u00f4tre d\u2019investir dans leur d\u00e9veloppement plut\u00f4t que de rembourser des int\u00e9r\u00eats sans fin. \u00ab&nbsp;Il propose une nouvelle architecture financi\u00e8re internationale bas\u00e9e sur la solidarit\u00e9&nbsp;\u00bb, a soutenu Abb\u00e9 Roger Gomis.<\/p>\n\n\n\n<p>Le Pape a aussi insist\u00e9&nbsp;sur le respect absolu de la dignit\u00e9 humaine, de la conception \u00e0 la mort naturelle en demandant l\u2019abolition universelle de la peine de mort, rappelant que chaque vie m\u00e9rite une chance de r\u00e9demption. Et enfin, il a sugg\u00e9r\u00e9 dans son appel, de r\u00e9orienter une partie des d\u00e9penses militaires vers un Fonds mondial contre la faim et pour l\u2019\u00e9ducation. \u00ab<em>&nbsp;En Casamance, comme dans d\u2019autres parties de l\u2019Afrique, o\u00f9 tant de ressources partent dans les conflits, nous comprenons l\u2019importance de cette proposition. Elle nous rappelle que la paix durable exige plus que des trait\u00e9s ou des compromis politiques. Elle n\u00e9cessite justice et d\u00e9veloppement. Les ressources consacr\u00e9es aux armes pourraient construire des \u00e9coles, des dispensaires, des routes&nbsp;<\/em>\u00bb a laiss\u00e9 entendre Abb\u00e9 Roger. Et de rench\u00e9rir&nbsp;: \u00ab&nbsp;<em>la paix v\u00e9ritable \u00e9merge des c\u0153urs transform\u00e9s par la gr\u00e2ce de Dieu. Nous voici donc invit\u00e9s, en cette ann\u00e9e de gr\u00e2ce, \u00e0 une conversion profonde. Et le Pape Fran\u00e7ois de nous nous rappeler que nous sommes tous d\u00e9biteurs devant Dieu, tous b\u00e9n\u00e9ficiaires de sa mis\u00e9ricorde infinie&nbsp;\u00bb.&nbsp;<\/em>Abb\u00e9 Roger a aussi ajout\u00e9 que cette r\u00e9alit\u00e9 spirituelle a des implications pratiques. \u00ab&nbsp;<em>Car si Dieu nous pardonne nos dettes infinies, comment pourrions-nous refuser de pardonner les dettes finies de nos fr\u00e8res et s\u0153urs ? Cette logique du pardon et de la gratuit\u00e9 doit non seulement inspirer nos relations personnelles mais aussi internationales<\/em>&nbsp;\u00bb. &nbsp;<\/p>\n\n\n\n<p><strong>Denise ZAROUR MEDANG<\/strong><br>SUQUOTIDIEN<\/p>\n","protected":false},"excerpt":{"rendered":"<p>Pour la 58e Journ\u00e9e mondiale de la paix, c\u00e9l\u00e9br\u00e9e le 1er janvier 2025, le Pape Fran\u00e7ois a publi\u00e9 son traditionnel<\/p>\n","protected":false},"author":1,"featured_media":32542,"comment_status":"open","ping_status":"open","sticky":false,"template":"","format":"standard","meta":{"footnotes":""},"categories":[26],"tags":[],"class_list":["post-49874","post","type-post","status-publish","format-standard","has-post-thumbnail","hentry","category-fait-divers"],"_links":{"self":[{"href":"https:\/\/dekkbi.com\/index.php?rest_route=\/wp\/v2\/posts\/49874","targetHints":{"allow":["GET"]}}],"collection":[{"href":"https:\/\/dekkbi.com\/index.php?rest_route=\/wp\/v2\/posts"}],"about":[{"href":"https:\/\/dekkbi.com\/index.php?rest_route=\/wp\/v2\/types\/post"}],"author":[{"embeddable":true,"href":"https:\/\/dekkbi.com\/index.php?rest_route=\/wp\/v2\/users\/1"}],"replies":[{"embeddable":true,"href":"https:\/\/dekkbi.com\/index.php?rest_route=%2Fwp%2Fv2%2Fcomments&post=49874"}],"version-history":[{"count":1,"href":"https:\/\/dekkbi.com\/index.php?rest_route=\/wp\/v2\/posts\/49874\/revisions"}],"predecessor-version":[{"id":49875,"href":"https:\/\/dekkbi.com\/index.php?rest_route=\/wp\/v2\/posts\/49874\/revisions\/49875"}],"wp:featuredmedia":[{"embeddable":true,"href":"https:\/\/dekkbi.com\/index.php?rest_route=\/wp\/v2\/media\/32542"}],"wp:attachment":[{"href":"https:\/\/dekkbi.com\/index.php?rest_route=%2Fwp%2Fv2%2Fmedia&parent=49874"}],"wp:term":[{"taxonomy":"category","embeddable":true,"href":"https:\/\/dekkbi.com\/index.php?rest_route=%2Fwp%2Fv2%2Fcategories&post=49874"},{"taxonomy":"post_tag","embeddable":true,"href":"https:\/\/dekkbi.com\/index.php?rest_route=%2Fwp%2Fv2%2Ftags&post=49874"}],"curies":[{"name":"wp","href":"https:\/\/api.w.org\/{rel}","templated":true}]}}