{"id":49862,"date":"2025-01-06T11:24:19","date_gmt":"2025-01-06T11:24:19","guid":{"rendered":"https:\/\/dekkbi.com\/?p=49862"},"modified":"2025-01-06T11:24:19","modified_gmt":"2025-01-06T11:24:19","slug":"thies-gestion-locale-et-integree-des-ressources-en-eau-dans-la-region-des-niayes-le-reseau-des-maires-mis-en-place","status":"publish","type":"post","link":"https:\/\/dekkbi.com\/?p=49862","title":{"rendered":"Thi\u00e9s \u2013 Gestion locale et int\u00e9gr\u00e9e des ressources en eau dans la r\u00e9gion des Niayes : Le r\u00e9seau des maires mis en place"},"content":{"rendered":"\n<p><strong>Les maires des 19 communes des Niayes, issues des r\u00e9gions de Thi\u00e8s et Louga, se sont retrouv\u00e9s, ce lundi, pour asseoir une gestion locale et int\u00e9gr\u00e9e des ressources en eau dans la r\u00e9gion des Niayes, en renfor\u00e7ant le r\u00f4le des \u00e9lus municipaux.<\/strong><\/p>\n\n\n\n<p>Les maires des 19 communes des Niayes, Darou Khoudoss, Diender, Kayar, Mboro, M\u00e9kh\u00e9, M\u00e9ouane, Mont-Rolland, Notto Gouye Diama, Pambal, Ta\u00efba Ndiaye (r\u00e9gion Thi\u00e8s), Band\u00e8gne Ouolof, Diokoul Diawrigne, Gu\u00e9oul, Kab Gaye, K\u00e9b\u00e9mer, L\u00e9ona, Ndande, Ngeune Sarr, Thieppe (r\u00e9gion Louga), se sont retrouv\u00e9s en conclave, ce lundi, \u00e0 Thi\u00e8s. Un atelier qui s\u2019inscrit donc dans la troisi\u00e8me phase du projet Girel, qui vise \u00e0 instaurer une gestion locale et int\u00e9gr\u00e9e des ressources en eau dans la r\u00e9gion des Niayes, en renfor\u00e7ant le r\u00f4le des \u00e9lus municipaux.<\/p>\n\n\n\n<p>C\u2019\u00e9tait \u00e0 la faveur du premier atelier du R\u00e9seau des maires des Niayes consacr\u00e9 \u00e0 la Gestion int\u00e9gr\u00e9e des ressources en eau (Gire), organis\u00e9 par la Direction de la gestion et de la planification des ressources en eau (Dgpre) du minist\u00e8re de l\u2019Hydraulique et de l\u2019assainissement, en partenariat avec l\u2019Ong Gret. L\u2019objectif \u00e9tant notamment de renforcer l\u2019implication des maires et d\u2019encourager leur collaboration afin de pr\u00e9server durablement les ressources en eau des Niayes. <\/p>\n\n\n\n<p>Cette rencontre constitue un espace d\u2019\u00e9changes d\u00e9di\u00e9 \u00e0 l\u2019analyse des d\u00e9fis li\u00e9s aux ressources en eau et \u00e0 la r\u00e9flexion collective sur l\u2019implication des \u00e9lus locaux et le renforcement de leur engagement dans la mise en \u0153uvre de la Gire. Elle repr\u00e9sente \u00e9galement une \u00e9tape-cl\u00e9 dans la cr\u00e9ation d\u2019un r\u00e9seau des maires des Niayes, favorisant une gestion coordonn\u00e9e et durable des ressources hydriques \u00e0 l\u2019\u00e9chelle territoriale. Une occasion pour l\u2019\u00e9dile de Mont-Rolland, M. Yves Lamine Ciss, de t\u00e9moigner de \u00abla coop\u00e9ration fructueuse entre le Conseil municipal et la Plateforme locale de l\u2019eau de Mont-Rolland\u00bb, qui \u0153uvrent conjointement pour la pr\u00e9servation des ressources en eau sur leur territoire.<\/p>\n\n\n\n<p>Le Directeur de la gestion et de la planification des ressources en eau (Dgpre), Dr Bakary Faty, qui a pr\u00e9sid\u00e9 la c\u00e9r\u00e9monie d\u2019ouverture, a rappel\u00e9 que \u00abdepuis les ann\u00e9es 2000, le S\u00e9n\u00e9gal a entrepris la mise en place de la Gestion int\u00e9gr\u00e9e des ressources en eau (Gire) pour mieux pr\u00e9server et utiliser cette ressource essentielle. La Dgpre, sous l\u2019autorit\u00e9 du minist\u00e8re de l\u2019Hydraulique et de l\u2019assainissement, est charg\u00e9e d\u2019assurer la promotion et la coordination de cette politique \u00e0 l\u2019\u00e9chelle nationale. En 2007, la Dgpre a \u00e9labor\u00e9 un premier Plan d\u2019action pour la Gire (Pagire), renouvel\u00e9 en 2018, et un Plan strat\u00e9gique de mobilisation des ressources en eau (Psmre) en 2010 qui d\u00e9coupe le territoire en trois niveaux de gestion : \u00ables Unit\u00e9s de gestion et de planification (Ugp)\u00bb\u00a0; \u00ables Sous-unit\u00e9s de gestion et de planification (Sugp)\u00bb\u00a0; \u00ables communes\u00bb\u00bb.<\/p>\n\n\n\n<p>A chaque niveau, des instances de concertation et des outils de planification sp\u00e9cifiques sont mis en place pour organiser la gestion de l\u2019eau. Par exemple, chaque commune adopte un Plan local de Gire (Plgire) qui s\u2019aligne avec les strat\u00e9gies d\u00e9finies au niveau sup\u00e9rieur. En plus de ce cadre institutionnel, la Dgpre a lanc\u00e9 plusieurs initiatives en partenariat avec des Ong des bureaux d\u2019\u00e9tudes et des instituts de recherche. Depuis 2017, elle collabore avec le Gret dans la r\u00e9gion des Niayes, une zone-cl\u00e9 pour la gestion de l\u2019eau en raison de ses activit\u00e9s agricoles et industrielles. Ce partenariat vise \u00e0 exp\u00e9rimenter l\u2019application concr\u00e8te de la Gire \u00e0 l\u2019\u00e9chelle locale gr\u00e2ce au projet de recherche-action Girel, qui teste des approches innovantes pour mieux g\u00e9rer les ressources en eau au niveau communal.<\/p>\n\n\n\n<p>Dr Bakary Faty consid\u00e8re que la rencontre s\u2019inscrit dans la continuit\u00e9 de ces efforts. Elle marque une \u00e9tape importante pour \u00e9tendre la dynamique de Gire \u00e0 l\u2019ensemble des communes des Niayes et renforcer la mobilisation des \u00e9lus locaux. Avec trois objectifs principaux : \u00absensibiliser les maires \u00e0 la notion de Gire, \u00e0 la politique nationale et \u00e0 la dynamique d\u00e9j\u00e0 engag\u00e9e dans les Niayes, en mettant un accent particulier sur la troisi\u00e8me phase du projet Girel\u00bb\u00a0; \u00abpr\u00e9senter les principaux enjeux li\u00e9s \u00e0 l\u2019eau dans cette r\u00e9gion, identifi\u00e9s en collaboration avec les acteurs locaux, et partager les exp\u00e9riences et les enseignements tir\u00e9s des phases pr\u00e9c\u00e9dentes du projet\u00bb\u00a0; \u00abencourager une r\u00e9flexion collective sur le r\u00f4le des conseils municipaux dans la mise en \u0153uvre de la Gire, ainsi que sur les m\u00e9canismes de collaboration entre les collectivit\u00e9s locales et les instances de gestion telles que les Plateformes locales de l\u2019eau (Ple) et les comit\u00e9s communaux de l\u2019eau\u00bb.<\/p>\n\n\n\n<p>L\u2019atelier a \u00e9galement pour ambition de \u00abposer les bases d\u2019un cadre de dialogue entre les \u00e9lus locaux pour mieux coordonner nos efforts\u00bb, remarque le Directeur de la gestion et de la planification des ressources en eau (Dgpre), selon qui \u00abl\u2019objectif n\u2019est pas encore d\u2019institutionnaliser un r\u00e9seau de maires, mais plut\u00f4t de cr\u00e9er les conditions pour une coop\u00e9ration renforc\u00e9e\u00bb. Dr Bakary Faty rappelle que \u00abl\u2019eau est une ressource vitale, mais elle est \u00e9galement fragile et menac\u00e9e. La gestion durable de cette ressource n\u00e9cessite une mobilisation collective et un engagement sans faille de tous les acteurs, \u00e0 commencer par les \u00e9lus locaux, qui se trouvent au c\u0153ur de l\u2019action sur le terrain\u00bb.<\/p>\n\n\n\n<p><strong>Par Cheikh CAMARA \u2013\u00a0<\/strong> <strong>Correspondant<\/strong> LEQUOTIDIEN<\/p>\n","protected":false},"excerpt":{"rendered":"<p>Les maires des 19 communes des Niayes, issues des r\u00e9gions de Thi\u00e8s et Louga, se sont retrouv\u00e9s, ce lundi, pour<\/p>\n","protected":false},"author":1,"featured_media":49863,"comment_status":"open","ping_status":"open","sticky":false,"template":"","format":"standard","meta":{"footnotes":""},"categories":[3],"tags":[],"class_list":["post-49862","post","type-post","status-publish","format-standard","has-post-thumbnail","hentry","category-event-more-news"],"_links":{"self":[{"href":"https:\/\/dekkbi.com\/index.php?rest_route=\/wp\/v2\/posts\/49862","targetHints":{"allow":["GET"]}}],"collection":[{"href":"https:\/\/dekkbi.com\/index.php?rest_route=\/wp\/v2\/posts"}],"about":[{"href":"https:\/\/dekkbi.com\/index.php?rest_route=\/wp\/v2\/types\/post"}],"author":[{"embeddable":true,"href":"https:\/\/dekkbi.com\/index.php?rest_route=\/wp\/v2\/users\/1"}],"replies":[{"embeddable":true,"href":"https:\/\/dekkbi.com\/index.php?rest_route=%2Fwp%2Fv2%2Fcomments&post=49862"}],"version-history":[{"count":1,"href":"https:\/\/dekkbi.com\/index.php?rest_route=\/wp\/v2\/posts\/49862\/revisions"}],"predecessor-version":[{"id":49864,"href":"https:\/\/dekkbi.com\/index.php?rest_route=\/wp\/v2\/posts\/49862\/revisions\/49864"}],"wp:featuredmedia":[{"embeddable":true,"href":"https:\/\/dekkbi.com\/index.php?rest_route=\/wp\/v2\/media\/49863"}],"wp:attachment":[{"href":"https:\/\/dekkbi.com\/index.php?rest_route=%2Fwp%2Fv2%2Fmedia&parent=49862"}],"wp:term":[{"taxonomy":"category","embeddable":true,"href":"https:\/\/dekkbi.com\/index.php?rest_route=%2Fwp%2Fv2%2Fcategories&post=49862"},{"taxonomy":"post_tag","embeddable":true,"href":"https:\/\/dekkbi.com\/index.php?rest_route=%2Fwp%2Fv2%2Ftags&post=49862"}],"curies":[{"name":"wp","href":"https:\/\/api.w.org\/{rel}","templated":true}]}}