{"id":49856,"date":"2025-01-06T11:19:23","date_gmt":"2025-01-06T11:19:23","guid":{"rendered":"https:\/\/dekkbi.com\/?p=49856"},"modified":"2025-01-06T11:19:24","modified_gmt":"2025-01-06T11:19:24","slug":"formalisation-des-groupements-et-acces-au-foncier-les-femmes-au-coeur-des-priorites-de-developpement-de-bonconto","status":"publish","type":"post","link":"https:\/\/dekkbi.com\/?p=49856","title":{"rendered":"Formalisation des groupements et acc\u00e8s au foncier : Les femmes au c\u0153ur des priorit\u00e9s de d\u00e9veloppement de Bonconto"},"content":{"rendered":"\n<p>Le projet Cadastre et s\u00e9curisation fonci\u00e8re au S\u00e9n\u00e9gal (Procassef) intervient \u00e0 Bonconto, commune situ\u00e9e dans le d\u00e9partement de V\u00e9lingara. Gr\u00e2ce \u00e0 cette collaboration, dans les 3 prochains mois, cette commune devra arbitrer l\u2019affectation de terres \u00e0 usage agricole et d\u2019habitation \u00e0 des citoyens du S\u00e9n\u00e9gal, en mettant \u00e0 leur disposition, presque gratuitement, des titres de propri\u00e9t\u00e9 dont la validit\u00e9 sera incontestable. Le maire de la commune a sign\u00e9 une convention dans ce sens avec le Procassef. Vendredi pass\u00e9, une \u00e9quipe de ce projet \u00e9tait dans cette commune pour partager des informations avec les populations et proc\u00e9der \u00e0 la formation d\u2019une dizaine d\u2019enqu\u00eateurs qui seront lanc\u00e9s dans les villages pour sensibiliser sur les intentions du projet, accompagner la commission domaniale du Conseil municipal, identifier les parcelles et leurs ayants droit, proc\u00e9der aux lev\u00e9es topographiques puis les immatriculer. Dans la salle du foyer des jeunes de la localit\u00e9 qui a servi de lieu de rencontre, les femmes \u00e9taient majoritaires. Elles n\u2019ont pas eu tort. \u00abLe projet veut accorder 30% des terres aux femmes et aux jeunes filles. Les populations, avec ce projet, seront conscientis\u00e9es \u00e0 l\u2019importance de mettre les femmes et les jeunes filles dans un titre de propri\u00e9t\u00e9, individuel ou collectif. La particularit\u00e9 de ce projet c\u2019est de d\u00e9livrer des titres de propri\u00e9t\u00e9 collectifs\u00a0; c\u2019est-\u00e0-dire mettre les noms de tous les ayants droit (hommes et femmes) sur un m\u00eame acte d\u2019affectation d\u2019une parcelle \u00e0 usage agricole ou d\u2019habitation. Ce qui n\u2019\u00e9tait pas le cas\u00bb, a inform\u00e9 Sell\u00e9 Ciss\u00e9 Diatta, expert foncier, chef de mission adjoint de l\u2019op\u00e9rateur foncier, le Cabinet Etat fat techsult S\u00e9n\u00e9gal.<\/p>\n\n\n\n<p>Le maire Ibrahima Diao, sous ce registre, a dit : \u00abDans ce projet, les femmes seront attributaires de terres au m\u00eame titre que les hommes. Nous avons pour tradition de ne pas accorder de terres aux femmes, elles ne sont pas propri\u00e9taires des champs qu\u2019elles exploitent. Ma conviction est que les femmes contribuent fortement \u00e0 l\u2019\u00e9conomie des m\u00e9nages, \u00e0 ce titre, elles m\u00e9ritent d\u2019\u00eatre encadr\u00e9es, soutenues, orient\u00e9es et qu\u2019on leur facilite l\u2019acc\u00e8s \u00e0 la terre.\u00bb<\/p>\n\n\n\n<p>A rappeler que les enqu\u00eateurs du Cabinet priv\u00e9 Etat fat techsult S\u00e9n\u00e9gal, apr\u00e8s les enqu\u00eates sociales, les lev\u00e9es topographiques, l\u2019immatriculation des terres et la formalisation des droits fonciers avec l\u2019accompagnement du Conseil municipal, proc\u00e9deront \u00e0 l\u2019affichage des informations collect\u00e9es, \u00e0 l\u2019observation d\u2019un temps d\u2019attente pour la v\u00e9rification des donn\u00e9es par les populations, avant la validation sociale et l\u2019approbation par l\u2019autorit\u00e9 administrative. 12 communes de la r\u00e9gion de Kolda sont enr\u00f4l\u00e9es dans la phase-pilote de ce projet dont 9 dans le d\u00e9partement de V\u00e9lingara et 3 \u00e0 Kolda.<\/p>\n\n\n\n<p><strong>Vers la cr\u00e9ation de coop\u00e9ratives de femmes de Bonconto<\/strong><\/p>\n\n\n\n<p>Les femmes de la commune de Bonconto, centre-est du d\u00e9partement de V\u00e9lingara, s\u2019activent principalement dans l\u2019agriculture, l\u2019\u00e9levage, l\u2019aviculture, le mara\u00eechage, la savonnerie et la production de lait, selon le maire Ibrahima Diao. \u00abCes activit\u00e9s, malheureusement, les nourrissent \u00e0 peine. Justement, parce qu\u2019elles n\u2019ont pas acc\u00e8s aux financements, faute d\u2019une bonne organisation et de reconnaissance juridique des groupements existants\u00bb, a encore r\u00e9v\u00e9l\u00e9 M. Diao.<\/p>\n\n\n\n<p>Aussi, pour les aider \u00e0 acc\u00e9der aux financements de l\u2019Etat et ceux de partenaires ext\u00e9rieurs, l\u2019\u00e9dile de la commune les a-t-il organis\u00e9s et aid\u00e9s \u00e0 se formaliser. \u00abNous venons de proc\u00e9der \u00e0 la remise de 12 r\u00e9c\u00e9piss\u00e9s \u00e0 autant de groupements f\u00e9minins. 6 autres attendent leurs r\u00e9c\u00e9piss\u00e9s qui ne vont pas tarder \u00e0 nous parvenir. Nous avons demand\u00e9 \u00e0 toutes les femmes de tous les villages de s\u2019organiser et nous nous chargeons de leur chercher la reconnaissance juridique, sans bourse d\u00e9lier. C\u2019est co\u00fbteux de se rendre r\u00e9guli\u00e8rement \u00e0 Kolda (125 km) pour le d\u00e9p\u00f4t des documents administratifs et payer tous les frais y aff\u00e9rents. Par le pass\u00e9, beaucoup d\u2019organisations de femmes n\u2019ont pas pu boucler la proc\u00e9dure, faute d\u2019argent ou ont \u00e9t\u00e9 flou\u00e9es par des interm\u00e9diaires\u00bb, a renseign\u00e9 Ibrahima Diao, au sortir d\u2019une c\u00e9r\u00e9monie de remise de documents de reconnaissance juridique \u00e0 12 groupements f\u00e9minins. \u00abCes r\u00e9c\u00e9piss\u00e9s conf\u00e8rent aux groupements b\u00e9n\u00e9ficiaires le statut de Groupement d\u2019int\u00e9r\u00eat \u00e9conomique (Gie) et leur offrent l\u2019opportunit\u00e9 de se lancer dans diverses activit\u00e9s entrepreneuriales\u00bb, a ajout\u00e9 cet expert en \u00e9ducation d\u2019une Ong de la place.<\/p>\n\n\n\n<p>M. Diao a d\u00e9clin\u00e9 ses ambitions pour les femmes de la commune. Il dit\u00a0: \u00abLa commune \u00e9tant divis\u00e9e en 6 zones, les groupements de chaque zone seront regroup\u00e9s dans des coop\u00e9ratives de femmes qui elles-m\u00eames (les coop\u00e9ratives) formeront une Union des femmes qui sera l\u2019interlocutrice principale de la commune et des partenaires techniques et financiers. Ceci, ajout\u00e9 \u00e0 la construction prochaine de la Maison de la femme, permettra aux femmes de trouver des opportunit\u00e9s de formation, d\u2019ouverture au monde et d\u2019expression de leurs comp\u00e9tences et talents pour leur d\u00e9veloppement personnel et pour le d\u00e9veloppement de la commune.\u00bb Pour M. le maire, \u00ables femmes contribuent pour plus de 70% dans l\u2019\u00e9conomie des m\u00e9nages. De ce fait, elles m\u00e9ritent d\u2019\u00eatre organis\u00e9es, appuy\u00e9es, accompagn\u00e9es, orient\u00e9es pour leur implication et participation efficiente au d\u00e9veloppement de la commune\u00bb.<\/p>\n\n\n\n<p>Les femmes ont bien appr\u00e9ci\u00e9 l\u2019id\u00e9e et l\u2019action g\u00e9n\u00e9reuses du maire. Mme Ousseynatou Barry du village de Bonconto Fouta t\u00e9moigne\u00a0: \u00abNous n\u2019y avions pas cru, du fait des nombreuses arnaques dont nous avions \u00e9t\u00e9 victimes par le pass\u00e9 pour l\u2019obtention de ce document. Avec ce document, nous pourrons d\u00e9velopper nos activit\u00e9s \u00e0 partir des financements que pourrions obtenir.\u00bb<\/p>\n\n\n\n<p><strong>Par Abdoulaye KAMARA (Correspondant) \u2013\u00a0<\/strong>LEQUOTIDIEN &#8211; <strong>akamara@lequotidien.sn<\/strong><\/p>\n","protected":false},"excerpt":{"rendered":"<p>Le projet Cadastre et s\u00e9curisation fonci\u00e8re au S\u00e9n\u00e9gal (Procassef) intervient \u00e0 Bonconto, commune situ\u00e9e dans le d\u00e9partement de V\u00e9lingara. Gr\u00e2ce<\/p>\n","protected":false},"author":1,"featured_media":49857,"comment_status":"open","ping_status":"open","sticky":false,"template":"","format":"standard","meta":{"footnotes":""},"categories":[3],"tags":[],"class_list":["post-49856","post","type-post","status-publish","format-standard","has-post-thumbnail","hentry","category-event-more-news"],"_links":{"self":[{"href":"https:\/\/dekkbi.com\/index.php?rest_route=\/wp\/v2\/posts\/49856","targetHints":{"allow":["GET"]}}],"collection":[{"href":"https:\/\/dekkbi.com\/index.php?rest_route=\/wp\/v2\/posts"}],"about":[{"href":"https:\/\/dekkbi.com\/index.php?rest_route=\/wp\/v2\/types\/post"}],"author":[{"embeddable":true,"href":"https:\/\/dekkbi.com\/index.php?rest_route=\/wp\/v2\/users\/1"}],"replies":[{"embeddable":true,"href":"https:\/\/dekkbi.com\/index.php?rest_route=%2Fwp%2Fv2%2Fcomments&post=49856"}],"version-history":[{"count":1,"href":"https:\/\/dekkbi.com\/index.php?rest_route=\/wp\/v2\/posts\/49856\/revisions"}],"predecessor-version":[{"id":49858,"href":"https:\/\/dekkbi.com\/index.php?rest_route=\/wp\/v2\/posts\/49856\/revisions\/49858"}],"wp:featuredmedia":[{"embeddable":true,"href":"https:\/\/dekkbi.com\/index.php?rest_route=\/wp\/v2\/media\/49857"}],"wp:attachment":[{"href":"https:\/\/dekkbi.com\/index.php?rest_route=%2Fwp%2Fv2%2Fmedia&parent=49856"}],"wp:term":[{"taxonomy":"category","embeddable":true,"href":"https:\/\/dekkbi.com\/index.php?rest_route=%2Fwp%2Fv2%2Fcategories&post=49856"},{"taxonomy":"post_tag","embeddable":true,"href":"https:\/\/dekkbi.com\/index.php?rest_route=%2Fwp%2Fv2%2Ftags&post=49856"}],"curies":[{"name":"wp","href":"https:\/\/api.w.org\/{rel}","templated":true}]}}