{"id":49854,"date":"2025-01-06T11:16:31","date_gmt":"2025-01-06T11:16:31","guid":{"rendered":"https:\/\/dekkbi.com\/?p=49854"},"modified":"2025-01-06T11:16:31","modified_gmt":"2025-01-06T11:16:31","slug":"sortie-du-senegal-des-pma-yassine-fall-freine-les-ardeurs-des-nations-unies","status":"publish","type":"post","link":"https:\/\/dekkbi.com\/?p=49854","title":{"rendered":"Sortie du S\u00e9n\u00e9gal des Pma : Yassine Fall freine les ardeurs des Nations unies"},"content":{"rendered":"\n<p><strong>Au lendemain de la publication d\u2019une r\u00e9solution de l\u2019Onu qui annonce le retrait du S\u00e9n\u00e9gal des Pays les moins avanc\u00e9s (Pma) pour une transition de 5 ans, le minist\u00e8re de l\u2019Int\u00e9gration africaine et des affaires \u00e9trang\u00e8res s\u2019est fendu d\u2019un communiqu\u00e9 pour dire qu\u2019il s\u2019agit de l\u2019amorce du processus de sortie. Une fa\u00e7on de temp\u00e9rer les ardeurs alors que l\u2019Onu l\u2019avait d\u00e9j\u00e0 pr\u00e9cis\u00e9 dans sa r\u00e9solution&nbsp;?<\/strong><strong>Par Dieynaba KANE \u2013<\/strong><\/p>\n\n\n\n<p>Dans une note du 23 d\u00e9cembre 2024, l\u2019Onu a annonc\u00e9 que son Assembl\u00e9e g\u00e9n\u00e9rale du 19 d\u00e9cembre a adopt\u00e9 une r\u00e9solution portant sur le retrait du Cambodge et du S\u00e9n\u00e9gal de la cat\u00e9gorie des Pays les moins avanc\u00e9s. Avec une transition de 5 ans. Juste apr\u00e8s la diffusion de cette information, la ministre de l\u2019Int\u00e9gration africaine et des affaires \u00e9trang\u00e8res a publi\u00e9 un communiqu\u00e9 pour apporter des pr\u00e9cisions sur cette question. D\u2019apr\u00e8s Yassine Fall, \u00abil s\u2019agit plut\u00f4t de l\u2019amorce d\u2019un processus pouvant mener au retrait du S\u00e9n\u00e9gal de cette cat\u00e9gorie au bout d\u2019une transition de cinq (5) ans, suite \u00e0 la recommandation du Comit\u00e9 des politiques de d\u00e9veloppement de l\u2019Organisation des Nations unies (Onu)\u00bb. <\/p>\n\n\n\n<p>Et d\u2019ajouter dans son document : \u00abEn effet, le retrait d\u2019un pays de la cat\u00e9gorie des Pma ob\u00e9it \u00e0 une proc\u00e9dure au sein des organes comp\u00e9tents du syst\u00e8me des Nations unies.\u00bb Ainsi, fait savoir la ministre des Affaires \u00e9trang\u00e8res, \u00abil ressort de la r\u00e9solution A\/Res\/79\/230 du 19 d\u00e9cembre 2024, adopt\u00e9e par l\u2019Assembl\u00e9e g\u00e9n\u00e9rale des Nations unies, qu\u2019une p\u00e9riode de cinq (5) ans a \u00e9t\u00e9 retenue pour permettre au S\u00e9n\u00e9gal de pr\u00e9parer sa sortie de cette cat\u00e9gorie\u00bb. \u00abC\u2019est au terme de cette p\u00e9riode transitoire que le retrait pourrait \u00eatre prononc\u00e9\u00bb, d\u00e9clare Yassine Fall dans son communiqu\u00e9.<\/p>\n\n\n\n<p>Par ailleurs, la ministre de l\u2019Int\u00e9gration africaine et des affaires \u00e9trang\u00e8res souligne qu\u2019afin \u00abd\u2019\u00e9viter tout bouleversement de son programme de d\u00e9veloppement, le gouvernement travaille \u00e0 l\u2019\u00e9laboration d\u2019une Strat\u00e9gie nationale de transition sans heurt, adoss\u00e9e \u00e0 son nouveau r\u00e9f\u00e9rentiel des politiques publiques intitul\u00e9 \u00abS\u00e9n\u00e9gal 2050 Agenda national de transformation\u00bb\u00bb.<\/p>\n\n\n\n<p><strong>dkane@lequotidien.sn<\/strong><\/p>\n","protected":false},"excerpt":{"rendered":"<p>Au lendemain de la publication d\u2019une r\u00e9solution de l\u2019Onu qui annonce le retrait du S\u00e9n\u00e9gal des Pays les moins avanc\u00e9s<\/p>\n","protected":false},"author":1,"featured_media":39604,"comment_status":"open","ping_status":"open","sticky":false,"template":"","format":"standard","meta":{"footnotes":""},"categories":[6],"tags":[],"class_list":["post-49854","post","type-post","status-publish","format-standard","has-post-thumbnail","hentry","category-politics"],"_links":{"self":[{"href":"https:\/\/dekkbi.com\/index.php?rest_route=\/wp\/v2\/posts\/49854","targetHints":{"allow":["GET"]}}],"collection":[{"href":"https:\/\/dekkbi.com\/index.php?rest_route=\/wp\/v2\/posts"}],"about":[{"href":"https:\/\/dekkbi.com\/index.php?rest_route=\/wp\/v2\/types\/post"}],"author":[{"embeddable":true,"href":"https:\/\/dekkbi.com\/index.php?rest_route=\/wp\/v2\/users\/1"}],"replies":[{"embeddable":true,"href":"https:\/\/dekkbi.com\/index.php?rest_route=%2Fwp%2Fv2%2Fcomments&post=49854"}],"version-history":[{"count":1,"href":"https:\/\/dekkbi.com\/index.php?rest_route=\/wp\/v2\/posts\/49854\/revisions"}],"predecessor-version":[{"id":49855,"href":"https:\/\/dekkbi.com\/index.php?rest_route=\/wp\/v2\/posts\/49854\/revisions\/49855"}],"wp:featuredmedia":[{"embeddable":true,"href":"https:\/\/dekkbi.com\/index.php?rest_route=\/wp\/v2\/media\/39604"}],"wp:attachment":[{"href":"https:\/\/dekkbi.com\/index.php?rest_route=%2Fwp%2Fv2%2Fmedia&parent=49854"}],"wp:term":[{"taxonomy":"category","embeddable":true,"href":"https:\/\/dekkbi.com\/index.php?rest_route=%2Fwp%2Fv2%2Fcategories&post=49854"},{"taxonomy":"post_tag","embeddable":true,"href":"https:\/\/dekkbi.com\/index.php?rest_route=%2Fwp%2Fv2%2Ftags&post=49854"}],"curies":[{"name":"wp","href":"https:\/\/api.w.org\/{rel}","templated":true}]}}