{"id":49848,"date":"2025-01-06T11:11:57","date_gmt":"2025-01-06T11:11:57","guid":{"rendered":"https:\/\/dekkbi.com\/?p=49848"},"modified":"2025-01-06T11:11:59","modified_gmt":"2025-01-06T11:11:59","slug":"senegal-france-rebattre-les-cartes-du-partenariat-une-nouvelle-ere-de-cooperation-apres-la-fermeture-de-la-base-militaire","status":"publish","type":"post","link":"https:\/\/dekkbi.com\/?p=49848","title":{"rendered":"S\u00e9n\u00e9gal-France \/ Rebattre les cartes du partenariat : une nouvelle \u00e8re de coop\u00e9ration apr\u00e8s la fermeture de la base militaire"},"content":{"rendered":"\n<p><strong>Avec la fermeture annonc\u00e9e des bases militaires fran\u00e7aises au S\u00e9n\u00e9gal et en C\u00f4te d\u2019Ivoire un symbole fort de la pr\u00e9sence historique de Paris en Afrique de l\u2019Ouest s\u2019efface. Mais cette reconfiguration pourrait aussi \u00eatre l\u2019occasion de red\u00e9finir les relations entre la France et le continent africain, en adoptant une approche plus \u00e9quilibr\u00e9e et respectueuse des aspirations locales.<\/strong><\/p>\n\n\n\n<p><strong>Vers une coop\u00e9ration sans tutelle<\/strong><\/p>\n\n\n\n<p>Pendant des d\u00e9cennies, la pr\u00e9sence militaire fran\u00e7aise au S\u00e9n\u00e9gal a \u00e9t\u00e9 per\u00e7ue comme un outil de contr\u00f4le autant que de partenariat. La base militaire fran\u00e7aise, drastiquement r\u00e9duite par Abdoulaye Wade en 2010, qui \u00e0 l\u2019origine \u00e9tait per\u00e7ue comme un garant de stabilit\u00e9 nationale et levier d\u2019influence strat\u00e9gique pour la France, a fait l\u2019objet ces derni\u00e8res ann\u00e9es, de critiques pour sa connotation n\u00e9ocoloniale. Sa fermeture d\u00e9finitive marque un tournant symbolique, r\u00e9pondant \u00e0 une volont\u00e9 du nouveau r\u00e9gime s\u00e9n\u00e9galais d\u2019exercer sa souverainet\u00e9.<\/p>\n\n\n\n<p>Dans ce contexte, la France doit repenser sa coop\u00e9ration. Plut\u00f4t que de se concentrer sur une approche militaro-s\u00e9curitaire, Paris pourrait \u00e9largir son champ d\u2019action \u00e0 des domaines plus inclusifs et constructifs. L\u2019\u00e9ducation, les infrastructures, la culture et la transition \u00e9nerg\u00e9tique apparaissent comme des axes strat\u00e9giques pour renforcer les liens entre les deux parties.<\/p>\n\n\n\n<p><strong>R\u00e9inventer le \u201cmindset\u201d des \u00e9lites fran\u00e7aises pour un partenariat durable<\/strong><\/p>\n\n\n\n<p>Avec le retrait d\u00e9finitif de la pr\u00e9sence militaire fran\u00e7aise en terre s\u00e9n\u00e9galaise, la France fait face \u00e0 un d\u00e9fi majeur : refonder ses liens avec un pays qui a beaucoup chang\u00e9.<\/p>\n\n\n\n<p><strong>Abandonner les r\u00e9flexes paternalistes<\/strong><\/p>\n\n\n\n<p>Pendant des d\u00e9cennies, la politique de la France au S\u00e9n\u00e9gal s\u2019est appuy\u00e9e sur une relation asym\u00e9trique, marqu\u00e9e par un paternalisme latent. C\u2019\u00e9tait l\u2019\u00e9poque. Elle s\u2019est longtemps per\u00e7ue et jusqu\u2019\u00e0 une p\u00e9riode tr\u00e8s r\u00e9cente, comme la \u00ab M\u00e9tropole \u00bb, voire le guide de cet ancien territoire colonis\u00e9. Cette posture est devenue obsol\u00e8te dans un pays o\u00f9 l\u2019affirmation de la souverainet\u00e9 nationale et la diversit\u00e9 des partenariats internationaux sont des r\u00e9alit\u00e9s incontournables. La m\u00e9thode elle, per\u00e7ue comme paternaliste et d\u00e9connect\u00e9e des r\u00e9alit\u00e9s locales, alimente les ressentiments.<\/p>\n\n\n\n<p>Le changement de mentalit\u00e9 doit passer par une reconnaissance explicite de cette dynamique. Les \u00e9lites fran\u00e7aises doivent se d\u00e9partir de l\u2019id\u00e9e que la France est indispensable \u00e0 l\u2019Afrique. Aujourd\u2019hui<strong>,&nbsp;<\/strong>le discours qui s\u2019entend de plus en plus, est qu\u2019il est temps de traiter les pays africains comme des partenaires \u00e9gaux et souverains, capables de prendre leurs propres d\u00e9cisions, m\u00eame si celles-ci vont \u00e0 l\u2019encontre des int\u00e9r\u00eats fran\u00e7ais ou consid\u00e9r\u00e9es comme telles.<\/p>\n\n\n\n<p>Deux exemples qui &nbsp;m\u00e9ritent d\u2019\u00eatre cit\u00e9s.<\/p>\n\n\n\n<p>En mars 2022, \u00e0 l\u2019ONU, le S\u00e9n\u00e9gal avait fait r\u00e9agir des observateurs fran\u00e7ais par son positionnement lors d\u2019une r\u00e9solution intitul\u00e9e \u00ab&nbsp;Agression contre l\u2019Ukraine&nbsp;\u00bb, dont le texte exigeait \u00ab&nbsp;que la Russie cesse imm\u00e9diatement de recourir \u00e0 la force contre l\u2019Ukraine et retire imm\u00e9diatement, compl\u00e8tement et sans condition, toutes ses forces militaires&nbsp;\u00bb d\u2019Ukraine. Le S\u00e9n\u00e9gal (comme 11 autres pays africains) s\u2019\u00e9tait abstenu. En 2014, il avait adopt\u00e9 la m\u00eame attitude, concernant la crise entre la Crim\u00e9e et la Russie. Etait-ce une volont\u00e9 de s\u2019affirmer diff\u00e9remment sur la sc\u00e8ne internationale ou un d\u00e9sir de calmer le jeu au niveau r\u00e9gional et local&nbsp;? Voire. Quelques observateurs n\u2019ont pas manqu\u00e9 de r\u00e9agir, \u00e0 l\u2019image de Nicolas Henin (journaliste) , en postant sur son compte X&nbsp;:&nbsp;<em>\u00ab&nbsp;Petit&nbsp;<strong>retournement<\/strong>&nbsp; du S\u00e9n\u00e9gal, qui a finalement vot\u00e9 au Conseil des Droits de l\u2019Homme en faveur d\u2019une commission d\u2019enqu\u00eate internationale ind\u00e9pendante \u00e0 la suite de l\u2019agression de la Russie contre l\u2019Ukraine&nbsp;\u00bb,<\/em>&nbsp;semblant ignorer que ce pays, m\u00eame alli\u00e9 du bloc occidental et de la France en particulier, est rest\u00e9 dans sa logique d\u2019adoption d\u2019une strat\u00e9gie de non-alignement depuis la guerre froide. M\u00eame s\u2019il est arriv\u00e9 que des r\u00e9percussions \u00e9conomiques soient ressenties localement, il s\u2019agit avant tout d\u2019un conflit lointain qui se d\u00e9roule hors du continent.<\/p>\n\n\n\n<p><strong>Une humilit\u00e9 face aux nouveaux \u00e9quilibres g\u00e9opolitiques<\/strong><\/p>\n\n\n\n<p>Les \u00e9lites fran\u00e7aises doivent reconna\u00eetre que la puissance de la France au S\u00e9n\u00e9gal a d\u00e9clin\u00e9. Partant de l\u00e0, elle doit accepter des \u00ab&nbsp;nouvelles&nbsp;\u00bb alliances et ne pas consid\u00e9rer de telles d\u00e9cisions comme une trahison, mais un choix souverain dans un monde multipolaire. Adopter une posture humble face \u00e0 cette r\u00e9alit\u00e9 n\u2019est pas un aveu de faiblesse, mais une preuve de maturit\u00e9.<\/p>\n\n\n\n<p>Cela implique de ne plus percevoir les partenaires du S\u00e9n\u00e9gal (la Chine, la Russie, la Turquie principalement), uniquement comme des concurrents alors que les \u00ab&nbsp;souverainistes&nbsp;\u00bb ou \u00ab&nbsp;panafricains&nbsp;\u00bb selon la terminologie donnent l\u2019impression de plaider pour un \u00abFrance d\u00e9gage&nbsp;\u00bb en lieu et place d\u2019autres puissances. &nbsp;La France pourrait explorer des synergies dans des projets tripartites, o\u00f9 chaque partenaire contribue avec ses forces sp\u00e9cifiques.<\/p>\n\n\n\n<p><strong>Reconna\u00eetre les manquements du pass\u00e9<\/strong><\/p>\n\n\n\n<p>Toute relation n\u2019est durable que si elle repose sur la confiance. Et pour regagner la confiance, la France doit reconna\u00eetre pleinement ses erreurs historiques. Les stigmates de la colonisation, les pratiques opaques de la Fran\u00e7afrique et les interventions militaires controvers\u00e9es continuent de peser lourdement sur sa perception, dans la grande majorit\u00e9 de la jeunesse.<\/p>\n\n\n\n<p>La restitution des \u0153uvres d\u2019art pill\u00e9es, entam\u00e9e mais encore incompl\u00e8te, doit \u00eatre acc\u00e9l\u00e9r\u00e9e et accompagn\u00e9e d\u2019une coop\u00e9ration renforc\u00e9e avec les institutions culturelles. De m\u00eame, la d\u00e9classification des archives li\u00e9es \u00e0 certaines p\u00e9riodes sensibles de l\u2019histoire franco-s\u00e9n\u00e9galaise serait un signal d\u2019ouverture et de transparence.<\/p>\n\n\n\n<p>Mais cette reconnaissance doit aller au-del\u00e0 des symboles pour se traduire dans des politiques concr\u00e8tes. La mise en place de programmes \u00e9ducatifs conjoints pourrait permettre de construire une vision partag\u00e9e et \u00e9quilibr\u00e9e de l\u2019histoire.<\/p>\n\n\n\n<p><strong>Le nouveau partenariat gagnant-gagnant : l\u2019apr\u00e8s fermeture de la base fran\u00e7aise<\/strong><\/p>\n\n\n\n<p>Avec la fermeture d\u00e9finitive de la base militaire fran\u00e7aise de Dakar, le S\u00e9n\u00e9gal amorce une red\u00e9finition strat\u00e9gique de ses partenariats internationaux. Ce tournant marque une volont\u00e9 claire d\u2019affirmer sa souverainet\u00e9 tout en s\u2019inscrivant dans des collaborations \u00e9quitables et mutuellement b\u00e9n\u00e9fiques. Mais qu\u2019apporte r\u00e9ellement le S\u00e9n\u00e9gal dans ce nouveau mod\u00e8le de partenariat ?<\/p>\n\n\n\n<p><strong>Une position g\u00e9ostrat\u00e9gique incontournable<\/strong><\/p>\n\n\n\n<p>Situ\u00e9 \u00e0 l\u2019extr\u00e9mit\u00e9 occidentale de l\u2019Afrique, le S\u00e9n\u00e9gal b\u00e9n\u00e9ficie d\u2019une position g\u00e9ographique privil\u00e9gi\u00e9e, offrant un acc\u00e8s direct \u00e0 l\u2019Atlantique et constituant une porte d\u2019entr\u00e9e vers l\u2019Afrique de l\u2019Ouest. Sa stabilit\u00e9 politique, dans une r\u00e9gion parfois troubl\u00e9e, renforce son attractivit\u00e9. Cette situation g\u00e9ographique conf\u00e8re au pays un r\u00f4le cl\u00e9 dans la s\u00e9curit\u00e9 maritime et le contr\u00f4le des routes commerciales.<\/p>\n\n\n\n<p><strong>Un mod\u00e8le de stabilit\u00e9 d\u00e9mocratique<\/strong><\/p>\n\n\n\n<p>Depuis son ind\u00e9pendance en 1960, le S\u00e9n\u00e9gal est per\u00e7u comme un mod\u00e8le de d\u00e9mocratie en Afrique. Les trois alternances politiques et le respect des institutions, font du pays un partenaire fiable dans un monde o\u00f9 la stabilit\u00e9 politique est une denr\u00e9e rare. Cette r\u00e9putation renforce la capacit\u00e9 du S\u00e9n\u00e9gal \u00e0 jouer un r\u00f4le de m\u00e9diateur dans les crises r\u00e9gionales et \u00e0 promouvoir une gouvernance respectueuse des droits humains.<\/p>\n\n\n\n<p><strong>Des ressources naturelles en plein essor<\/strong><\/p>\n\n\n\n<p>La d\u00e9couverte r\u00e9cente de gisements de p\u00e9trole et de gaz place le S\u00e9n\u00e9gal au c\u0153ur des enjeux \u00e9nerg\u00e9tiques mondiaux. Ces ressources, encore sous-exploit\u00e9es, constituent un atout majeur dans les nouveaux partenariats \u00e9conomiques, \u00e0 condition qu\u2019elles soient g\u00e9r\u00e9es de mani\u00e8re transparente et durable. Par ailleurs, le pays poss\u00e8de d\u2019importantes r\u00e9serves mini\u00e8res (phosphates, zircon) et une zone \u00e9conomique exclusive riche en ressources halieutiques, qui attirent des investisseurs d\u00e9sireux de tirer parti de cette manne.<\/p>\n\n\n\n<p><strong>Un hub \u00e9conomique et r\u00e9gional en construction<\/strong><\/p>\n\n\n\n<p>Avec Dakar comme hub \u00e9conomique et logistique, le S\u00e9n\u00e9gal se positionne comme un centre n\u00e9vralgique pour le commerce et les affaires en Afrique de l\u2019Ouest. Des projets ambitieux, tels que la Zone \u00e9conomique sp\u00e9ciale de Diamniadio et l\u2019expansion du port de Dakar, bien que tr\u00e8s fortement concurrenc\u00e9e par Abidjan et Cotonou, renforcent cette vision. Le pays attire encore des entreprises \u00e9trang\u00e8res cherchant \u00e0 \u00e9tablir des bases dans une r\u00e9gion dynamique, tout en b\u00e9n\u00e9ficiant d\u2019infrastructures et d\u2019un environnement d\u2019affaires que l\u2019on cherche \u00e0 am\u00e9liorer d\u2019une mani\u00e8re constante.<\/p>\n\n\n\n<p><strong>Une jeunesse dynamique et engag\u00e9e<\/strong><\/p>\n\n\n\n<p>Avec une population majoritairement jeune, le S\u00e9n\u00e9gal offre un potentiel humain consid\u00e9rable. Cette jeunesse constitue une force de travail comp\u00e9titive et un vivier d\u2019innovation, particuli\u00e8rement dans les secteurs technologiques, culturels et entrepreneuriaux. Les partenaires internationaux trouvent dans cette vitalit\u00e9 d\u00e9mographique un levier pour d\u00e9velopper des initiatives durables et inclusives.<\/p>\n\n\n\n<p><strong>Vers un partenariat plus \u00e9quilibr\u00e9<\/strong><\/p>\n\n\n\n<p>La fermeture de la base fran\u00e7aise refl\u00e8te une tendance plus large au S\u00e9n\u00e9gal : celle d\u2019un rejet des relations n\u00e9ocoloniales au profit d\u2019un partenariat bas\u00e9 sur le respect mutuel. Cependant, la vraie influence d\u00e9sormais appartient aux entreprises priv\u00e9es qui cr\u00e9ent la richesse et dont certaines sont plus puissantes que l\u2019Etat s\u00e9n\u00e9galais lui-m\u00eame. En guise de comparaison, au S\u00e9n\u00e9gal op\u00e8rent des entreprises fran\u00e7aises qui p\u00e8sent, dit-on, pour 25% des recettes fiscales et pr\u00e8s de 10% des emplois formels. Elles sont en concurrence d\u00e9sormais avec des soci\u00e9t\u00e9s chinoises, turques, indiennes, marocaines\u2026<\/p>\n\n\n\n<p>La vraie exigence pour les politiques publiques s\u00e9n\u00e9galaises est de promouvoir un secteur priv\u00e9 suffisamment fort qui pourra concurrencer le priv\u00e9 \u00e9tranger au nom d\u2019une comp\u00e9tition ouverte qui est la principale valeur d\u2019une \u00e9conomie lib\u00e9rale. Bander les muscles est une chose, avoir les moyens de son ambition souverainiste en est une autre. Dans ce rendez-vous de la mondialisation o\u00f9 chaque nation vient avec son avantage comparatif, qu\u2019offre le S\u00e9n\u00e9gal ? Des entreprises assez puissantes pour remporter des parts de march\u00e9 ailleurs dans le monde ? Un march\u00e9 de consommateurs suffisamment riche pour attirer des industries et des marques de luxe ? Des ressources naturelles foisonnantes ?<\/p>\n\n\n\n<p>Le risque est de vendre le souverainisme jusqu\u2019\u00e0 op\u00e9rer de mauvais choix \u00e9conomiques comme celui du r\u00e9tablissement du visa d\u2019entr\u00e9e au nom de la r\u00e9ciprocit\u00e9. Le S\u00e9n\u00e9gal est un pays touristique. Le secteur constitue la deuxi\u00e8me source de devises de notre \u00e9conomie. Rendre difficile les conditions d\u2019entr\u00e9e dans le pays, courir le risque de failles techniques comme ce fut le cas en 2013 et en 2015 (avec les bugs des machines, les voyageurs \u00e0 destination payaient mais les pannes faisaient qu\u2019ils n\u2019obtenaient ni le visa, ni le remboursement de leurs frais. Le syst\u00e8me \u00e9lectronique de visa ne marchant qu\u2019une fois sur quatre), peut avoir un impact n\u00e9gatif sur le tourisme.<\/p>\n\n\n\n<p>Le discours souverainiste risque d\u2019\u00eatre vain s\u2019il ne fait pas de l\u2019\u00e9conomie, son moteur. Or, jusque-l\u00e0, on reste sur des discours d\u00e9non\u00e7ant l\u2019influence politique fran\u00e7aise et qui rel\u00e8vent d\u2019une conception ancienne des relations internationales.&nbsp; L\u2019urgence pour ces cinq prochaines ann\u00e9es est de constituer un capital \u00e9conomique national pour avoir quelque chose \u00e0 apporter dans la dynamique de co-construction que nous devons avoir avec le monde. Sinon le S\u00e9n\u00e9gal continuera d\u2019\u00eatre un appendice, alors que le monde adopte une r\u00e9volution extraordinaire avec la robotisation, l\u2019Intelligence Artificielle et les \u00e9nergies vertes.<\/p>\n\n\n\n<p>SOURCE SUDQUOTIDIEN<\/p>\n","protected":false},"excerpt":{"rendered":"<p>Avec la fermeture annonc\u00e9e des bases militaires fran\u00e7aises au S\u00e9n\u00e9gal et en C\u00f4te d\u2019Ivoire un symbole fort de la pr\u00e9sence<\/p>\n","protected":false},"author":1,"featured_media":47115,"comment_status":"open","ping_status":"open","sticky":false,"template":"","format":"standard","meta":{"footnotes":""},"categories":[6],"tags":[],"class_list":["post-49848","post","type-post","status-publish","format-standard","has-post-thumbnail","hentry","category-politics"],"_links":{"self":[{"href":"https:\/\/dekkbi.com\/index.php?rest_route=\/wp\/v2\/posts\/49848","targetHints":{"allow":["GET"]}}],"collection":[{"href":"https:\/\/dekkbi.com\/index.php?rest_route=\/wp\/v2\/posts"}],"about":[{"href":"https:\/\/dekkbi.com\/index.php?rest_route=\/wp\/v2\/types\/post"}],"author":[{"embeddable":true,"href":"https:\/\/dekkbi.com\/index.php?rest_route=\/wp\/v2\/users\/1"}],"replies":[{"embeddable":true,"href":"https:\/\/dekkbi.com\/index.php?rest_route=%2Fwp%2Fv2%2Fcomments&post=49848"}],"version-history":[{"count":1,"href":"https:\/\/dekkbi.com\/index.php?rest_route=\/wp\/v2\/posts\/49848\/revisions"}],"predecessor-version":[{"id":49849,"href":"https:\/\/dekkbi.com\/index.php?rest_route=\/wp\/v2\/posts\/49848\/revisions\/49849"}],"wp:featuredmedia":[{"embeddable":true,"href":"https:\/\/dekkbi.com\/index.php?rest_route=\/wp\/v2\/media\/47115"}],"wp:attachment":[{"href":"https:\/\/dekkbi.com\/index.php?rest_route=%2Fwp%2Fv2%2Fmedia&parent=49848"}],"wp:term":[{"taxonomy":"category","embeddable":true,"href":"https:\/\/dekkbi.com\/index.php?rest_route=%2Fwp%2Fv2%2Fcategories&post=49848"},{"taxonomy":"post_tag","embeddable":true,"href":"https:\/\/dekkbi.com\/index.php?rest_route=%2Fwp%2Fv2%2Ftags&post=49848"}],"curies":[{"name":"wp","href":"https:\/\/api.w.org\/{rel}","templated":true}]}}