{"id":49845,"date":"2025-01-06T11:10:29","date_gmt":"2025-01-06T11:10:29","guid":{"rendered":"https:\/\/dekkbi.com\/?p=49845"},"modified":"2025-01-06T11:10:30","modified_gmt":"2025-01-06T11:10:30","slug":"transformation-systematique-du-senegal-ibrahima-nour-eddine-diagne-liste-les-principaux-defis","status":"publish","type":"post","link":"https:\/\/dekkbi.com\/?p=49845","title":{"rendered":"Transformation syst\u00e9matique du S\u00e9n\u00e9gal : Ibrahima Nour Eddine Diagne liste les principaux d\u00e9fis"},"content":{"rendered":"\n<p><strong>Selon Ibrahima Nour Eddine Diagne, la mise en \u0153uvre de la politique de \u00ab&nbsp;transformation syst\u00e9matique&nbsp;\u00bb du S\u00e9n\u00e9gal promise par le nouveau r\u00e9gime ne sera pas sans difficult\u00e9s. Invit\u00e9 de l\u2019\u00e9mission Objection de la radio Sud FM (priv\u00e9e) hier, dimanche 5 janvier, l\u2019Administrateur g\u00e9n\u00e9ral de GAINDE 2000 a indiqu\u00e9 que cette nouvelle vision de d\u00e9veloppement risque de faire face \u00e0 plusieurs d\u00e9fis qui attendent les nouvelles autorit\u00e9s et dont les deux principaux sont le temps et le consensus.<\/strong><\/p>\n\n\n\n<p>La mise en \u0153uvre de la politique de \u00ab&nbsp;transformation syst\u00e9matique&nbsp;\u00bb du S\u00e9n\u00e9gal promise par le nouveau r\u00e9gime ne sera pas sans difficult\u00e9s. L\u2019alerte est de l\u2019Administrateur g\u00e9n\u00e9ral de GAINDE 2000, Ibrahima Nour Eddine Diagne. Invit\u00e9 de l\u2019\u00e9mission Objection de la radio Sud FM (priv\u00e9e) hier, dimanche 5 janvier, Ibrahima Nour Eddine Diagne pr\u00e9vient que cette nouvelle vision de d\u00e9veloppement risque de faire face \u00e0 plusieurs d\u00e9fis dont les deux principaux sont le temps et le consensus. En effet, selon l\u2019invit\u00e9 de notre confr\u00e8re Baye Oumar Gueye, la transformation du S\u00e9n\u00e9gal est un exercice tr\u00e8s difficile qui demande de disposer du \u00ab&nbsp;syst\u00e8me et de la machine&nbsp;\u00bb. Sous ce rapport, Ibrahima Nour Eddine Diagne pr\u00e9conise un \u00ab&nbsp;consensus fort autour de notre mod\u00e8le d\u00e9mocratique&nbsp;\u00bb comme c\u2019est le cas dans certaines grandes d\u00e9mocraties comme les \u00c9tats-Unis pour, dit-il, \u00e9viter la reprise \u00e0 z\u00e9ro du processus de d\u00e9veloppement au lendemain de chaque alternance politique.<\/p>\n\n\n\n<p>\u00ab&nbsp;Le temps politique ne correspond pas au temps de transformation d\u2019une nation ou au temps de reconstruction d\u2019une nation. Nous devons essayer d\u2019avoir des consensus tr\u00e8s forts pour revoir notre mod\u00e8le d\u00e9mocratique parce que, si tous les cinq ans, on doit reconfigurer notre machine \u00e0 d\u00e9veloppement, on n\u2019y parviendra jamais&nbsp;\u00bb, a-t-il fait remarquer avant d\u2019insister. \u00ab&nbsp;Nous avons tous la volont\u00e9 de d\u00e9velopper ce pays et nous savons tous que nous ne pouvons pas le d\u00e9velopper en cinq ans.&nbsp;D\u2019ailleurs, le plan en cours est sur une vision cinquante. Mais, il nous faudrait m\u00eame, au-del\u00e0 de cette vision sur cinquante ans, pourquoi pas une vision sur cent ans ou sur deux cents ans parce que c\u2019est sur \u00e7a qu\u2019on construit lorsqu\u2019on a couch\u00e9 des strat\u00e9gies&nbsp;\u00bb. Ainsi pour lui, \u00ab&nbsp;le v\u00e9ritable d\u00e9fi, aujourd\u2019hui, est dans cette recherche de consensus&nbsp;\u00bb pour dit-il, \u00ab&nbsp;aller vers un pacte, qu\u2019il n\u2019y ait pas de divergence sur ce qu\u2019on veut construire, l\u00e0 o\u00f9 on veut aller et comment on doit y aller&nbsp;\u00bb.<\/p>\n\n\n\n<p>Par ailleurs, interpell\u00e9 sur le discours de fin d\u2019ann\u00e9e \u00e0 la nation du Pr\u00e9sident Diomaye Faye, l\u2019Administrateur g\u00e9n\u00e9ral de GAINDE 2000, entreprise sp\u00e9cialis\u00e9e dans les solutions de d\u00e9mat\u00e9rialisation, a jug\u00e9 cette premi\u00e8re adresse de fin d\u2019ann\u00e9e du chef de l\u2019Etat \u00ab&nbsp;responsable&nbsp;\u00bb. &nbsp;En effet, selon lui, \u00ab&nbsp;un acteur politique doit avoir un discours de nature \u00e0 rassurer mais aussi \u00e0 mettre une part de la responsabilit\u00e9, de l\u2019id\u00e9al, sur toutes les composantes de la nation.&nbsp;Il ne faut pas penser que ce ne sont que les \u00e9lites politiques qui doivent avoir les qualit\u00e9s requises, les populations sont \u00e9galement concern\u00e9es car le combat est un tout global&nbsp;\u00bb.<\/p>\n\n\n\n<p><strong>NANDO CABRAL GOMIS<\/strong><\/p>\n","protected":false},"excerpt":{"rendered":"<p>Selon Ibrahima Nour Eddine Diagne, la mise en \u0153uvre de la politique de \u00ab&nbsp;transformation syst\u00e9matique&nbsp;\u00bb du S\u00e9n\u00e9gal promise par le<\/p>\n","protected":false},"author":1,"featured_media":49846,"comment_status":"open","ping_status":"open","sticky":false,"template":"","format":"standard","meta":{"footnotes":""},"categories":[21],"tags":[],"class_list":["post-49845","post","type-post","status-publish","format-standard","has-post-thumbnail","hentry","category-societe"],"_links":{"self":[{"href":"https:\/\/dekkbi.com\/index.php?rest_route=\/wp\/v2\/posts\/49845","targetHints":{"allow":["GET"]}}],"collection":[{"href":"https:\/\/dekkbi.com\/index.php?rest_route=\/wp\/v2\/posts"}],"about":[{"href":"https:\/\/dekkbi.com\/index.php?rest_route=\/wp\/v2\/types\/post"}],"author":[{"embeddable":true,"href":"https:\/\/dekkbi.com\/index.php?rest_route=\/wp\/v2\/users\/1"}],"replies":[{"embeddable":true,"href":"https:\/\/dekkbi.com\/index.php?rest_route=%2Fwp%2Fv2%2Fcomments&post=49845"}],"version-history":[{"count":1,"href":"https:\/\/dekkbi.com\/index.php?rest_route=\/wp\/v2\/posts\/49845\/revisions"}],"predecessor-version":[{"id":49847,"href":"https:\/\/dekkbi.com\/index.php?rest_route=\/wp\/v2\/posts\/49845\/revisions\/49847"}],"wp:featuredmedia":[{"embeddable":true,"href":"https:\/\/dekkbi.com\/index.php?rest_route=\/wp\/v2\/media\/49846"}],"wp:attachment":[{"href":"https:\/\/dekkbi.com\/index.php?rest_route=%2Fwp%2Fv2%2Fmedia&parent=49845"}],"wp:term":[{"taxonomy":"category","embeddable":true,"href":"https:\/\/dekkbi.com\/index.php?rest_route=%2Fwp%2Fv2%2Fcategories&post=49845"},{"taxonomy":"post_tag","embeddable":true,"href":"https:\/\/dekkbi.com\/index.php?rest_route=%2Fwp%2Fv2%2Ftags&post=49845"}],"curies":[{"name":"wp","href":"https:\/\/api.w.org\/{rel}","templated":true}]}}