{"id":49842,"date":"2025-01-06T10:15:07","date_gmt":"2025-01-06T10:15:07","guid":{"rendered":"https:\/\/dekkbi.com\/?p=49842"},"modified":"2025-01-06T11:52:39","modified_gmt":"2025-01-06T11:52:39","slug":"college-des-delegues-de-lartp-abel-et-ses-collegues-se-deconnectent-le-9-janvier","status":"publish","type":"post","link":"https:\/\/dekkbi.com\/?p=49842","title":{"rendered":"Coll\u00e8ge des d\u00e9l\u00e9gu\u00e9s de l\u2019Artp: Abel et ses coll\u00e8gues se d\u00e9connectent le 9 janvier 2024"},"content":{"rendered":"\n<p>Au terme de leur mandat \u00abl\u00e9gal\u00bb, le Coll\u00e8ge de l\u2019Autorit\u00e9 de r\u00e9gulation des t\u00e9l\u00e9communications et des postes (Artp), dirig\u00e9 par Abou Abel Thiam, s\u2019en va\u2026 le 9 janvier prochain. \u00abNous, M. Abou Abel Thiam, pr\u00e9sident du Coll\u00e8ge de l\u2019Autorit\u00e9 de r\u00e9gulation des t\u00e9l\u00e9communications et des postes (Artp), et mes coll\u00e8gues Pr Modi Coumba Gadiaga, M. Amadou Ly, Mmes Ada Hagne Dia et Arame Ndoye Thiam, informons de l\u2019arriv\u00e9e \u00e0 terme, ce 9 janvier 2025, de nos mandats au Coll\u00e8ge de l\u2019Artp. En cette occurrence, nous rendons gr\u00e2ce \u00e0 Allah et r\u00e9it\u00e9rons nos pri\u00e8res pour le repos de l\u2019\u00e2me de feu Doudou Gu\u00e8ye, notre coll\u00e8gue arrach\u00e9 \u00e0 notre affection en cours de mandat\u00bb, annonce le coll\u00e8ge dans un communiqu\u00e9.<\/p>\n\n\n\n<p>Pour eux, c\u2019est la fin d\u2019une \u00e9poque. \u00abNous tenons \u00e0 saluer \u00e9galement la collaboration franche dans le respect des lois r\u00e9gissant l\u2019Autorit\u00e9 administrative ind\u00e9pendante (Aai) qu\u2019est l\u2019Artp, de l\u2019ensemble des directeurs g\u00e9n\u00e9raux successifs, les anciens et l\u2019actuel, tout le personnel de l\u2019Artp ; les directeurs successifs \u00e0 la t\u00eate des op\u00e9rateurs de t\u00e9l\u00e9phonie et leurs collaborateurs, de m\u00eame que tous les intervenants de l\u2019\u00e9cosyst\u00e8me des t\u00e9l\u00e9communications. Nous souhaitons plein succ\u00e8s \u00e0 nos successeurs et \u00e0 la cohorte de relai, pour la continuation de l\u2019\u0153uvre de r\u00e9gulation\u00bb, souligne dans un communiqu\u00e9 Abou Abel Thiam.<\/p>\n\n\n\n<p>SOURCE LEQUOTIDIEN<\/p>\n","protected":false},"excerpt":{"rendered":"<p>Au terme de leur mandat \u00abl\u00e9gal\u00bb, le Coll\u00e8ge de l\u2019Autorit\u00e9 de r\u00e9gulation des t\u00e9l\u00e9communications et des postes (Artp), dirig\u00e9 par<\/p>\n","protected":false},"author":1,"featured_media":49843,"comment_status":"open","ping_status":"open","sticky":false,"template":"","format":"standard","meta":{"footnotes":""},"categories":[3],"tags":[],"class_list":["post-49842","post","type-post","status-publish","format-standard","has-post-thumbnail","hentry","category-event-more-news"],"_links":{"self":[{"href":"https:\/\/dekkbi.com\/index.php?rest_route=\/wp\/v2\/posts\/49842","targetHints":{"allow":["GET"]}}],"collection":[{"href":"https:\/\/dekkbi.com\/index.php?rest_route=\/wp\/v2\/posts"}],"about":[{"href":"https:\/\/dekkbi.com\/index.php?rest_route=\/wp\/v2\/types\/post"}],"author":[{"embeddable":true,"href":"https:\/\/dekkbi.com\/index.php?rest_route=\/wp\/v2\/users\/1"}],"replies":[{"embeddable":true,"href":"https:\/\/dekkbi.com\/index.php?rest_route=%2Fwp%2Fv2%2Fcomments&post=49842"}],"version-history":[{"count":2,"href":"https:\/\/dekkbi.com\/index.php?rest_route=\/wp\/v2\/posts\/49842\/revisions"}],"predecessor-version":[{"id":49888,"href":"https:\/\/dekkbi.com\/index.php?rest_route=\/wp\/v2\/posts\/49842\/revisions\/49888"}],"wp:featuredmedia":[{"embeddable":true,"href":"https:\/\/dekkbi.com\/index.php?rest_route=\/wp\/v2\/media\/49843"}],"wp:attachment":[{"href":"https:\/\/dekkbi.com\/index.php?rest_route=%2Fwp%2Fv2%2Fmedia&parent=49842"}],"wp:term":[{"taxonomy":"category","embeddable":true,"href":"https:\/\/dekkbi.com\/index.php?rest_route=%2Fwp%2Fv2%2Fcategories&post=49842"},{"taxonomy":"post_tag","embeddable":true,"href":"https:\/\/dekkbi.com\/index.php?rest_route=%2Fwp%2Fv2%2Ftags&post=49842"}],"curies":[{"name":"wp","href":"https:\/\/api.w.org\/{rel}","templated":true}]}}