{"id":49839,"date":"2025-01-06T10:13:10","date_gmt":"2025-01-06T10:13:10","guid":{"rendered":"https:\/\/dekkbi.com\/?p=49839"},"modified":"2025-01-06T10:13:11","modified_gmt":"2025-01-06T10:13:11","slug":"bassirou-diomaye-faye-a-bambey-pour-presenter-ses-condoleances-au-ministre-de-la-microfinance","status":"publish","type":"post","link":"https:\/\/dekkbi.com\/?p=49839","title":{"rendered":"Bassirou Diomaye Faye \u00e0 Bambey pour pr\u00e9senter ses condol\u00e9ances au ministre de la Microfinance"},"content":{"rendered":"\n<p>Bambey, 5 jan (APS) \u2013 Le pr\u00e9sident de la R\u00e9publique Bassirou Diomaye Faye s\u2019est rendu dimanche, \u00e0 Bambey (centre) pour pr\u00e9senter ses condol\u00e9ances et celles de la nation au ministre de la Microfinance et de l\u2019Economie sociale et solidaire Alioune Dione, suite au d\u00e9c\u00e8s de son \u00e9pouse.<\/p>\n\n\n\n<p>Arriv\u00e9 peu avant 11 heures, le chef de l\u2019\u00c9tat a \u00e9t\u00e9 accueilli par le gouverneur de la r\u00e9gion de Diourbel, Ibrahima Fall, le pr\u00e9fet de Bambey, Mme Ndeye A\u00efssatou Tour\u00e9 Ba, les \u00e9lus locaux, les autorit\u00e9s militaires et paramilitaires de la r\u00e9gion et Serigne Mame Mor Mback\u00e9, petit-fils de Cheikh Ahmadou Bamba Mback\u00e9, le fondateur de la confr\u00e9rie mouride.<\/p>\n\n\n\n<p>Le pr\u00e9sident Faye \u00e9tait accompagn\u00e9 d\u2019une d\u00e9l\u00e9gation gouvernementale compos\u00e9e de son directeur de cabinet, Mary Teuw Niane, Cheikh Diba, ministre des Finances et du Budget, Moussa Bala Fofana, ministre de l\u2019Urbanisme, des Collectivit\u00e9s territoriales et l\u2019Am\u00e9nagement des territoires, Pape Mada Ndour, ministre chef de cabinet du pr\u00e9sident de la R\u00e9publique, Ousseynou Ly, ministre conseiller, porte-parole de la pr\u00e9sidence.<\/p>\n\n\n\n<p>Dans son discours, le chef de l\u2019\u00c9tat aye a compati \u00e0 la douleur d\u2019Alioune Dione avant de prier pour le repos \u00e9ternel de l\u2019\u00e2me de la d\u00e9funte.<\/p>\n\n\n\n<p>Mame Diarra Tine, \u00e9pouse du ministre de la Microfinance, de l\u2019Economie sociale et solidaire, d\u00e9c\u00e9d\u00e9e jeudi, \u00e0 Thi\u00e8s, des suites d\u2019une maladie a \u00e9t\u00e9 inhum\u00e9e le m\u00eame jour \u00e0 Touba.<\/p>\n","protected":false},"excerpt":{"rendered":"<p>Bambey, 5 jan (APS) \u2013 Le pr\u00e9sident de la R\u00e9publique Bassirou Diomaye Faye s\u2019est rendu dimanche, \u00e0 Bambey (centre) pour<\/p>\n","protected":false},"author":1,"featured_media":49840,"comment_status":"open","ping_status":"open","sticky":false,"template":"","format":"standard","meta":{"footnotes":""},"categories":[6],"tags":[],"class_list":["post-49839","post","type-post","status-publish","format-standard","has-post-thumbnail","hentry","category-politics"],"_links":{"self":[{"href":"https:\/\/dekkbi.com\/index.php?rest_route=\/wp\/v2\/posts\/49839","targetHints":{"allow":["GET"]}}],"collection":[{"href":"https:\/\/dekkbi.com\/index.php?rest_route=\/wp\/v2\/posts"}],"about":[{"href":"https:\/\/dekkbi.com\/index.php?rest_route=\/wp\/v2\/types\/post"}],"author":[{"embeddable":true,"href":"https:\/\/dekkbi.com\/index.php?rest_route=\/wp\/v2\/users\/1"}],"replies":[{"embeddable":true,"href":"https:\/\/dekkbi.com\/index.php?rest_route=%2Fwp%2Fv2%2Fcomments&post=49839"}],"version-history":[{"count":1,"href":"https:\/\/dekkbi.com\/index.php?rest_route=\/wp\/v2\/posts\/49839\/revisions"}],"predecessor-version":[{"id":49841,"href":"https:\/\/dekkbi.com\/index.php?rest_route=\/wp\/v2\/posts\/49839\/revisions\/49841"}],"wp:featuredmedia":[{"embeddable":true,"href":"https:\/\/dekkbi.com\/index.php?rest_route=\/wp\/v2\/media\/49840"}],"wp:attachment":[{"href":"https:\/\/dekkbi.com\/index.php?rest_route=%2Fwp%2Fv2%2Fmedia&parent=49839"}],"wp:term":[{"taxonomy":"category","embeddable":true,"href":"https:\/\/dekkbi.com\/index.php?rest_route=%2Fwp%2Fv2%2Fcategories&post=49839"},{"taxonomy":"post_tag","embeddable":true,"href":"https:\/\/dekkbi.com\/index.php?rest_route=%2Fwp%2Fv2%2Ftags&post=49839"}],"curies":[{"name":"wp","href":"https:\/\/api.w.org\/{rel}","templated":true}]}}