{"id":4983,"date":"2022-12-20T11:52:17","date_gmt":"2022-12-20T11:52:17","guid":{"rendered":"https:\/\/dekkbi.com\/?p=4983"},"modified":"2022-12-20T11:54:22","modified_gmt":"2022-12-20T11:54:22","slug":"lutte-contre-vih-paludisme-tuberculose-letat-lance-le-continius-pv","status":"publish","type":"post","link":"https:\/\/dekkbi.com\/?p=4983","title":{"rendered":"LUTTE CONTRE VIH, PALUDISME, TUBERCULOSE"},"content":{"rendered":"\n<p>Le projet d\u00e9nomm\u00e9 \u2018\u2019Continius-PV\u2019\u2019 a pour ambition de toucher 2\u00a0600 personnes dont 1\u00a0600 femmes et 200 enfants au moins,\u00a0pour une dur\u00e9e de cinq ans. Il a fait l\u2019objet d\u2019un CRD. Il compte contribuer \u00e0 renforcer la prise en charge des maladies du paludisme, de la tuberculose et du VIH. Il va intervenir dans les r\u00e9gions de Kaolack, Kolda, S\u00e9dhiou et Ziguinchor. Le lancement a eu lieu, hier, \u00e0 Kolda.<\/p>\n\n\n\n<p>\u2018\u2019Assurer un continuum de soins aux populations vuln\u00e9rables, notamment les femmes, par une offre de services de sant\u00e9 dans un contexte de Covid et post-Covid\u2019\u2019, voil\u00e0 l\u2019objectif fix\u00e9 par ce nouveau projet. Il a \u00e9t\u00e9 pr\u00e9sent\u00e9 aux autorit\u00e9s territoriales de la r\u00e9gion de Kolda. \u2018\u2019La pertinentes de ce projet r\u00e9side dans le fait que ses activit\u00e9s s\u2019organisent&nbsp;autour des unit\u00e9s mobiles int\u00e9gr\u00e9es qui permettront d\u2019offrir des soins de qualit\u00e9 aux populations cibl\u00e9es, surtout celles qui sont difficiles d\u2019acc\u00e8s ou qui, pour des raisons parfois inavou\u00e9es, refusent d\u2019aller se faire prendre en charge\u2018\u2019, explique le docteur Karim Diop, Secr\u00e9taire g\u00e9n\u00e9ral du Centre r\u00e9gional de recherche et de formation de Fann.<\/p>\n\n\n\n<p>Les autorit\u00e9s sanitaires de Kolda se r\u00e9jouissent du choix port\u00e9 sur les r\u00e9gions de Kaolack, Kolda, S\u00e9dhiou et Ziguinchor pour d\u00e9rouler ce projet. \u2018\u2019Elles ont la particularit\u00e9 d\u2019\u00eatre des r\u00e9gions transfrontali\u00e8res. Un contexte de transfrontalit\u00e9 qui favorise parfois le ph\u00e9nom\u00e8ne des malades perdus de vue qui ont souvent des difficult\u00e9s pour revenir aux soins\u2019\u2019, indique le docteur Yaya Bald\u00e9, M\u00e9decin-Chef de r\u00e9gion.<\/p>\n\n\n\n<p>Ce projet Continius-PV, avec ses unit\u00e9s mobiles, veut aider \u00e0 inverser la tendance et \u00e0 am\u00e9liorer les indicateurs en mati\u00e8re de sant\u00e9 dans les zones cibl\u00e9es.&nbsp;<\/p>\n\n\n\n<p><strong><em>NFALY MANSALY<\/em><\/strong>  &#8211; ENQUETESPLUS<\/p>\n","protected":false},"excerpt":{"rendered":"<p>Le projet d\u00e9nomm\u00e9 \u2018\u2019Continius-PV\u2019\u2019 a pour ambition de toucher 2\u00a0600 personnes dont 1\u00a0600 femmes et 200 enfants au moins,\u00a0pour une<\/p>\n","protected":false},"author":1,"featured_media":4984,"comment_status":"open","ping_status":"open","sticky":false,"template":"","format":"standard","meta":{"footnotes":""},"categories":[21],"tags":[],"class_list":["post-4983","post","type-post","status-publish","format-standard","has-post-thumbnail","hentry","category-societe"],"_links":{"self":[{"href":"https:\/\/dekkbi.com\/index.php?rest_route=\/wp\/v2\/posts\/4983","targetHints":{"allow":["GET"]}}],"collection":[{"href":"https:\/\/dekkbi.com\/index.php?rest_route=\/wp\/v2\/posts"}],"about":[{"href":"https:\/\/dekkbi.com\/index.php?rest_route=\/wp\/v2\/types\/post"}],"author":[{"embeddable":true,"href":"https:\/\/dekkbi.com\/index.php?rest_route=\/wp\/v2\/users\/1"}],"replies":[{"embeddable":true,"href":"https:\/\/dekkbi.com\/index.php?rest_route=%2Fwp%2Fv2%2Fcomments&post=4983"}],"version-history":[{"count":2,"href":"https:\/\/dekkbi.com\/index.php?rest_route=\/wp\/v2\/posts\/4983\/revisions"}],"predecessor-version":[{"id":4987,"href":"https:\/\/dekkbi.com\/index.php?rest_route=\/wp\/v2\/posts\/4983\/revisions\/4987"}],"wp:featuredmedia":[{"embeddable":true,"href":"https:\/\/dekkbi.com\/index.php?rest_route=\/wp\/v2\/media\/4984"}],"wp:attachment":[{"href":"https:\/\/dekkbi.com\/index.php?rest_route=%2Fwp%2Fv2%2Fmedia&parent=4983"}],"wp:term":[{"taxonomy":"category","embeddable":true,"href":"https:\/\/dekkbi.com\/index.php?rest_route=%2Fwp%2Fv2%2Fcategories&post=4983"},{"taxonomy":"post_tag","embeddable":true,"href":"https:\/\/dekkbi.com\/index.php?rest_route=%2Fwp%2Fv2%2Ftags&post=4983"}],"curies":[{"name":"wp","href":"https:\/\/api.w.org\/{rel}","templated":true}]}}