{"id":49799,"date":"2025-01-03T10:22:31","date_gmt":"2025-01-03T10:22:31","guid":{"rendered":"https:\/\/dekkbi.com\/?p=49799"},"modified":"2025-01-03T10:22:31","modified_gmt":"2025-01-03T10:22:31","slug":"sejour-de-teddy-riner-au-senegal-des-projets-avec-le-cojoj-dakar-2026-et-la-federation-de-senegalaise-de-judo","status":"publish","type":"post","link":"https:\/\/dekkbi.com\/?p=49799","title":{"rendered":"S\u00e9jour de Teddy Riner au S\u00e9n\u00e9gal : Des projets avec le COJOJ Dakar 2026 et la f\u00e9d\u00e9ration de s\u00e9n\u00e9galaise de judo"},"content":{"rendered":"\n<h3 class=\"wp-block-heading\">Il incarne \u00e0 coup s\u00fbr les valeurs de l\u2019olympisme sur toutes les aires de comp\u00e9tition de la plan\u00e8te. C\u2019est pourquoi sa visite au S\u00e9n\u00e9gal le week-end dernier a constitu\u00e9 un temps fort des activit\u00e9s du Comit\u00e9 d\u2019Organisation des Jeux Olympiques de la Jeunesse Dakar 2026 (COJOJ), mais aussi de la f\u00e9d\u00e9ration s\u00e9n\u00e9galaise de judo dont il est un des siens de par son statut de judoka.<\/h3>\n\n\n\n<p>Le triple champion olympique de judo et ses 11 titres de champion du monde, le fran\u00e7ais Teddy Riner, a fait l\u2019honneur au COJOJ Dakar 2026 dont il \u00e9tait l\u2019invit\u00e9 dimanche dernier dans les locaux d\u2019Eden Rock, si\u00e8ge.<\/p>\n\n\n\n<p>Pour la circonstance c\u2019est presque un tapis rouge qui a \u00e9t\u00e9 \u00e9tal\u00e9 \u00e0 la star plan\u00e9taire du judo comme pour magnifier ses performances au niveau mondial et olympique sur tous les tapis du monde. Le colosse fran\u00e7ais, digne successeur d\u2019un autre grand champion David Douillet, a \u00e9t\u00e9 re\u00e7u par le pr\u00e9sident du COJOJ Dakar 2026, Mamadou Diagna Ndiaye qui \u00e9tait entour\u00e9 de son staff dont Ibrahima Wade coordonnateur g\u00e9n\u00e9ral, Balla Di\u00e8ye directeur des sports et Abdoulaye Kanout\u00e9 directeur de la communication.<\/p>\n\n\n\n<p>Le temps d\u2019une rencontre, cette l\u00e9gende sportive mondiale et sacr\u00e9 monstre du judo a voulu partager son exp\u00e9rience et s\u2019impr\u00e9gner de ce qui se fait de mieux dans la pratique du judo au S\u00e9n\u00e9gal. En tout cas le pr\u00e9sident Mamadou Diagna Ndiaye \u00e9tait tout r\u00e9joui d\u2019accueillir un tel champion.<\/p>\n\n\n\n<p>\u00ab Nous sommes heureux de recevoir quelqu\u2019un qui porte le drapeau olympique au plus haut niveau. On aimerait que vous soyez \u00e0 nos c\u00f4t\u00e9s, pas uniquement pour votre sport mais pour tous les jeunes. Ici, c\u2019est votre maison, votre bureau, votre famille. En tout cas, sachez que j\u2019ai \u00e9norm\u00e9ment d\u2019admiration pour ce que vous faites \u00bb s\u2019est ainsi exprim\u00e9 Mamadou Diagne Ndiaye.<\/p>\n\n\n\n<p>Ce plaisir \u00e9tait partag\u00e9 puisque le triple m\u00e9daill\u00e9 d\u2019or olympique a beaucoup discut\u00e9, du d\u00e9veloppement et de la pratique du judo au S\u00e9n\u00e9gal, avec le patron de l\u2019olympisme s\u00e9n\u00e9galais.<\/p>\n\n\n\n<p>\u00ab C\u2019est toujours un plaisir de servir le sport du fait de mes origines et de mon statut. Je sais que les Jeux Olympiques de la Jeunesse sont un grand \u00e9v\u00e9nement. C\u2019est un rendez-vous olympique comme les Jo et c\u2019est un \u00e9v\u00e9nement pour lequel chacun doit y mettre du sien \u00bb, a soulign\u00e9 pour sa part Teddy Riner.<\/p>\n\n\n\n<p>Cette rencontre qui s\u2019est d\u00e9roul\u00e9e en pr\u00e9sence aussi de Me Ababacar Ngom pr\u00e9sident de la f\u00e9d\u00e9ration s\u00e9n\u00e9galaise de judo, a \u00e9t\u00e9 l\u2019occasion pour ce dernier d\u2019\u00e9changer longuement avec l\u2019h\u00f4te fran\u00e7ais sur les pistes de r\u00e9flexion portant sur le d\u00e9veloppement de la discipline au S\u00e9n\u00e9gal.<\/p>\n\n\n\n<p>Ainsi, trois grands projets f\u00e9d\u00e9raux ont \u00e9t\u00e9 expos\u00e9s au champion olympique et qui tournent autour de l\u2019ouverture d&rsquo;un centre africain de judo \u00e0 Diamniadio, la consolidation du programme judo \u00e0 l&rsquo;\u00e9cole via l&rsquo;Acad\u00e9mie Nationale de Judo du Lyc\u00e9e Lamine Gu\u00e9ye et la cr\u00e9ation d&rsquo;un dojo int\u00e9gr\u00e9 dans une ferme agricole pour soutenir la paix en Casamance (Judo pour la Paix).<\/p>\n\n\n\n<p>Un programme pour lequel Teddy Riner a adh\u00e9r\u00e9 et a exprim\u00e9 son soutien enthousiaste, tout en s\u2019engageant \u00e0 soutenir la F\u00e9d\u00e9ration dans la mise en \u0153uvre de ces initiatives<\/p>\n\n\n\n<p>SOURCE LERAL<\/p>\n","protected":false},"excerpt":{"rendered":"<p>Il incarne \u00e0 coup s\u00fbr les valeurs de l\u2019olympisme sur toutes les aires de comp\u00e9tition de la plan\u00e8te. C\u2019est pourquoi<\/p>\n","protected":false},"author":1,"featured_media":49800,"comment_status":"open","ping_status":"open","sticky":false,"template":"","format":"standard","meta":{"footnotes":""},"categories":[9],"tags":[],"class_list":["post-49799","post","type-post","status-publish","format-standard","has-post-thumbnail","hentry","category-sports"],"_links":{"self":[{"href":"https:\/\/dekkbi.com\/index.php?rest_route=\/wp\/v2\/posts\/49799","targetHints":{"allow":["GET"]}}],"collection":[{"href":"https:\/\/dekkbi.com\/index.php?rest_route=\/wp\/v2\/posts"}],"about":[{"href":"https:\/\/dekkbi.com\/index.php?rest_route=\/wp\/v2\/types\/post"}],"author":[{"embeddable":true,"href":"https:\/\/dekkbi.com\/index.php?rest_route=\/wp\/v2\/users\/1"}],"replies":[{"embeddable":true,"href":"https:\/\/dekkbi.com\/index.php?rest_route=%2Fwp%2Fv2%2Fcomments&post=49799"}],"version-history":[{"count":1,"href":"https:\/\/dekkbi.com\/index.php?rest_route=\/wp\/v2\/posts\/49799\/revisions"}],"predecessor-version":[{"id":49801,"href":"https:\/\/dekkbi.com\/index.php?rest_route=\/wp\/v2\/posts\/49799\/revisions\/49801"}],"wp:featuredmedia":[{"embeddable":true,"href":"https:\/\/dekkbi.com\/index.php?rest_route=\/wp\/v2\/media\/49800"}],"wp:attachment":[{"href":"https:\/\/dekkbi.com\/index.php?rest_route=%2Fwp%2Fv2%2Fmedia&parent=49799"}],"wp:term":[{"taxonomy":"category","embeddable":true,"href":"https:\/\/dekkbi.com\/index.php?rest_route=%2Fwp%2Fv2%2Fcategories&post=49799"},{"taxonomy":"post_tag","embeddable":true,"href":"https:\/\/dekkbi.com\/index.php?rest_route=%2Fwp%2Fv2%2Ftags&post=49799"}],"curies":[{"name":"wp","href":"https:\/\/api.w.org\/{rel}","templated":true}]}}