{"id":49789,"date":"2025-01-03T10:05:47","date_gmt":"2025-01-03T10:05:47","guid":{"rendered":"https:\/\/dekkbi.com\/?p=49789"},"modified":"2025-01-03T10:18:08","modified_gmt":"2025-01-03T10:18:08","slug":"recrudescence-des-feux-de-brousse-222-cas-dans-les-regions-de-tamba-matam-et-louga-annonce-le-directeur-des-eaux-et-forets","status":"publish","type":"post","link":"https:\/\/dekkbi.com\/?p=49789","title":{"rendered":"Recrudescence des feux de brousse : \u00ab 222 cas dans les r\u00e9gions de Tamba, Matam et Louga \u00bb, annonce le Directeur des eaux et for\u00eats"},"content":{"rendered":"\n<h3 class=\"wp-block-heading\">Pas moins de 222 cas de feu de brousse ont \u00e9t\u00e9 recens\u00e9s par le service des Eaux et for\u00eats. D\u2019apr\u00e8s Colonel Major Babacar Dionne : \u00ab Actuellement nous sommes dans les p\u00e9riodes des feux de brousse qui causent beaucoup de dommages aussi bien pour les communaut\u00e9s que les ressources foresti\u00e8res. Actuellement, nous sommes presque \u00e0 222 cas qui ont br\u00fbl\u00e9 plus de 12 mille hectares dans les r\u00e9gions de Tambacounda (49 cas), Matam (45 cas), Louga (25 cas) \u00bb. S Tribune<\/h3>\n\n\n\n<p>Il en a fait l\u2019alerte au cours d\u2019un entretien. Toutefois, il a tenu \u00e0 signaler que \u00ab lorsqu\u2019un feu est d\u00e9clar\u00e9 les services sont avis\u00e9s et ils interviennent pour l\u2019\u00e9teindre \u00bb. Abordant la question li\u00e9e au trafic de bois, il signale que les mesures prises par les autorit\u00e9s ont produit des r\u00e9sultats parce qu\u2019il y a de moins en moins de trafic de bois.<\/p>\n\n\n\n<p>\u00ab La coupe de bois a connu ces derni\u00e8res ann\u00e9es une recrudescence du fait du trafic du bois vers d\u2019autres pays. Ce qui faisait qu\u2019on avait beaucoup de difficult\u00e9s mais les autorit\u00e9s avaient pris des mesures pour interdire la coupe de bois en Casamance dans les trois r\u00e9gions administratives. Les autorit\u00e9s avaient \u00e9galement demand\u00e9 aux forces de d\u00e9fense et de s\u00e9curit\u00e9 d\u2019appuyer le service des eaux et for\u00eats \u00e0 mieux lutter contre ce trafic de bois. Beaucoup de gens ont \u00e9t\u00e9 condamn\u00e9s dans la r\u00e9gion sud du pays pour dissuader les gens sur le trafic de bois. On ne peut pas \u00e9radiquer compl\u00e8tement le vol mais il y a toujours des gens mal intentionn\u00e9s qui s\u2019adonnent \u00e0 cela parce qu\u2019ils vivent de \u00e7a mais le trafic a beaucoup baiss\u00e9. Parce que d\u2019une part le bois de vene qui \u00e9tait tr\u00e8s pris\u00e9 se rar\u00e9fie \u00bb, fait &#8211; il savoir.<\/p>\n\n\n\n<p>De l\u2019autre c\u00f4t\u00e9, pr\u00e9cise t &#8211; il, \u00ab nous avons la collaboration avec des pays voisins et le renforcement de la surveillance et la collaboration avec les autres forces de d\u00e9fense et de s\u00e9curit\u00e9. Il y a une forte pression qui est exerc\u00e9e sur les auteurs. C\u2019est pourquoi on constate de moins en moins des trafiquants de bois. Le rythme a beaucoup baiss\u00e9 et nous maintenons la pression. On a beaucoup de saisies et de confiscations \u00bb.<\/p>\n\n\n\n<p>Selon lui, \u00ab Il faut un changement de comportement. Les arbres que nous plantons servent \u00e0 toute la communaut\u00e9 parce que tout le monde conna\u00eet l\u2019utilit\u00e9 de l\u2019arbre. Il faut qu\u2019on change de mentalit\u00e9. C\u2019est important de planter mais le plus important c\u2019est de l\u2019entretenir. Il faut que les gens aient des comportements citoyens responsables. Cela fait partie des principes de d\u00e9veloppement durable. Cela va nous permettre de restaurer notre couvert v\u00e9g\u00e9tal et \u00e0 l\u2019am\u00e9liorer \u00bb.<\/p>\n\n\n\n<p>S\u2019agissant du cas de la capitale s\u00e9n\u00e9galaise, il explique, \u00ab Avant on parlait de Cap vert mais maintenant la verdure a beaucoup baiss\u00e9 \u00e0 Dakar. On a coup\u00e9 les arbres pour construire des infrastructures mais on n\u2019a pas pris le soin de remettre une certaine v\u00e9g\u00e9tation pour essayer d\u2019att\u00e9nuer les effets \u00bb.<\/p>\n\n\n\n<p>\u00ab S\u2019il n\u2019y a rien pour capter les rayons solaires ou s\u00e9questrer cette pollution, c\u2019est nous qui allons les s\u00e9questrer et respirer cette pollution. Quand l\u2019environnement est sain, nous avons un corps sain et un esprit sain \u00bb, pr\u00e9cise le Colonel Major Dionne.<\/p>\n\n\n\n<p>SOURCE LERAL<\/p>\n","protected":false},"excerpt":{"rendered":"<p>Pas moins de 222 cas de feu de brousse ont \u00e9t\u00e9 recens\u00e9s par le service des Eaux et for\u00eats. D\u2019apr\u00e8s<\/p>\n","protected":false},"author":1,"featured_media":49798,"comment_status":"open","ping_status":"open","sticky":false,"template":"","format":"standard","meta":{"footnotes":""},"categories":[26],"tags":[],"class_list":["post-49789","post","type-post","status-publish","format-standard","has-post-thumbnail","hentry","category-fait-divers"],"_links":{"self":[{"href":"https:\/\/dekkbi.com\/index.php?rest_route=\/wp\/v2\/posts\/49789","targetHints":{"allow":["GET"]}}],"collection":[{"href":"https:\/\/dekkbi.com\/index.php?rest_route=\/wp\/v2\/posts"}],"about":[{"href":"https:\/\/dekkbi.com\/index.php?rest_route=\/wp\/v2\/types\/post"}],"author":[{"embeddable":true,"href":"https:\/\/dekkbi.com\/index.php?rest_route=\/wp\/v2\/users\/1"}],"replies":[{"embeddable":true,"href":"https:\/\/dekkbi.com\/index.php?rest_route=%2Fwp%2Fv2%2Fcomments&post=49789"}],"version-history":[{"count":1,"href":"https:\/\/dekkbi.com\/index.php?rest_route=\/wp\/v2\/posts\/49789\/revisions"}],"predecessor-version":[{"id":49791,"href":"https:\/\/dekkbi.com\/index.php?rest_route=\/wp\/v2\/posts\/49789\/revisions\/49791"}],"wp:featuredmedia":[{"embeddable":true,"href":"https:\/\/dekkbi.com\/index.php?rest_route=\/wp\/v2\/media\/49798"}],"wp:attachment":[{"href":"https:\/\/dekkbi.com\/index.php?rest_route=%2Fwp%2Fv2%2Fmedia&parent=49789"}],"wp:term":[{"taxonomy":"category","embeddable":true,"href":"https:\/\/dekkbi.com\/index.php?rest_route=%2Fwp%2Fv2%2Fcategories&post=49789"},{"taxonomy":"post_tag","embeddable":true,"href":"https:\/\/dekkbi.com\/index.php?rest_route=%2Fwp%2Fv2%2Ftags&post=49789"}],"curies":[{"name":"wp","href":"https:\/\/api.w.org\/{rel}","templated":true}]}}