{"id":49783,"date":"2025-01-03T09:53:53","date_gmt":"2025-01-03T09:53:53","guid":{"rendered":"https:\/\/dekkbi.com\/?p=49783"},"modified":"2025-01-03T09:53:54","modified_gmt":"2025-01-03T09:53:54","slug":"cosydep-les-reformes-du-systeme-educatif-devraient-adresser-les-curricula-le-pilotage-et-la-gouvernance","status":"publish","type":"post","link":"https:\/\/dekkbi.com\/?p=49783","title":{"rendered":"COSYDEP &#8211; Les r\u00e9formes du syst\u00e8me \u00e9ducatif devraient \u00ab adresser \u00bb les curricula, le pilotage et la gouvernance"},"content":{"rendered":"\n<p>(<strong>APS) \u2013 Les r\u00e9formes annonc\u00e9es par le Premier ministre, Ousmane Sonko, dans sa D\u00e9claration de politique g\u00e9n\u00e9rale, devraient \u00ab&nbsp;adresser&nbsp;\u00bb les curricula, le pilotage et la gouvernance du secteur dans une approche holistique, articul\u00e9e et d\u00e9cloisonn\u00e9e, affirme le directeur ex\u00e9cutif de la Coalition des organisations en synergie pour la d\u00e9fense de l\u2019\u00e9ducation publique (Cosydep).<\/strong><\/p>\n\n\n\n<p>\u00ab&nbsp;Il est \u00e9vident qu\u2019une telle op\u00e9ration demande des moyens et du temps pour se r\u00e9aliser. Avec une ferme volont\u00e9 politique et la collaboration de tous les acteurs, on peut r\u00e9ussir ces r\u00e9formes&nbsp;\u00bb, a-t-il fait valoir dans une d\u00e9claration accord\u00e9e \u00e0 l\u2019APS.<\/p>\n\n\n\n<p>Pour toute r\u00e9forme, d\u00e9clare Cheikh Mbow, la Cosydep insiste sur \u00ab&nbsp;la concertation comme principe directeur&nbsp;\u00bb.<\/p>\n\n\n\n<p>\u00ab&nbsp;Autrement dit, il s\u2019agira de privil\u00e9gier une approche holistique et prospective, qui permet de mieux prioriser les actions, mieux cibler les d\u00e9fis \u00e0 relever et bien planifier leur prise en charge, tout en veillant davantage aux \u00e9quilibres, aux interactions et aux interrelations n\u00e9cessaires dans le traitement des probl\u00e9matiques \u00e0 adresser&nbsp;\u00bb, a-t-il pr\u00e9cis\u00e9.<\/p>\n\n\n\n<p>Dans sa d\u00e9claration de politique g\u00e9n\u00e9rale, le Premier ministre a annonc\u00e9 des r\u00e9formes du syst\u00e8me \u00e9ducatif. Ousmane Sonko souligne que &nbsp;\u00bble gouvernement va b\u00e2tir un syst\u00e8me qui offrira \u00e0 tout S\u00e9n\u00e9galais, quelle que soit sa situation sociale, les comp\u00e9tences g\u00e9n\u00e9rales et sp\u00e9cifiques lui permettant d\u2019apporter sa contribution au d\u00e9veloppement de son pays&nbsp;\u00bb.<\/p>\n\n\n\n<p>Il a entre autres promis la r\u00e9sorption des abris provisoires, la promotion du multilinguisme, une obligation scolaire de 10 ans, la r\u00e9duction de la d\u00e9perdition scolaire \u00e0 10%, le recrutement d\u2019enseignants et l\u2019int\u00e9gration des &nbsp;\u00bbdaaras&nbsp;\u00bb (\u00e9coles corniques) dans le syst\u00e8me \u00e9ducatif.<\/p>\n\n\n\n<p>Le pr\u00e9sident de la R\u00e9publique, dans son adresse \u00e0 la Nation \u00e0 la veille du Nouvel An, a annonc\u00e9 la tenue d\u2019Assises nationales sur les daaras et des concertations sur l\u2019enseignement sup\u00e9rieur.<\/p>\n\n\n\n<p>Cheikh Mbow soutient que \u00ab&nbsp;l\u2019av\u00e8nement du nouveau r\u00e9gime politique a suscit\u00e9 de l\u2019espoir chez des millions de S\u00e9n\u00e9galais, dans tous les secteurs, y compris celui de l\u2019\u00e9ducation&nbsp;\u00bb.<\/p>\n\n\n\n<p>Selon lui, \u00ab&nbsp;le nouveau r\u00e9f\u00e9rentiel [des politiques publiques] met l\u2019accent sur le capital humain. Une option pertinente et urgente si l\u2019on se fie aux r\u00e9sultats du dernier recensement de l\u2019ANSD [Agence nationale de la statistique et de la d\u00e9mographie]&nbsp;\u00bb.<\/p>\n\n\n\n<p>Ce recensement \u00ab&nbsp;confirme la jeunesse du pays avec 75% de la population ayant moins de 35 ans&nbsp;\u00bb, a-t-il rappel\u00e9. Il estime que \u00ab&nbsp;cette r\u00e9alit\u00e9 exige d\u2019investir plus et mieux dans l\u2019\u00e9ducation, la formation, l\u2019insertion et l\u2019emploi&nbsp;\u00bb.<\/p>\n\n\n\n<p>\u00ab&nbsp;Il urge d\u2019engager le chantier de la transformation qualitative du syst\u00e8me \u00e9ducatif, qui n\u00e9cessite \u00e0 la fois une claire vision, des ressources cons\u00e9quentes et une m\u00e9thodologie scientifique participative&nbsp;\u00bb, a-t-il poursuivi.<\/p>\n\n\n\n<p>Selon Cheikh Mbow, l\u2019ann\u00e9e 2025 devrait \u00ab&nbsp;consolider un partenariat intra et intersectoriel fort&nbsp;\u00bb.<\/p>\n\n\n\n<p>\u00ab&nbsp;Le secteur devrait s\u2019appuyer sur les opportunit\u00e9s technologiques, anticiper les crises et menaces multiformes, exploiter les contributions de la soci\u00e9t\u00e9 civile, tenir compte des attentes des jeunes pour construire un plan de d\u00e9veloppement de l\u2019\u00e9ducation et de la formation pertinent et inclusif&nbsp;\u00bb, a-t-il ajout\u00e9.<\/p>\n\n\n\n<p>\u00c0 partir de larges consultations citoyennes, d\u00e9clare-t-il, la COSYDEP s\u2019engage \u00e0 apporter sa contribution. Il plaide en m\u00eame temps pour \u00ab&nbsp;une refondation du syst\u00e8me qui implique la red\u00e9finition des finalit\u00e9s, des pratiques et des strat\u00e9gies&nbsp;\u00bb.<\/p>\n\n\n\n<p>La coalition reste convaincue de la n\u00e9cessit\u00e9 de construire un plan d\u2019\u00e9ducation et de formation consensuel qui traverse les r\u00e9gimes politiques.<\/p>\n\n\n\n<p>Dans son entretien avec l\u2019APS, Cheikh Mbow a \u00e9galement \u00e9voqu\u00e9 la r\u00e9forme du syst\u00e8me d\u2019\u00e9valuation et de guidance scolaire, les modes de financement ainsi que leurs orientations, le dispositif de formation des enseignants, le repositionnement de toutes les offres \u00e9ducatives.<\/p>\n","protected":false},"excerpt":{"rendered":"<p>(APS) \u2013 Les r\u00e9formes annonc\u00e9es par le Premier ministre, Ousmane Sonko, dans sa D\u00e9claration de politique g\u00e9n\u00e9rale, devraient \u00ab&nbsp;adresser&nbsp;\u00bb les<\/p>\n","protected":false},"author":1,"featured_media":49784,"comment_status":"open","ping_status":"open","sticky":false,"template":"","format":"standard","meta":{"footnotes":""},"categories":[21],"tags":[],"class_list":["post-49783","post","type-post","status-publish","format-standard","has-post-thumbnail","hentry","category-societe"],"_links":{"self":[{"href":"https:\/\/dekkbi.com\/index.php?rest_route=\/wp\/v2\/posts\/49783","targetHints":{"allow":["GET"]}}],"collection":[{"href":"https:\/\/dekkbi.com\/index.php?rest_route=\/wp\/v2\/posts"}],"about":[{"href":"https:\/\/dekkbi.com\/index.php?rest_route=\/wp\/v2\/types\/post"}],"author":[{"embeddable":true,"href":"https:\/\/dekkbi.com\/index.php?rest_route=\/wp\/v2\/users\/1"}],"replies":[{"embeddable":true,"href":"https:\/\/dekkbi.com\/index.php?rest_route=%2Fwp%2Fv2%2Fcomments&post=49783"}],"version-history":[{"count":1,"href":"https:\/\/dekkbi.com\/index.php?rest_route=\/wp\/v2\/posts\/49783\/revisions"}],"predecessor-version":[{"id":49785,"href":"https:\/\/dekkbi.com\/index.php?rest_route=\/wp\/v2\/posts\/49783\/revisions\/49785"}],"wp:featuredmedia":[{"embeddable":true,"href":"https:\/\/dekkbi.com\/index.php?rest_route=\/wp\/v2\/media\/49784"}],"wp:attachment":[{"href":"https:\/\/dekkbi.com\/index.php?rest_route=%2Fwp%2Fv2%2Fmedia&parent=49783"}],"wp:term":[{"taxonomy":"category","embeddable":true,"href":"https:\/\/dekkbi.com\/index.php?rest_route=%2Fwp%2Fv2%2Fcategories&post=49783"},{"taxonomy":"post_tag","embeddable":true,"href":"https:\/\/dekkbi.com\/index.php?rest_route=%2Fwp%2Fv2%2Ftags&post=49783"}],"curies":[{"name":"wp","href":"https:\/\/api.w.org\/{rel}","templated":true}]}}