{"id":49751,"date":"2025-01-03T09:06:04","date_gmt":"2025-01-03T09:06:04","guid":{"rendered":"https:\/\/dekkbi.com\/?p=49751"},"modified":"2025-01-03T09:06:05","modified_gmt":"2025-01-03T09:06:05","slug":"ziguinchor-les-etudiants-de-luasz-mettent-fin-a-leur-greve","status":"publish","type":"post","link":"https:\/\/dekkbi.com\/?p=49751","title":{"rendered":"Ziguinchor : les \u00e9tudiants de l\u2019UASZ mettent fin \u00e0 leur gr\u00e8ve"},"content":{"rendered":"\n<p>Ziguinchor, (APS) \u2013 La Coordination des \u00e9tudiants de l\u2019Universit\u00e9 Assane Seck de Ziguinchor (CE-UASZ, sud), a annonc\u00e9, jeudi, la suspension de son mot d\u2019ordre de gr\u00e8ve illimit\u00e9e d\u00e9cr\u00e9t\u00e9 le 22 novembre dernier pour r\u00e9clamer l\u2019ach\u00e8vement de la construction de b\u00e2timents p\u00e9dagogiques et la r\u00e9ception d\u2019\u00e9quipements sociaux.<\/p>\n\n\n\n<p>Depuis le 22 novembre, la CE-UASZ observait une gr\u00e8ve pour r\u00e9clamer l\u2019ach\u00e8vement des chantiers de douze amphith\u00e9\u00e2tres engag\u00e9s depuis 2015, la r\u00e9ception d\u2019un pavillon de 1000 lits et d\u2019un restaurant \u00ab&nbsp;digne de ce nom&nbsp;\u00bb.<\/p>\n\n\n\n<p>\u00ab&nbsp;La Coordination des \u00e9tudiants de l\u2019universit\u00e9 Assane Seck de Ziguinchor appelle tous les \u00e9tudiants \u00e0 rejoindre les amphith\u00e9\u00e2tres, le lundi 6 janvier 2025. Dans un esprit de responsabilit\u00e9, nous annon\u00e7ons la suspension du mot d\u2019ordre de gr\u00e8ve, tout en restant vigilants et pr\u00eats \u00e0 poursuivre le combat si n\u00e9cessaire&nbsp;\u00bb, a-t-elle annonc\u00e9 dans un communiqu\u00e9 re\u00e7u \u00e0 l\u2019APS.<\/p>\n\n\n\n<p>\u00ab&nbsp;Nous notons avec satisfaction quelques progr\u00e8s sur nos diff\u00e9rents points de revendications, \u00e0 savoir une acc\u00e9l\u00e9ration dans la construction de la zone de production du restaurant de Diabir, une reprise timide mais effective des travaux des chantiers PGF-SUP avec la r\u00e9ception de deux postes de transformateurs \u00e9lectriques pour le pavillon et le PGFSUP, la fermeture du pavillon E en \u00e9tat de d\u00e9labrement&nbsp;\u00bb, a salu\u00e9 la CE-UASZ.<\/p>\n\n\n\n<p>Elle salue \u00e9galement, \u00ab&nbsp;l\u2019augmentation du nombre de lits superpos\u00e9s dans les pavillons pour combler le d\u00e9ficit, la r\u00e9fection d\u2019une bonne partie des infrastructures p\u00e9dagogiques existantes avec l\u2019installation d\u2019\u00e9quipements et la r\u00e9ception d\u00e9finitive du service m\u00e9dical en attendant l\u2019installation de l\u2019\u00e9quipement&nbsp;\u00bb.<\/p>\n\n\n\n<p>\u00ab&nbsp;La coordination des \u00e9tudiants de l\u2019UASZ reconna\u00eet les progr\u00e8s r\u00e9alis\u00e9s, qui r\u00e9pondent \u00e0 50 % des attentes des \u00e9tudiants, et appelle \u00e0 leur poursuite pour atteindre une satisfaction compl\u00e8te&nbsp;\u00bb, ajoute le communiqu\u00e9.<\/p>\n\n\n\n<p>Toutefois, pr\u00e9cise le texte, \u00ab&nbsp;la Coordination rejette fermement l\u2019imposition des sessions uniques, estimant qu\u2019elles nuisent \u00e0 la r\u00e9ussite des \u00e9tudiants&nbsp;\u00bb.<\/p>\n\n\n\n<p>\u00ab&nbsp;Nous r\u00e9it\u00e9rons notre demande pour le retour \u00e0 deux sessions normales avec deux rattrapages, une mesure cruciale pour garantir une \u00e9valuation acad\u00e9mique juste et efficace&nbsp;\u00bb, a plaid\u00e9 la CE-UASZ.<\/p>\n\n\n\n<p><strong>Rejet des sessions uniques<\/strong><\/p>\n\n\n\n<p>Elle signale que par rapport aux revendications pr\u00e9cit\u00e9es, \u00ab&nbsp;des d\u00e9marches ont \u00e9t\u00e9 entreprises par une \u00e9quipe de m\u00e9diateurs pour trouver une solution, et des propositions concr\u00e8tes ont \u00e9t\u00e9 soumises, nourrissant l\u2019espoir de r\u00e9sultats positifs&nbsp;\u00bb.<\/p>\n\n\n\n<p>La CE-UASZ a salu\u00e9 dans le m\u00eame texte, \u00ab&nbsp;les engagements du pr\u00e9sident de la R\u00e9publique et du premier ministre, notamment la livraison des infrastructures universitaires, le financement de la recherche \u00e0 hauteur de 1,5 % du PIB d\u2019ici \u00e0 2030, et la transformation syst\u00e9mique de l\u2019enseignement sup\u00e9rieur&nbsp;\u00bb.<\/p>\n\n\n\n<p>Elle appelle les \u00e9tudiants \u00e0 rester \u00ab&nbsp;solidaires et mobilis\u00e9s, rappelant que leur unit\u00e9 est essentielle pour relever ces d\u00e9fis&nbsp;\u00bb.<\/p>\n\n\n\n<p>Les \u00e9tudiants de l\u2019Universit\u00e9 Assane Seck de Ziguinchor avaient d\u00e9cr\u00e9t\u00e9 le 22 novembre dernier une gr\u00e8ve illimit\u00e9e pour r\u00e9clamer l\u2019ach\u00e8vement des chantiers de douze amphith\u00e9\u00e2tres engag\u00e9s depuis 2015, la r\u00e9ception d\u2019un pavillon de 1000 lits et d\u2019un restaurant \u00ab&nbsp;digne de ce nom&nbsp;\u00bb.<\/p>\n\n\n\n<p>Ils avaient \u00e9galement organis\u00e9 des manifestations dans l\u2019espace universitaire et sur la route principale y menant pour r\u00e9clamer de meilleures conditions d\u2019\u00e9tudes. Ces manifestations ont d\u00e9bouch\u00e9 sur des \u00e9chauffour\u00e9es avec les forces de l\u2019ordre.<\/p>\n\n\n\n<p>Trois v\u00e9hicules du rectorat ont \u00e9t\u00e9 incendi\u00e9s et des \u00e9tudiants bless\u00e9s, avait constat\u00e9 le correspondant de l\u2019APS.<\/p>\n\n\n\n<p>En cons\u00e9quence, le conseil acad\u00e9mique de l\u2019universit\u00e9 Assane Seck de Ziguinchor avait pris la d\u00e9cision de fermer, \u00ab&nbsp;jusqu\u2019\u00e0 nouvel ordre&nbsp;\u00bb, le campus p\u00e9dagogique, pr\u00e9cisant que la mesure ne concernait pas le centre universitaire de Kolda et l\u2019UFR 2S, qui continuent leurs enseignements, en privil\u00e9giant les cours en ligne.<\/p>\n\n\n\n<p>Le conseil acad\u00e9mique de cette universit\u00e9 du sud du S\u00e9n\u00e9gal, pr\u00e9sid\u00e9 par le recteur Alassane Di\u00e9dhiou, avait \u00e9galement d\u00e9cid\u00e9 de la dissolution des amicales d\u2019\u00e9tudiants, de la suspension de leurs activit\u00e9s de renouvellement et de la dissolution de la coordination des \u00e9tudiants.<\/p>\n\n\n\n<p>Le 12 d\u00e9cembre dernier, ce m\u00eame conseil acad\u00e9mique avait d\u00e9cid\u00e9 de la reprise des enseignements pour le lundi 6 janvier 2025 \u00e0 l\u2019universit\u00e9 Assane-Seck de Ziguinchor.<\/p>\n\n\n\n<p>Il avait aussi pris la d\u00e9cision d\u2019organiser une session unique pour l\u2019ann\u00e9e universitaire 2023-2024, notamment pour les UFR LASHUS, SES et ST.<\/p>\n\n\n\n<p>Parmi les d\u00e9cisions prises \u00e0 l\u2019issue de sa derni\u00e8re r\u00e9union, figurait \u00e9galement l\u2019invalidation du second semestre 2023-2024, \u00ab&nbsp;si les \u00e9tudiants ne reprennent pas les cours jusqu\u2019au lundi 13 janvier 2025&nbsp;\u00bb.<\/p>\n\n\n\n<p>MNF\/MTN\/ASG<\/p>\n","protected":false},"excerpt":{"rendered":"<p>Ziguinchor, (APS) \u2013 La Coordination des \u00e9tudiants de l\u2019Universit\u00e9 Assane Seck de Ziguinchor (CE-UASZ, sud), a annonc\u00e9, jeudi, la suspension<\/p>\n","protected":false},"author":1,"featured_media":35335,"comment_status":"open","ping_status":"open","sticky":false,"template":"","format":"standard","meta":{"footnotes":""},"categories":[26],"tags":[],"class_list":["post-49751","post","type-post","status-publish","format-standard","has-post-thumbnail","hentry","category-fait-divers"],"_links":{"self":[{"href":"https:\/\/dekkbi.com\/index.php?rest_route=\/wp\/v2\/posts\/49751","targetHints":{"allow":["GET"]}}],"collection":[{"href":"https:\/\/dekkbi.com\/index.php?rest_route=\/wp\/v2\/posts"}],"about":[{"href":"https:\/\/dekkbi.com\/index.php?rest_route=\/wp\/v2\/types\/post"}],"author":[{"embeddable":true,"href":"https:\/\/dekkbi.com\/index.php?rest_route=\/wp\/v2\/users\/1"}],"replies":[{"embeddable":true,"href":"https:\/\/dekkbi.com\/index.php?rest_route=%2Fwp%2Fv2%2Fcomments&post=49751"}],"version-history":[{"count":1,"href":"https:\/\/dekkbi.com\/index.php?rest_route=\/wp\/v2\/posts\/49751\/revisions"}],"predecessor-version":[{"id":49752,"href":"https:\/\/dekkbi.com\/index.php?rest_route=\/wp\/v2\/posts\/49751\/revisions\/49752"}],"wp:featuredmedia":[{"embeddable":true,"href":"https:\/\/dekkbi.com\/index.php?rest_route=\/wp\/v2\/media\/35335"}],"wp:attachment":[{"href":"https:\/\/dekkbi.com\/index.php?rest_route=%2Fwp%2Fv2%2Fmedia&parent=49751"}],"wp:term":[{"taxonomy":"category","embeddable":true,"href":"https:\/\/dekkbi.com\/index.php?rest_route=%2Fwp%2Fv2%2Fcategories&post=49751"},{"taxonomy":"post_tag","embeddable":true,"href":"https:\/\/dekkbi.com\/index.php?rest_route=%2Fwp%2Fv2%2Ftags&post=49751"}],"curies":[{"name":"wp","href":"https:\/\/api.w.org\/{rel}","templated":true}]}}