{"id":49653,"date":"2025-01-02T08:42:10","date_gmt":"2025-01-02T08:42:10","guid":{"rendered":"https:\/\/dekkbi.com\/?p=49653"},"modified":"2025-01-02T08:42:11","modified_gmt":"2025-01-02T08:42:11","slug":"karim-wade-le-pds-et-les-regrets-je-comprends-la-frustration-mais-la-priorite-est-de-rassembler-toutes-les-forces-liberales-depasser-nos-divisions-et-travailler-ensemble-au-service-d","status":"publish","type":"post","link":"https:\/\/dekkbi.com\/?p=49653","title":{"rendered":"Karim Wade, le Pds et les regrets : \u00ab Je comprends la frustration, mais la priorit\u00e9 est de rassembler toutes les forces lib\u00e9rales, d\u00e9passer nos divisions et travailler ensemble au service d\u2019un projet commun \u00bb"},"content":{"rendered":"\n<p>En marge de la nouvelle ann\u00e9e 2025, Karim Wade a adress\u00e9 un message au peuple s\u00e9n\u00e9galais et particuli\u00e8rement, \u00e0 son parti qui vit des moments incertains. En effet, la pr\u00e9sidentielle et les \u00e9lections l\u00e9gislatives anticip\u00e9es n\u2019ont pas profit\u00e9 au parti lib\u00e9ral qui a \u00e9t\u00e9 victime de scission, de dissidences ces derni\u00e8res ann\u00e9es. \u00ab Le PDS a constamment affich\u00e9 une r\u00e9silience admirable. Loin de nous abattre, cette \u00e9preuve doit nous pousser \u00e0 nous remettre en cause, \u00e0 nous rassembler, \u00e0 \u00e9largir nos bases pour reconstruire le PDS avec une \u00e9nergie renouvel\u00e9e. L\u2019ann\u00e9e qui s\u2019ach\u00e8ve a \u00e9t\u00e9 particuli\u00e8rement \u00e9prouvante pour notre parti. Les \u00e9lections l\u00e9gislatives anticip\u00e9es du 17 novembre, bien en de\u00e7\u00e0 de nos attentes, ont laiss\u00e9 un sentiment de frustration et de d\u00e9sarroi chez beaucoup d\u2019entre vous. Je comprends votre frustration, mais, \u00e0 l&rsquo;image de son pass\u00e9 glorieux, notre grand parti saura surmonter cette \u00e9preuve. Faut-il rappeler que j\u2019ai moi-m\u00eame subi durant de longues ann\u00e9es les foudres du r\u00e9gime pr\u00e9c\u00e9dent \u00bb, a confie Wade-fils dans son message dans lequel il profite pour adresser ses meilleurs v\u0153ux aux s\u00e9n\u00e9galais.&nbsp;<\/p>\n\n\n\n<p>Karim Wade estime que le Parti D\u00e9mocratique S\u00e9n\u00e9galais, sous \u00ab la conduite visionnaire du Pr\u00e9sident Abdoulaye Wade, a toujours \u00e9t\u00e9 un symbole de r\u00e9silience et de progr\u00e8s \u00bb.<\/p>\n\n\n\n<p>Le candidat recal\u00e9 lors de la derni\u00e8re pr\u00e9sidentielle ajoute que le parti a la vocation d\u2019\u00eatre \u00e0 nouveau la force politique centrale de notre pays. \u00ab J\u2019y prendrai ma part pour qu\u2019il redevienne un parti fort, uni, et pr\u00eat \u00e0 assumer pleinement les responsabilit\u00e9s du pays. Notre priorit\u00e9 est de rassembler toutes les forces lib\u00e9rales. J\u2019invite toutes celles et tous ceux qui, se sont \u00e9loign\u00e9s du parti \u00e0 y reprendre leur place. Nous devons d\u00e9passer nos divisions et travailler ensemble au service d\u2019un projet commun \u00bb, a t-il servi.<\/p>\n\n\n\n<p>SOURCE DAKARACTU<\/p>\n","protected":false},"excerpt":{"rendered":"<p>En marge de la nouvelle ann\u00e9e 2025, Karim Wade a adress\u00e9 un message au peuple s\u00e9n\u00e9galais et particuli\u00e8rement, \u00e0 son<\/p>\n","protected":false},"author":1,"featured_media":49654,"comment_status":"open","ping_status":"open","sticky":false,"template":"","format":"standard","meta":{"footnotes":""},"categories":[6],"tags":[],"class_list":["post-49653","post","type-post","status-publish","format-standard","has-post-thumbnail","hentry","category-politics"],"_links":{"self":[{"href":"https:\/\/dekkbi.com\/index.php?rest_route=\/wp\/v2\/posts\/49653","targetHints":{"allow":["GET"]}}],"collection":[{"href":"https:\/\/dekkbi.com\/index.php?rest_route=\/wp\/v2\/posts"}],"about":[{"href":"https:\/\/dekkbi.com\/index.php?rest_route=\/wp\/v2\/types\/post"}],"author":[{"embeddable":true,"href":"https:\/\/dekkbi.com\/index.php?rest_route=\/wp\/v2\/users\/1"}],"replies":[{"embeddable":true,"href":"https:\/\/dekkbi.com\/index.php?rest_route=%2Fwp%2Fv2%2Fcomments&post=49653"}],"version-history":[{"count":1,"href":"https:\/\/dekkbi.com\/index.php?rest_route=\/wp\/v2\/posts\/49653\/revisions"}],"predecessor-version":[{"id":49655,"href":"https:\/\/dekkbi.com\/index.php?rest_route=\/wp\/v2\/posts\/49653\/revisions\/49655"}],"wp:featuredmedia":[{"embeddable":true,"href":"https:\/\/dekkbi.com\/index.php?rest_route=\/wp\/v2\/media\/49654"}],"wp:attachment":[{"href":"https:\/\/dekkbi.com\/index.php?rest_route=%2Fwp%2Fv2%2Fmedia&parent=49653"}],"wp:term":[{"taxonomy":"category","embeddable":true,"href":"https:\/\/dekkbi.com\/index.php?rest_route=%2Fwp%2Fv2%2Fcategories&post=49653"},{"taxonomy":"post_tag","embeddable":true,"href":"https:\/\/dekkbi.com\/index.php?rest_route=%2Fwp%2Fv2%2Ftags&post=49653"}],"curies":[{"name":"wp","href":"https:\/\/api.w.org\/{rel}","templated":true}]}}