{"id":49615,"date":"2024-12-31T11:50:02","date_gmt":"2024-12-31T11:50:02","guid":{"rendered":"https:\/\/dekkbi.com\/?p=49615"},"modified":"2024-12-31T11:50:03","modified_gmt":"2024-12-31T11:50:03","slug":"drame-a-seville-mamouth-bakhoum-un-senegalais-victime-dun-systeme-qui-etouffe-une-tragedie-de-trop","status":"publish","type":"post","link":"https:\/\/dekkbi.com\/?p=49615","title":{"rendered":"Drame \u00e0 S\u00e9ville : Mamouth Bakhoum, un S\u00e9n\u00e9galais victime d\u2019un syst\u00e8me qui \u00e9touffe, une trag\u00e9die de trop !"},"content":{"rendered":"\n<h3 class=\"wp-block-heading\">Le 29 d\u00e9cembre 2024, S\u00e9ville a \u00e9t\u00e9 le th\u00e9\u00e2tre d\u2019un drame humain bouleversant, qui interroge profond\u00e9ment les consciences. Mamouth Bakhoum, un jeune S\u00e9n\u00e9galais d\u2019une quarantaine d&rsquo;ann\u00e9es, travaillant comme vendeur \u00e0 la sauvette, a perdu la vie dans des circonstances tragiques. Selon les t\u00e9moignages, il se serait jet\u00e9 dans le fleuve Guadalquivir, pour \u00e9chapper \u00e0 une poursuite polici\u00e8re, un geste d\u00e9sesp\u00e9r\u00e9 qui a co\u00fbt\u00e9 sa vie.<\/h3>\n\n\n\n<p>Cet \u00e9v\u00e9nement tragique souligne la d\u00e9tresse de ceux qui, comme Mamouth, sont contraints de vivre de m\u00e9tiers informels pour survivre, souvent dans la marginalit\u00e9. Loin d&rsquo;\u00eatre un simple vendeur anonyme, Mamouth Bakhoum \u00e9tait un homme jeune, porteur d\u2019espoir, pris au pi\u00e8ge d\u2019une r\u00e9alit\u00e9 sociale implacable, qui criminalise et marginalise les plus vuln\u00e9rables.<\/p>\n\n\n\n<p>Le drame soul\u00e8ve des interrogations l\u00e9gitimes sur les m\u00e9thodes employ\u00e9es par les forces de l\u2019ordre. Comment une op\u00e9ration visant un vendeur ambulant a-t-elle pu mener \u00e0 une issue aussi fatale ? C\u2019est trop l\u00e9ger !<\/p>\n\n\n\n<p>La question des pratiques polici\u00e8res vis-\u00e0-vis des populations fragilis\u00e9es, devient donc centrale et m\u00e9rite une r\u00e9flexion approfondie. Cette trag\u00e9die suscite une vive \u00e9motion au sein de la communaut\u00e9 s\u00e9n\u00e9galaise, qui, en plus de son indignation, appelle avec insistance \u00e0 la justice et \u00e0 la responsabilit\u00e9. Elle exige des autorit\u00e9s espagnoles, une enqu\u00eate approfondie, transparente et impartiale, afin d\u2019\u00e9lucider les circonstances de cet incident, d&rsquo;identifier les \u00e9ventuelles d\u00e9faillances et de punir les responsables \u00e0 la hauteur de l\u2019acte commis. La justice ne doit pas rester muette face \u00e0 un tel drame.<\/p>\n\n\n\n<p>A cet \u00e9gard, le r\u00f4le des autorit\u00e9s s\u00e9n\u00e9galaises est tout aussi attendu. Il leur revient de se porter au secours de leurs ressortissants et de revendiquer des r\u00e9ponses avec rigueur. Leur responsabilit\u00e9 est d&rsquo;assurer que de tels drames ne se reproduisent plus et de veiller \u00e1 ce que la dignit\u00e9 humaine soit respect\u00e9e, comme l&rsquo;exige le triptyque Jub- jubal -jubanti, symbole d&rsquo;une obligation Morale et Politique de l\u2019\u00c9tat.<\/p>\n\n\n\n<p>Malgr\u00e9 les engagements pris dans le pass\u00e9 pour pr\u00e9venir de telles trag\u00e9dies, l&rsquo;histoire semble se r\u00e9p\u00e9ter. Apr\u00e8s le d\u00e9c\u00e8s de Moustapha Mbengue, survenu dans des circonstances similaires, c&rsquo;est d\u00e9sormais Mamouth qui perd la vie dans des conditions quasi identiques. Aucune mesure concr\u00e8te n&rsquo;a \u00e9t\u00e9 prise pour \u00e9viter la r\u00e9p\u00e9tition de ces drames. Ces trag\u00e9dies, rest\u00e9es sans suite, appellent \u00e0 une prise de conscience urgente et la r\u00e9action imm\u00e9diate des autorit\u00e9s s\u00e9n\u00e9galaises s&rsquo;impose.<\/p>\n\n\n\n<p>Ce d\u00e9c\u00e8s tragique d\u00e9passe le cas individuel de Mamouth Bakhoum. Il s\u2019inscrit dans une probl\u00e9matique plus large, celle des politiques migratoires et sociales qui peinent \u00e0 offrir des solutions respectueuses de la dignit\u00e9 humaine. Ce drame soul\u00e8ve des questions sur l\u2019avenir des milliers de personnes vuln\u00e9rables qui, \u00e0 travers le monde, se battent pour survivre dans des conditions extr\u00eames, souvent sous l&rsquo;indiff\u00e9rence des politiques publiques. C\u2019est injuste !<\/p>\n\n\n\n<p><strong>Momar Dieng Diop \/Espagne<\/strong><\/p>\n","protected":false},"excerpt":{"rendered":"<p>Le 29 d\u00e9cembre 2024, S\u00e9ville a \u00e9t\u00e9 le th\u00e9\u00e2tre d\u2019un drame humain bouleversant, qui interroge profond\u00e9ment les consciences. Mamouth Bakhoum,<\/p>\n","protected":false},"author":1,"featured_media":46150,"comment_status":"open","ping_status":"open","sticky":false,"template":"","format":"standard","meta":{"footnotes":""},"categories":[26],"tags":[],"class_list":["post-49615","post","type-post","status-publish","format-standard","has-post-thumbnail","hentry","category-fait-divers"],"_links":{"self":[{"href":"https:\/\/dekkbi.com\/index.php?rest_route=\/wp\/v2\/posts\/49615","targetHints":{"allow":["GET"]}}],"collection":[{"href":"https:\/\/dekkbi.com\/index.php?rest_route=\/wp\/v2\/posts"}],"about":[{"href":"https:\/\/dekkbi.com\/index.php?rest_route=\/wp\/v2\/types\/post"}],"author":[{"embeddable":true,"href":"https:\/\/dekkbi.com\/index.php?rest_route=\/wp\/v2\/users\/1"}],"replies":[{"embeddable":true,"href":"https:\/\/dekkbi.com\/index.php?rest_route=%2Fwp%2Fv2%2Fcomments&post=49615"}],"version-history":[{"count":1,"href":"https:\/\/dekkbi.com\/index.php?rest_route=\/wp\/v2\/posts\/49615\/revisions"}],"predecessor-version":[{"id":49616,"href":"https:\/\/dekkbi.com\/index.php?rest_route=\/wp\/v2\/posts\/49615\/revisions\/49616"}],"wp:featuredmedia":[{"embeddable":true,"href":"https:\/\/dekkbi.com\/index.php?rest_route=\/wp\/v2\/media\/46150"}],"wp:attachment":[{"href":"https:\/\/dekkbi.com\/index.php?rest_route=%2Fwp%2Fv2%2Fmedia&parent=49615"}],"wp:term":[{"taxonomy":"category","embeddable":true,"href":"https:\/\/dekkbi.com\/index.php?rest_route=%2Fwp%2Fv2%2Fcategories&post=49615"},{"taxonomy":"post_tag","embeddable":true,"href":"https:\/\/dekkbi.com\/index.php?rest_route=%2Fwp%2Fv2%2Ftags&post=49615"}],"curies":[{"name":"wp","href":"https:\/\/api.w.org\/{rel}","templated":true}]}}